{"id":834,"count":1,"description":"","link":"https:\/\/www.diario5.com.ar\/es\/tag\/la-cancion-la-casa-desaparecida-de-fito-paez-esta-virtualmente-cancelada-en-los-medios-de-comunicacion\/","name":"La canci\u00f3n \"La Casa Desaparecida\" de Fito P\u00e1ez est\u00e1 virtualmente cancelada en los medios de comunicaci\u00f3n","slug":"la-cancion-la-casa-desaparecida-de-fito-paez-esta-virtualmente-cancelada-en-los-medios-de-comunicacion","taxonomy":"post_tag","meta":[],"_links":{"self":[{"href":"https:\/\/www.diario5.com.ar\/es\/wp-json\/wp\/v2\/tags\/834"}],"collection":[{"href":"https:\/\/www.diario5.com.ar\/es\/wp-json\/wp\/v2\/tags"}],"about":[{"href":"https:\/\/www.diario5.com.ar\/es\/wp-json\/wp\/v2\/taxonomies\/post_tag"}],"wp:post_type":[{"href":"https:\/\/www.diario5.com.ar\/es\/wp-json\/wp\/v2\/posts?tags=834"}],"curies":[{"name":"wp","href":"https:\/\/api.w.org\/{rel}","templated":true}]}}