{"id":9888,"date":"2016-11-30T11:30:58","date_gmt":"2016-11-30T14:30:58","guid":{"rendered":"http:\/\/diario5.com.ar\/?p=9888"},"modified":"2017-07-07T00:21:38","modified_gmt":"2017-07-07T03:21:38","slug":"la-filarmonica-cierra-el-ano-en-la-usina-del-arte","status":"publish","type":"post","link":"https:\/\/www.diario5.com.ar\/es\/la-filarmonica-cierra-el-ano-en-la-usina-del-arte\/","title":{"rendered":"La Filarm\u00f3nica cierra el a\u00f1o en la Usina del Arte"},"content":{"rendered":"<h2 class=\"sub-title-primary\"><\/h2> <figure id=\"attachment_9889\" aria-describedby=\"caption-attachment-9889\" style=\"width: 352px\" class=\"wp-caption alignright\"><img decoding=\"async\" loading=\"lazy\" class=\"wp-image-9889\" src=\"http:\/\/diario5.com.ar\/wp-content\/uploads\/2016\/11\/jorgelhez.jpg\" alt=\"Maestro Jorge Lhez\" width=\"352\" height=\"352\" srcset=\"https:\/\/www.diario5.com.ar\/wp-content\/uploads\/2016\/11\/jorgelhez.jpg 320w, https:\/\/www.diario5.com.ar\/wp-content\/uploads\/2016\/11\/jorgelhez-300x300.jpg 300w, https:\/\/www.diario5.com.ar\/wp-content\/uploads\/2016\/11\/jorgelhez-150x150.jpg 150w, https:\/\/www.diario5.com.ar\/wp-content\/uploads\/2016\/11\/jorgelhez-260x260.jpg 260w, https:\/\/www.diario5.com.ar\/wp-content\/uploads\/2016\/11\/jorgelhez-160x160.jpg 160w\" sizes=\"(max-width: 352px) 100vw, 352px\" \/><figcaption id=\"caption-attachment-9889\" class=\"wp-caption-text\">El Maestro Jorge Walter Lhez<\/figcaption><\/figure>\n<p>La <a href=\"http:\/\/www.usinadelarte.org\/agenda\/orquesta-filarmonica-buenos-aires-2\/\" target=\"_blank\">Usina del Arte<\/a>\u00a0ser\u00e1 el \u00e1mbito en el que ma\u00f1ana, <strong>jueves 1\u00b0<\/strong>\u00a0 a las 20.00, la <a href=\"http:\/\/www.teatrocolon.org.ar\/es\/content\/orquesta-filarm%C3%B3nica-de-buenos-aires\/\" target=\"_blank\">Orquesta Filarm\u00f3nica de Buenos Aires<\/a>\u00a0dar\u00e1 su \u00faltimo\u00a0concierto \u00a0de 2016. Ser\u00e1, como siempre, gratuito. <strong>Jorge Walter Lhez<\/strong>\u00a0estar\u00e1 al frente de los profesores y ser\u00e1 solista <strong>Hugo Schuler<\/strong>, al piano\u00a0.<\/p>\n<figure id=\"attachment_9890\" aria-describedby=\"caption-attachment-9890\" style=\"width: 352px\" class=\"wp-caption alignleft\"><img decoding=\"async\" loading=\"lazy\" class=\"wp-image-9890\" src=\"http:\/\/diario5.com.ar\/wp-content\/uploads\/2016\/11\/HugoSchuler1.jpg\" alt=\"El pianista Hugo Schuler\" width=\"352\" height=\"174\" srcset=\"https:\/\/www.diario5.com.ar\/wp-content\/uploads\/2016\/11\/HugoSchuler1.jpg 324w, https:\/\/www.diario5.com.ar\/wp-content\/uploads\/2016\/11\/HugoSchuler1-300x148.jpg 300w, https:\/\/www.diario5.com.ar\/wp-content\/uploads\/2016\/11\/HugoSchuler1-260x128.jpg 260w, https:\/\/www.diario5.com.ar\/wp-content\/uploads\/2016\/11\/HugoSchuler1-160x79.jpg 160w\" sizes=\"(max-width: 352px) 100vw, 352px\" \/><figcaption id=\"caption-attachment-9890\" class=\"wp-caption-text\">El pianista Hugo Schuler<\/figcaption><\/figure>\n<p>Romanticismo y post-romanticismo ser\u00e1n los g\u00e9neros que se expresar\u00e1n en esta fiesta de la m\u00fasica: La \u00abFila\u00bb tocar\u00e1\u00a0el <em>Concierto N\u00b0 1 para piano y orquesta en Mi bemol mayor, S. 124\u00a0<\/em>de <strong>Franz Liszt<\/strong> y la <em>Sinfon\u00eda N\u00b0 1 en Mi menor, Op. 39<\/em> de <strong>Jean Sibelius<\/strong>. El Teatro Col\u00f3n es sede para retirar dos localidades por persona, hoy, mi\u00e9rcoles 30 de noviembre, hasta las 20.00, siempre por el acceso de Tucum\u00e1n 1171. Habr\u00e1 entrega de accesos hasta agotar la capacidad de la Usina, donde se podr\u00e1n obtener los eventuales sobrantes a partir de\u00a0las 18.00. La Usina del Arte, el lugar del concierto, est\u00e1 en el barrio de La Boca: Agust\u00edn Caffarena 1, esq. Av. Don Pedro de Mendoza.<\/p>\n<figure id=\"attachment_9891\" aria-describedby=\"caption-attachment-9891\" style=\"width: 246px\" class=\"wp-caption alignright\"><img decoding=\"async\" loading=\"lazy\" class=\"wp-image-9891\" src=\"http:\/\/diario5.com.ar\/wp-content\/uploads\/2016\/11\/pp_garcia_caffi-1.jpg\" alt=\"Pedro Pablo Garc\u00eda Caffi, motorizador de la OFBA en los a\u00f1os 90.\" width=\"246\" height=\"221\" srcset=\"https:\/\/www.diario5.com.ar\/wp-content\/uploads\/2016\/11\/pp_garcia_caffi-1.jpg 290w, https:\/\/www.diario5.com.ar\/wp-content\/uploads\/2016\/11\/pp_garcia_caffi-1-260x234.jpg 260w, https:\/\/www.diario5.com.ar\/wp-content\/uploads\/2016\/11\/pp_garcia_caffi-1-160x144.jpg 160w\" sizes=\"(max-width: 246px) 100vw, 246px\" \/><figcaption id=\"caption-attachment-9891\" class=\"wp-caption-text\">Pedro Pablo Garc\u00eda Caffi, motorizador de la OFBA en los a\u00f1os 90.<\/figcaption><\/figure>\n<p>La web del Gobierno de la Ciudad de Buenos Aires, al anunciar este concierto, destaca en el anuncio del concierto, que la Orquesta Filarm\u00f3nica de Buenos Aires obtuvo <strong>dos Premios Konex de Platino\u00a0<\/strong>como la mejor orquesta argentina de las dos \u00faltimas d\u00e9cadas (cada rubro del Konex es decenal) en 1999 y en 2009. Estos dos premios consecutivos se consiguieron, como g\u00e9nesis invariable, por efecto del trabajo de direcci\u00f3n ejecutiva de Pedro Pablo Garc\u00eda Caffi -el mismo que luego ocup\u00f3 el cargo de director art\u00edstico del propio Teatro Col\u00f3n- quien se encarg\u00f3 de mantener para la orquesta el m\u00e1ximo nivel de instrumentistas, directores y una agenda permanente de conciertos, especialmente en el primer coliseo, durante su gesti\u00f3n entre 1992 y 1996.<\/p>\n<p>&nbsp;<\/p>","protected":false},"excerpt":{"rendered":"<p>La Usina del Arte\u00a0ser\u00e1 el \u00e1mbito en el que ma\u00f1ana, jueves 1\u00b0\u00a0 a las 20.00, la Orquesta Filarm\u00f3nica de Buenos Aires\u00a0dar\u00e1 su \u00faltimo\u00a0concierto \u00a0de 2016. Ser\u00e1, como siempre, gratuito. Jorge Walter Lhez\u00a0estar\u00e1 al frente de los profesores y ser\u00e1 solista Hugo Schuler, al piano\u00a0. Romanticismo y post-romanticismo ser\u00e1n los g\u00e9neros que se expresar\u00e1n en esta [&hellip;]<\/p>","protected":false},"author":1,"featured_media":9891,"comment_status":"open","ping_status":"open","sticky":false,"template":"","format":"standard","meta":[],"categories":[16],"tags":[],"series":[],"_links":{"self":[{"href":"https:\/\/www.diario5.com.ar\/es\/wp-json\/wp\/v2\/posts\/9888"}],"collection":[{"href":"https:\/\/www.diario5.com.ar\/es\/wp-json\/wp\/v2\/posts"}],"about":[{"href":"https:\/\/www.diario5.com.ar\/es\/wp-json\/wp\/v2\/types\/post"}],"author":[{"embeddable":true,"href":"https:\/\/www.diario5.com.ar\/es\/wp-json\/wp\/v2\/users\/1"}],"replies":[{"embeddable":true,"href":"https:\/\/www.diario5.com.ar\/es\/wp-json\/wp\/v2\/comments?post=9888"}],"version-history":[{"count":7,"href":"https:\/\/www.diario5.com.ar\/es\/wp-json\/wp\/v2\/posts\/9888\/revisions"}],"predecessor-version":[{"id":15619,"href":"https:\/\/www.diario5.com.ar\/es\/wp-json\/wp\/v2\/posts\/9888\/revisions\/15619"}],"wp:featuredmedia":[{"embeddable":true,"href":"https:\/\/www.diario5.com.ar\/es\/wp-json\/wp\/v2\/media\/9891"}],"wp:attachment":[{"href":"https:\/\/www.diario5.com.ar\/es\/wp-json\/wp\/v2\/media?parent=9888"}],"wp:term":[{"taxonomy":"category","embeddable":true,"href":"https:\/\/www.diario5.com.ar\/es\/wp-json\/wp\/v2\/categories?post=9888"},{"taxonomy":"post_tag","embeddable":true,"href":"https:\/\/www.diario5.com.ar\/es\/wp-json\/wp\/v2\/tags?post=9888"},{"taxonomy":"series","embeddable":true,"href":"https:\/\/www.diario5.com.ar\/es\/wp-json\/wp\/v2\/series?post=9888"}],"curies":[{"name":"wp","href":"https:\/\/api.w.org\/{rel}","templated":true}]}}