{"id":9570,"date":"2016-11-08T20:34:56","date_gmt":"2016-11-08T23:34:56","guid":{"rendered":"http:\/\/diario5.com.ar\/?p=9570"},"modified":"2016-11-08T20:49:22","modified_gmt":"2016-11-08T23:49:22","slug":"santilli-entrego-mas-de-mil-notebooks-para-docentes-de-jardin-por-el-plan-sarmiento","status":"publish","type":"post","link":"https:\/\/www.diario5.com.ar\/es\/santilli-entrego-mas-de-mil-notebooks-para-docentes-de-jardin-por-el-plan-sarmiento\/","title":{"rendered":"Santilli entreg\u00f3 m\u00e1s de mil notebooks para docentes de Jard\u00edn por el Plan Sarmiento"},"content":{"rendered":"<h2 class=\"sub-title-primary\"><\/h2> <figure id=\"attachment_9571\" aria-describedby=\"caption-attachment-9571\" style=\"width: 589px\" class=\"wp-caption alignleft\"><img decoding=\"async\" loading=\"lazy\" class=\"wp-image-9571\" src=\"http:\/\/diario5.com.ar\/wp-content\/uploads\/2016\/11\/santilli2-1024x641.jpg\" alt=\"santilli2\" width=\"589\" height=\"369\" srcset=\"https:\/\/www.diario5.com.ar\/wp-content\/uploads\/2016\/11\/santilli2-1024x641.jpg 1024w, https:\/\/www.diario5.com.ar\/wp-content\/uploads\/2016\/11\/santilli2-300x188.jpg 300w, https:\/\/www.diario5.com.ar\/wp-content\/uploads\/2016\/11\/santilli2-768x481.jpg 768w, https:\/\/www.diario5.com.ar\/wp-content\/uploads\/2016\/11\/santilli2-1536x961.jpg 1536w, https:\/\/www.diario5.com.ar\/wp-content\/uploads\/2016\/11\/santilli2-400x250.jpg 400w, https:\/\/www.diario5.com.ar\/wp-content\/uploads\/2016\/11\/santilli2-260x163.jpg 260w, https:\/\/www.diario5.com.ar\/wp-content\/uploads\/2016\/11\/santilli2-160x100.jpg 160w, https:\/\/www.diario5.com.ar\/wp-content\/uploads\/2016\/11\/santilli2.jpg 1572w\" sizes=\"(max-width: 589px) 100vw, 589px\" \/><figcaption id=\"caption-attachment-9571\" class=\"wp-caption-text\">Habr\u00e1, en total, 5.000 notebooks para docentes de Jard\u00edn de Infantes<\/figcaption><\/figure>\n<p>Maestras y maestros del nivel inicial recibieron de manos del vicejefe de Gobierno porte\u00f1o, Diego Santilli y de la ministra de Educaci\u00f3n, Soledad Acu\u00f1a, unas 1.100 m\u00e1quinas port\u00e1tiles para la operatividad educativa por parte de los docentes porte\u00f1os que, hoy por hoy, conforman una generaci\u00f3n de recambio en cuanto a la metodolog\u00eda.<\/p>\n<p>En el acto de entrega, Santilli precis\u00f3 que la Educaci\u00f3n es el \u00ab\u00fanico nivel igualador de la sociedad\u00bb y \u201cel pilar central del desarrollo de un pa\u00eds\u201d, por lo que se manisfesto \u00abcontento\u00bb con la entrega a los docentes de estas computadoras a las que calific\u00f3 de \u00abherramienta importante\u00bb.<\/p>\n<p>El jefe de Gobierno, Horacio Rodr\u00edguez Larreta, ya hab\u00eda manifestado, con anterioridad, que el cumplimiento del Plan Sarmiento es uno de los objetivos centrales de su gobierno. Lo que se pretende es alcanzar la entrega de una m\u00e1quna por docente de Nivel Inicial en el \u00e1rea de la Ciudad de Buenos Aires, lo que implicar\u00e1 una 5.000 notebooks para estos profesionales, en su mayor\u00eda, maestras jardineras. Las etapas siguientes se cumplir\u00e1n en los pr\u00f3ximos d\u00edas, para no desatender a ning\u00fan grupo de docentes con esperas tediosas.<\/p>\n<p>El Plan Sarmiento, (Plan S@rmiento BA tal como lo nomina el GCBA) apunta a promover la innovaci\u00f3n pedag\u00f3gica y el desarrollo de recursos m\u00faltiples para avanzar en las metodolog\u00eda para la educaci\u00f3n del siglo XXI, que deben estar acordes con las medidas culturales actuales, las futuras y la mec\u00e1nica de comunicaci\u00f3n que nos rige.<\/p>\n<p>La ministra Acu\u00f1a se encarg\u00f3 de explicar que los maestros que recibir\u00e1n sus m\u00e1quinas en los pr\u00f3ximos d\u00edas, ser\u00e1n unos 1.500. A su vez, remarc\u00f3 la facilidad del procedimiento: \u201cpresentan su documentaci\u00f3n, reciben la computadora y, adem\u00e1s, pueden acceder a distintos cursos para saber c\u00f3mo volcar los conocimientos de tecnolog\u00eda dentro del aula\u201d.<\/p>","protected":false},"excerpt":{"rendered":"<p>Maestras y maestros del nivel inicial recibieron de manos del vicejefe de Gobierno porte\u00f1o, Diego Santilli y de la ministra de Educaci\u00f3n, Soledad Acu\u00f1a, unas 1.100 m\u00e1quinas port\u00e1tiles para la operatividad educativa por parte de los docentes porte\u00f1os que, hoy por hoy, conforman una generaci\u00f3n de recambio en cuanto a la metodolog\u00eda. En el acto [&hellip;]<\/p>","protected":false},"author":1,"featured_media":9571,"comment_status":"open","ping_status":"open","sticky":false,"template":"","format":"standard","meta":[],"categories":[26],"tags":[27],"series":[],"_links":{"self":[{"href":"https:\/\/www.diario5.com.ar\/es\/wp-json\/wp\/v2\/posts\/9570"}],"collection":[{"href":"https:\/\/www.diario5.com.ar\/es\/wp-json\/wp\/v2\/posts"}],"about":[{"href":"https:\/\/www.diario5.com.ar\/es\/wp-json\/wp\/v2\/types\/post"}],"author":[{"embeddable":true,"href":"https:\/\/www.diario5.com.ar\/es\/wp-json\/wp\/v2\/users\/1"}],"replies":[{"embeddable":true,"href":"https:\/\/www.diario5.com.ar\/es\/wp-json\/wp\/v2\/comments?post=9570"}],"version-history":[{"count":4,"href":"https:\/\/www.diario5.com.ar\/es\/wp-json\/wp\/v2\/posts\/9570\/revisions"}],"predecessor-version":[{"id":9575,"href":"https:\/\/www.diario5.com.ar\/es\/wp-json\/wp\/v2\/posts\/9570\/revisions\/9575"}],"wp:featuredmedia":[{"embeddable":true,"href":"https:\/\/www.diario5.com.ar\/es\/wp-json\/wp\/v2\/media\/9571"}],"wp:attachment":[{"href":"https:\/\/www.diario5.com.ar\/es\/wp-json\/wp\/v2\/media?parent=9570"}],"wp:term":[{"taxonomy":"category","embeddable":true,"href":"https:\/\/www.diario5.com.ar\/es\/wp-json\/wp\/v2\/categories?post=9570"},{"taxonomy":"post_tag","embeddable":true,"href":"https:\/\/www.diario5.com.ar\/es\/wp-json\/wp\/v2\/tags?post=9570"},{"taxonomy":"series","embeddable":true,"href":"https:\/\/www.diario5.com.ar\/es\/wp-json\/wp\/v2\/series?post=9570"}],"curies":[{"name":"wp","href":"https:\/\/api.w.org\/{rel}","templated":true}]}}