{"id":9212,"date":"2016-10-09T21:12:19","date_gmt":"2016-10-10T00:12:19","guid":{"rendered":"http:\/\/diario5.com.ar\/?p=9212"},"modified":"2016-10-09T22:28:40","modified_gmt":"2016-10-10T01:28:40","slug":"presentan-a-la-nueva-policia-de-la-ciudad","status":"publish","type":"post","link":"https:\/\/www.diario5.com.ar\/es\/presentan-a-la-nueva-policia-de-la-ciudad\/","title":{"rendered":"Presentan a la nueva Polic\u00eda de la\u00a0Ciudad"},"content":{"rendered":"<h2 class=\"sub-title-primary\"><\/h2> <figure id=\"attachment_9213\" aria-describedby=\"caption-attachment-9213\" style=\"width: 421px\" class=\"wp-caption alignleft\"><img decoding=\"async\" loading=\"lazy\" class=\"wp-image-9213\" src=\"http:\/\/diario5.com.ar\/wp-content\/uploads\/2016\/10\/policia01-1024x721.jpg\" alt=\"Rodr\u00edguez Larreta saluda a miembros de la nueva polic\u00eda.\" width=\"421\" height=\"296\" \/><figcaption id=\"caption-attachment-9213\" class=\"wp-caption-text\">Rodr\u00edguez Larreta, Miguel y Santilli saludan a miembros de la nueva polic\u00eda.<\/figcaption><\/figure>\n<p>La fusi\u00f3n de la Polic\u00eda Metropolitana y la Federal pasa a ser una realidad luego de varios a\u00f1os de idas y vueltas institucionales, dichos y desdichos pol\u00edticos y mucho misterio acerca de la efectividad operativa que pueda obtenerse con la amalgama de fuerzas del orden. Horacio Rodr\u00edguez Larreta, Diego Santilli, Martin Ocampo \u00a0-jefe de Gobierno, vicejefe y Ministro de Seguridad de la ciudad respectivamente, presentaron la Polic\u00eda de la Ciudad, creada a partir de una arriesgada operaci\u00f3n de cambio de autoridades sobre 25.000 efectivos, n\u00famero con el que comenzar\u00e1 a funcionar la nueva Polic\u00eda de la Ciudad. El jefe de Gabinete porte\u00f1o Felipe Miguel y el secretario de seguridad Marcelo D\u00b4Alessandro tambi\u00e9n participaron del acto.<\/p>\n<p>En el Instituto Superior de Seguridad P\u00fablica, Horacio Rodr\u00edguez Larreta, conocedor de la r\u00e1pida sospecha que podr\u00eda surgir en diversos sectores de observaci\u00f3n pol\u00edtica se zambull\u00f3 en el concepto \u00a0\u00abtolerancia cero para la corrupci\u00f3n\u201d. Le remarc\u00f3 a los funcionarios presentes que se va a trabajar para que los agentes cuenten con las herramientas y la capacitaci\u00f3n que necesitan, en pos del trabajo eficiente y eficaz.<\/p>\n<figure id=\"attachment_9214\" aria-describedby=\"caption-attachment-9214\" style=\"width: 483px\" class=\"wp-caption alignright\"><img decoding=\"async\" loading=\"lazy\" class=\"wp-image-9214\" src=\"http:\/\/diario5.com.ar\/wp-content\/uploads\/2016\/10\/policia02.jpg\" alt=\"La Polic\u00eda de la Ciudad ya tiene sus patrulleros\" width=\"483\" height=\"272\" srcset=\"https:\/\/www.diario5.com.ar\/wp-content\/uploads\/2016\/10\/policia02.jpg 640w, https:\/\/www.diario5.com.ar\/wp-content\/uploads\/2016\/10\/policia02-300x169.jpg 300w, https:\/\/www.diario5.com.ar\/wp-content\/uploads\/2016\/10\/policia02-400x225.jpg 400w, https:\/\/www.diario5.com.ar\/wp-content\/uploads\/2016\/10\/policia02-260x146.jpg 260w, https:\/\/www.diario5.com.ar\/wp-content\/uploads\/2016\/10\/policia02-160x90.jpg 160w\" sizes=\"(max-width: 483px) 100vw, 483px\" \/><figcaption id=\"caption-attachment-9214\" class=\"wp-caption-text\">Citro\u00ebn C4 Lounge. La Polic\u00eda de la Ciudad ya tiene sus patrulleros. Tambi\u00e9n habr\u00e1 unidades Peugeot 408<\/figcaption><\/figure>\n<p>Esta semana se presentar\u00e1 ante la Legislatura Porte\u00f1a el proyecto de Ley Integral de Seguridad P\u00fablica, por la cual el personal de transito, los guardianes de plazas y el personal de seguridad privada de sumar\u00e1n a la Polic\u00eda en un ambicioso aparejo de trabajo en pos de la prevenci\u00f3n y el consecuente combate contra delitos m\u00faltiples. Se prev\u00e9 que entre los instrumentos que ser\u00e1n utilizados en este programa de interacci\u00f3n de organizaciones de seguridad se destaca el <em>Sendero Seguro<\/em>, cuya aplicaci\u00f3n tom\u00f3 notoriedad en 2011 cuando uno de estos trazados creados para que el recorrido de personas en determinadas calles no sufra sobresaltos, se estableci\u00f3 en el barrio de Pompeya para cuidar a mil alumnos de escuelas de la zona.<\/p>\n<figure id=\"attachment_9219\" aria-describedby=\"caption-attachment-9219\" style=\"width: 326px\" class=\"wp-caption alignleft\"><img decoding=\"async\" loading=\"lazy\" class=\"wp-image-9219\" src=\"http:\/\/diario5.com.ar\/wp-content\/uploads\/2016\/10\/policia03.jpg\" alt=\"Piaggio Mp3 de Motomel para la Polic\u00eda de la Ciudad\" width=\"326\" height=\"180\" srcset=\"https:\/\/www.diario5.com.ar\/wp-content\/uploads\/2016\/10\/policia03.jpg 654w, https:\/\/www.diario5.com.ar\/wp-content\/uploads\/2016\/10\/policia03-300x166.jpg 300w, https:\/\/www.diario5.com.ar\/wp-content\/uploads\/2016\/10\/policia03-400x221.jpg 400w, https:\/\/www.diario5.com.ar\/wp-content\/uploads\/2016\/10\/policia03-260x144.jpg 260w, https:\/\/www.diario5.com.ar\/wp-content\/uploads\/2016\/10\/policia03-160x89.jpg 160w\" sizes=\"(max-width: 326px) 100vw, 326px\" \/><figcaption id=\"caption-attachment-9219\" class=\"wp-caption-text\">Piaggio Mp3 de Motomel para la Polic\u00eda de la Ciudad<\/figcaption><\/figure>\n<p>&nbsp;<\/p>\n<p>El Jefe de Gobierno se muestra convencido tanto de que Buenos Aires est\u00e1 atravesando una \u201ctransformaci\u00f3n \u00a0hist\u00f3rica\u201d y que, ante la preocupaci\u00f3n de la gente por la seguridad \u2013\u201ces una demanda\u201d, remarc\u00f3-como de dar los pasos correctos para trabajar para que la gente est\u00e9 m\u00e1s segura y tranquila.<\/p>\n<p>Seg\u00fan Ocampo, la ley apunta a sostenerse sobre cuatro pilares: la funci\u00f3n policial, la transparencia. (habr\u00e1 una oficina de auditor\u00eda externa manejada por civiles), la potenciaci\u00f3n de la participaci\u00f3n ciudadana y \u00a0la capacitaci\u00f3n de los polic\u00edas.<\/p>","protected":false},"excerpt":{"rendered":"<p>La fusi\u00f3n de la Polic\u00eda Metropolitana y la Federal pasa a ser una realidad luego de varios a\u00f1os de idas y vueltas institucionales, dichos y desdichos pol\u00edticos y mucho misterio acerca de la efectividad operativa que pueda obtenerse con la amalgama de fuerzas del orden. Horacio Rodr\u00edguez Larreta, Diego Santilli, Martin Ocampo \u00a0-jefe de Gobierno, [&hellip;]<\/p>","protected":false},"author":1,"featured_media":9219,"comment_status":"open","ping_status":"open","sticky":false,"template":"","format":"standard","meta":[],"categories":[6],"tags":[],"series":[],"_links":{"self":[{"href":"https:\/\/www.diario5.com.ar\/es\/wp-json\/wp\/v2\/posts\/9212"}],"collection":[{"href":"https:\/\/www.diario5.com.ar\/es\/wp-json\/wp\/v2\/posts"}],"about":[{"href":"https:\/\/www.diario5.com.ar\/es\/wp-json\/wp\/v2\/types\/post"}],"author":[{"embeddable":true,"href":"https:\/\/www.diario5.com.ar\/es\/wp-json\/wp\/v2\/users\/1"}],"replies":[{"embeddable":true,"href":"https:\/\/www.diario5.com.ar\/es\/wp-json\/wp\/v2\/comments?post=9212"}],"version-history":[{"count":13,"href":"https:\/\/www.diario5.com.ar\/es\/wp-json\/wp\/v2\/posts\/9212\/revisions"}],"predecessor-version":[{"id":9228,"href":"https:\/\/www.diario5.com.ar\/es\/wp-json\/wp\/v2\/posts\/9212\/revisions\/9228"}],"wp:featuredmedia":[{"embeddable":true,"href":"https:\/\/www.diario5.com.ar\/es\/wp-json\/wp\/v2\/media\/9219"}],"wp:attachment":[{"href":"https:\/\/www.diario5.com.ar\/es\/wp-json\/wp\/v2\/media?parent=9212"}],"wp:term":[{"taxonomy":"category","embeddable":true,"href":"https:\/\/www.diario5.com.ar\/es\/wp-json\/wp\/v2\/categories?post=9212"},{"taxonomy":"post_tag","embeddable":true,"href":"https:\/\/www.diario5.com.ar\/es\/wp-json\/wp\/v2\/tags?post=9212"},{"taxonomy":"series","embeddable":true,"href":"https:\/\/www.diario5.com.ar\/es\/wp-json\/wp\/v2\/series?post=9212"}],"curies":[{"name":"wp","href":"https:\/\/api.w.org\/{rel}","templated":true}]}}