{"id":9046,"date":"2016-08-20T21:14:17","date_gmt":"2016-08-21T00:14:17","guid":{"rendered":"http:\/\/diario5.com.ar\/?p=9046"},"modified":"2016-08-20T21:16:08","modified_gmt":"2016-08-21T00:16:08","slug":"leds-en-plaza-garay","status":"publish","type":"post","link":"https:\/\/www.diario5.com.ar\/es\/leds-en-plaza-garay\/","title":{"rendered":"Leds en Plaza Garay"},"content":{"rendered":"<h2 class=\"sub-title-primary\"><\/h2> <div id=\"yui_3_16_0_ym19_1_1471707820465_2962\" class=\"body undoreset\" tabindex=\"0\">\n<div id=\"yui_3_16_0_ym19_1_1471707820465_2961\" class=\"email-wrapped\">\n<div id=\"yiv6995551687\">\n<p id=\"yui_3_16_0_ym19_1_1471707820465_5486\"><img decoding=\"async\" loading=\"lazy\" class=\"wp-image-9047 alignright\" src=\"http:\/\/diario5.com.ar\/wp-content\/uploads\/2016\/08\/plaza-garay-1024x768.jpg\" alt=\"plaza-garay\" width=\"471\" height=\"353\" srcset=\"https:\/\/www.diario5.com.ar\/wp-content\/uploads\/2016\/08\/plaza-garay-1024x768.jpg 1024w, https:\/\/www.diario5.com.ar\/wp-content\/uploads\/2016\/08\/plaza-garay-300x225.jpg 300w, https:\/\/www.diario5.com.ar\/wp-content\/uploads\/2016\/08\/plaza-garay-768x576.jpg 768w, https:\/\/www.diario5.com.ar\/wp-content\/uploads\/2016\/08\/plaza-garay-1536x1152.jpg 1536w, https:\/\/www.diario5.com.ar\/wp-content\/uploads\/2016\/08\/plaza-garay-400x300.jpg 400w, https:\/\/www.diario5.com.ar\/wp-content\/uploads\/2016\/08\/plaza-garay-260x195.jpg 260w, https:\/\/www.diario5.com.ar\/wp-content\/uploads\/2016\/08\/plaza-garay-160x120.jpg 160w, https:\/\/www.diario5.com.ar\/wp-content\/uploads\/2016\/08\/plaza-garay.jpg 2048w\" sizes=\"(max-width: 471px) 100vw, 471px\" \/>El Gobierno de la Ciudad anuncia que\u00a0<b id=\"yui_3_16_0_ym19_1_1471707820465_5487\">Plaza Garay ya es 100% LED, <\/b>para lo cual se realizaron recambios todas las luminarias dentro del espacio p\u00fablico con unidades de esta tecnolog\u00eda que, seg\u00fan indican en mails que hacen llegar a vecinos de la zona, mejora la luminosidad y la seguridad.<\/p>\n<p>El mensaje resalta que la Ciudad de Buenos Aires es pionera en tecnolog\u00eda LED desde la puesta en marcha del\u00a0<b id=\"yui_3_16_0_ym19_1_1471707820465_5484\">Plan de Reconversi\u00f3n del Alumbrado P\u00fablico <\/b>con esta tecnolog\u00eda de bajo consumo con la que es posible evitar la conocida afecci\u00f3n del\u00a0medio ambiente y alcanzar un ahorro del 50% de la energ\u00eda.<\/p>\n<p id=\"yui_3_16_0_ym19_1_1471707820465_5481\">Si la comunicaci\u00f3n por mail alcanza los objetivos y su texto es le\u00eddo, los vecinos que los recibieron, por estas horas se estar\u00e1n enterando tambi\u00e9n de que las luces LED tienen una vida \u00fatil mayor a 20 a\u00f1os, por lo que es posible conseguir disminuir la cantidad de di\u00f3xido de carbono que se emite a la atm\u00f3sfera<\/p>\n<p>Lo m\u00e1s importante que ser\u00e1 tomado en cuenta en algunas calles de los barrios de Monserrat, San Crist\u00f3bal, Constituci\u00f3n, Balvanera, Boedo, Parque Patricios y el Sur de la Ciudad, es que este sistema realmente puede ofrecer una luz m\u00e1s potente y focalizada.<a href=\"https:\/\/www.diario5.com.ar\/es\/iluminacion-portena\/\"> Diario 5 viene prestando atenci\u00f3n a este tema <\/a>y lo seguir\u00e1 haciendo. Es absolutamente necesario encontrarnos con un efecto lum\u00ednico similar al anterior que ten\u00eda la zona, ya que en la actualidad las calles se iluminan con l\u00e1mparas de vapor de sodio, que dejan un efecto visual de tono amarillo o m\u00e1s bien anaranjado.<\/p>\n<p>La hist\u00f3rica Plaza Garay se encuentra\u00a0delimitada por la Avenida Juan de Garay y las calles Pav\u00f3n, Sol\u00eds y Luis S\u00e1enz Pe\u00f1a. Fue protagonista de singulares momentos de la historia porte\u00f1a y argentina toda, incluyendo la jornada en la que Juan Manuel de Rosas redact\u00f3 en ese lugar, por entonces llamado Pozo de los Sauces, su renuncia a la Gobernaci\u00f3n de Buenos Aires.<\/p>\n<\/div>\n<\/div>\n<\/div>","protected":false},"excerpt":{"rendered":"<p>El Gobierno de la Ciudad anuncia que\u00a0Plaza Garay ya es 100% LED, para lo cual se realizaron recambios todas las luminarias dentro del espacio p\u00fablico con unidades de esta tecnolog\u00eda que, seg\u00fan indican en mails que hacen llegar a vecinos de la zona, mejora la luminosidad y la seguridad. El mensaje resalta que la Ciudad [&hellip;]<\/p>","protected":false},"author":1,"featured_media":0,"comment_status":"open","ping_status":"open","sticky":false,"template":"","format":"standard","meta":[],"categories":[6],"tags":[],"series":[],"_links":{"self":[{"href":"https:\/\/www.diario5.com.ar\/es\/wp-json\/wp\/v2\/posts\/9046"}],"collection":[{"href":"https:\/\/www.diario5.com.ar\/es\/wp-json\/wp\/v2\/posts"}],"about":[{"href":"https:\/\/www.diario5.com.ar\/es\/wp-json\/wp\/v2\/types\/post"}],"author":[{"embeddable":true,"href":"https:\/\/www.diario5.com.ar\/es\/wp-json\/wp\/v2\/users\/1"}],"replies":[{"embeddable":true,"href":"https:\/\/www.diario5.com.ar\/es\/wp-json\/wp\/v2\/comments?post=9046"}],"version-history":[{"count":3,"href":"https:\/\/www.diario5.com.ar\/es\/wp-json\/wp\/v2\/posts\/9046\/revisions"}],"predecessor-version":[{"id":9050,"href":"https:\/\/www.diario5.com.ar\/es\/wp-json\/wp\/v2\/posts\/9046\/revisions\/9050"}],"wp:attachment":[{"href":"https:\/\/www.diario5.com.ar\/es\/wp-json\/wp\/v2\/media?parent=9046"}],"wp:term":[{"taxonomy":"category","embeddable":true,"href":"https:\/\/www.diario5.com.ar\/es\/wp-json\/wp\/v2\/categories?post=9046"},{"taxonomy":"post_tag","embeddable":true,"href":"https:\/\/www.diario5.com.ar\/es\/wp-json\/wp\/v2\/tags?post=9046"},{"taxonomy":"series","embeddable":true,"href":"https:\/\/www.diario5.com.ar\/es\/wp-json\/wp\/v2\/series?post=9046"}],"curies":[{"name":"wp","href":"https:\/\/api.w.org\/{rel}","templated":true}]}}