{"id":88,"date":"2012-08-20T11:06:18","date_gmt":"2012-08-20T11:06:18","guid":{"rendered":"http:\/\/diario5.com.ar\/?p=88"},"modified":"2012-08-31T13:17:32","modified_gmt":"2012-08-31T13:17:32","slug":"cerrando-agosto","status":"publish","type":"post","link":"https:\/\/www.diario5.com.ar\/es\/cerrando-agosto\/","title":{"rendered":"Cerrando agosto"},"content":{"rendered":"<h2 class=\"sub-title-primary\"><\/h2> <p>Cerrando agosto con las propuestas culturales m\u00e1s jerarquizadas del a\u00f1o<\/p>\n<p>El domingo 26 cierra en el Centro Cultural Recoleta<\/p>\n<p>Muestra antol\u00f3gica de Sara Facio. Fotograf\u00edas, de la famosa fot\u00f3grafa argentina,<br \/>\nSala Cronopios. Entrada gratuita. Cierre: domingo 26 de agosto. Jun\u00edn 1930<\/p>\n<p>A esta maravillosa ocasi\u00f3n que desarroll\u00f3 los aspectos culminantes de personalidades y circunstancias tuvo su origen en la deslumbrante muestra que percibi\u00f3 Sara en Par\u00eds de Otto Steiner que le confirm\u00f3 que la fotograf\u00eda era un arte acabado. Luego su esp\u00edritu viajero y curioso termin\u00f3 por consolidar esta monumental obra que hoy nos ofrece.<\/p>\n<p>En esta completa y variopinta muestra antol\u00f3gica, se inicia un recorrido desde los tempranos a\u00f1os 60 hasta el 2010. Sus Primeros Premios (1960), im\u00e1genes del libro Buenos Aires Buenos Aires (1960\/65),  escritores como Vargas Llosa o S\u00e1bato en la serie Escritores de Am\u00e9rica latina (1960\/2005); los rostros del dolor y la pobreza de su libro Humanario, la historia reciente plasmada en los Funerales de Per\u00f3n (1974) o su mirada sobre los que miran arte en Por amor al Arte (1960\/ 2005); son apenas algunas de las piezas fotogr\u00e1ficas que se expondr\u00e1n en la muestra. Desde la inolvidable Maria Elena Walsh, el rostro atormentado de Alejandra Pizarnik, el magistral Borges, Neruda, hasta las esenciales im\u00e1genes de Humanario; dan cuenta de una mirada amorosa y cuidadosa sobre lo real.<\/p>","protected":false},"excerpt":{"rendered":"<p>Cerrando agosto con las propuestas culturales m\u00e1s jerarquizadas del a\u00f1o El domingo 26 cierra en el Centro Cultural Recoleta Muestra antol\u00f3gica de Sara Facio. Fotograf\u00edas, de la famosa fot\u00f3grafa argentina, Sala Cronopios. Entrada gratuita. Cierre: domingo 26 de agosto. Jun\u00edn 1930 A esta maravillosa ocasi\u00f3n que desarroll\u00f3 los aspectos culminantes de personalidades y circunstancias tuvo [&hellip;]<\/p>","protected":false},"author":1,"featured_media":0,"comment_status":"open","ping_status":"open","sticky":false,"template":"","format":"standard","meta":[],"categories":[5],"tags":[],"series":[],"_links":{"self":[{"href":"https:\/\/www.diario5.com.ar\/es\/wp-json\/wp\/v2\/posts\/88"}],"collection":[{"href":"https:\/\/www.diario5.com.ar\/es\/wp-json\/wp\/v2\/posts"}],"about":[{"href":"https:\/\/www.diario5.com.ar\/es\/wp-json\/wp\/v2\/types\/post"}],"author":[{"embeddable":true,"href":"https:\/\/www.diario5.com.ar\/es\/wp-json\/wp\/v2\/users\/1"}],"replies":[{"embeddable":true,"href":"https:\/\/www.diario5.com.ar\/es\/wp-json\/wp\/v2\/comments?post=88"}],"version-history":[{"count":3,"href":"https:\/\/www.diario5.com.ar\/es\/wp-json\/wp\/v2\/posts\/88\/revisions"}],"predecessor-version":[{"id":102,"href":"https:\/\/www.diario5.com.ar\/es\/wp-json\/wp\/v2\/posts\/88\/revisions\/102"}],"wp:attachment":[{"href":"https:\/\/www.diario5.com.ar\/es\/wp-json\/wp\/v2\/media?parent=88"}],"wp:term":[{"taxonomy":"category","embeddable":true,"href":"https:\/\/www.diario5.com.ar\/es\/wp-json\/wp\/v2\/categories?post=88"},{"taxonomy":"post_tag","embeddable":true,"href":"https:\/\/www.diario5.com.ar\/es\/wp-json\/wp\/v2\/tags?post=88"},{"taxonomy":"series","embeddable":true,"href":"https:\/\/www.diario5.com.ar\/es\/wp-json\/wp\/v2\/series?post=88"}],"curies":[{"name":"wp","href":"https:\/\/api.w.org\/{rel}","templated":true}]}}