{"id":8798,"date":"2016-07-09T01:13:05","date_gmt":"2016-07-09T04:13:05","guid":{"rendered":"http:\/\/diario5.com.ar\/?p=8798"},"modified":"2016-07-10T01:30:35","modified_gmt":"2016-07-10T04:30:35","slug":"bicentenario-celebridades-de-la-tierra-de-la-independencia","status":"publish","type":"post","link":"https:\/\/www.diario5.com.ar\/es\/bicentenario-celebridades-de-la-tierra-de-la-independencia\/","title":{"rendered":"Bicentenario: Celebridades de la Tierra de la Independencia"},"content":{"rendered":"<h2 class=\"sub-title-primary\"><\/h2> <p><img decoding=\"async\" loading=\"lazy\" class=\"wp-image-8799 alignright\" src=\"http:\/\/diario5.com.ar\/wp-content\/uploads\/2016\/07\/bicentenario01.jpg\" alt=\"bicentenario01\" width=\"467\" height=\"259\" srcset=\"https:\/\/www.diario5.com.ar\/wp-content\/uploads\/2016\/07\/bicentenario01.jpg 750w, https:\/\/www.diario5.com.ar\/wp-content\/uploads\/2016\/07\/bicentenario01-300x166.jpg 300w, https:\/\/www.diario5.com.ar\/wp-content\/uploads\/2016\/07\/bicentenario01-400x222.jpg 400w, https:\/\/www.diario5.com.ar\/wp-content\/uploads\/2016\/07\/bicentenario01-260x144.jpg 260w, https:\/\/www.diario5.com.ar\/wp-content\/uploads\/2016\/07\/bicentenario01-160x89.jpg 160w\" sizes=\"(max-width: 467px) 100vw, 467px\" \/>Hay muchos artistas que pueden ser asociados con Tucum\u00e1n, en un momento como \u00e9ste, en el que la provincia y la propia ciudad de San Miguel de Tucum\u00e1n ganan el protagonismo absoluto. Con Mercedes Sosa a la cabeza, el arquitecto C\u00e9sar Pelli, el pianista Miguel Angel Estrella, \u00a0el Paz Mart\u00ednez, Ramon \u00abPalito\u00bb Ortega, Gladys, \u00abLa Bomba\u00bb, la modelo Lara Bernasconi y algunos otros que referenciaremos, la provincia se distingue por su aporte de valores a diversos andariveles culturales del pa\u00eds.<\/p>\n<p>Leda Valladares aport\u00f3 a la Argentina una esencia cultural desde su profunda tucumanidad que, aunque aprendimos tanto de la vida argentina y del folklore todo con su obra, antes y despu\u00e9s del d\u00fao Leda y Mar\u00eda que la uni\u00f3 a Mar\u00eda Elena Walsh, su figura es parte de los valles y los ca\u00f1averales.<\/p>\n<p>Tom\u00e1s Eloy Mart\u00ednez, para un sinn\u00famero de periodistas argentinos, un modelo de estilo, de dedicaci\u00f3n a la investigaci\u00f3n y de rigurosidad en el ensayo, al iniciarse con la Licenciatura en Literatura espa\u00f1ola y latinoamericana en la Universidad Nacional de Tucum\u00e1n y luego alcanzar la Maestr\u00eda en Literatura en la Universidad de Par\u00eds VII, conjug\u00f3 a la perfecci\u00f3n la ruta ideal del escritor que, nutrido de sus ra\u00edces, desparrama su naturaleza por el mundo.<\/p>\n<p>Considerar tucumano a Atahualpa Yupanqui, a pesar de su origen bonaerense, podr\u00eda ser una de las discusiones m\u00e1s encantadoras de la grilla de pol\u00e9micas argentinas. El autor de \u201cLuna Tucumana\u201d, \u201cBaguala Tucumana\u201d, \u201cCoplas del payador perseguido\u201d, \u201cSiempre vuelvo a Tucum\u00e1n\u201d, \u201cCanci\u00f3n del Ca\u00f1averal\u201d, \u201cNostalgias tucumanas\u201d, \u201cCanto a la zafra\u201d, \u201cLa tucumanita\u201d, \u00abViene clareando\u00bb y \u201cVidalita tucumana\u201d ha dejado claro, con esas obras, que si cualquier juez quisiera declarar para la historia que Atahualpa fue tucumano, ser\u00eda realmente dif\u00edcil enfrentar el fallo con alguna apelaci\u00f3n.<\/p>\n<p>Tucumano aut\u00e9ntico, al que poco se le brinda homenaje, es Jos\u00e9 Luis Padula, un delicioso personaje, mitad compositor de m\u00fasica criolla y mitad creador de tango, de inmenso talento, intuitivo, encantador hombre de la noche, en tiempos de un desarrollo art\u00edstico genuinamente nacional. Padula dej\u00f3, para los tiempos, el hermoso tango \u201cNueve de Julio\u201d, cuyas versiones de Juan D\u2019arienzo y Osvaldo Pugliese fueron las que lo llevaron a ser un bailable imposible de quitar de las listas de tangos energizantes.<\/p>\n<p>Y Virgilio Carmona fue el otro \u201cinmigrante\u201d al que Tucum\u00e1n abraz\u00f3 y puso en lo m\u00e1s alto de los reconocimientos, por una zamba que dispar\u00f3, para los tiempos, un enaltecimiento a todo Tucum\u00e1n como concepto: \u201cAl Jard\u00edn de la Rep\u00fablica\u201d. Carmona, rosarino de nacimiento, amigo de Gardel y compositor de varios temas cantados por el fen\u00f3meno del Abasto, lleg\u00f3 a Tucum\u00e1n, como guitarrista de un tr\u00edo que se completaba con dos pr\u00f3ceres del bandone\u00f3n: nada menos que Anselmo Aietta y Pedro Maffia. De manera que Carmona fue testigo de una evoluci\u00f3n fundamental en la interpretaci\u00f3n del tango: Anselmo era un int\u00e9rprete de inmensa jerarqu\u00eda que respetaba a rajatabla ciertos c\u00e1nones tradicionales del v\u00ednculo que el tango ten\u00eda con los estilos criollos, mientras que Pedro estaba comenzando a revolucionar los arreglos con bandone\u00f3n para el tango, tanto en melod\u00eda como en armon\u00eda, de tal modo que el protagonismo del instrumento trepe a una c\u00faspide de la que jam\u00e1s pudo -ni ya podr\u00e1 ser- destronado. Virgilio Carmona al quedarse en Tucum\u00e1n, enamorado de una lugare\u00f1a, Elvira Carrizo, inspiradora de la legendaria zamba \u201cAl Jard\u00edn\u2026\u201d, hizo florecer creaciones que retroalimentan el acervo costumbrista tucumano de alta belleza musical y de danzas: la chacarera \u201cLa Feria de Simoca\u201d y las zambas \u201cDebajo de la Morera\u201d, \u201cA Tucum\u00e1n\u201d y \u201cNaranjos Tucumanos\u201d, entre otras 70 piezas para el orgullo cultural argentino.<\/p>\n<p>Entran en el sal\u00f3n de los orgullos tucumanos Ricardo Romero, H\u00e9ctor Bulacio, Carlos S\u00e1nchez y Roberto P\u00e9rez. Ricardo y H\u00e9ctor no sobrevivieron al accidente de 2007 que signific\u00f3 el adi\u00f3s a un cuarteto inolvidable de voces \u00fanicas: Los Tucu-Tucu.<\/p>","protected":false},"excerpt":{"rendered":"<p>Hay muchos artistas que pueden ser asociados con Tucum\u00e1n, en un momento como \u00e9ste, en el que la provincia y la propia ciudad de San Miguel de Tucum\u00e1n ganan el protagonismo absoluto. Con Mercedes Sosa a la cabeza, el arquitecto C\u00e9sar Pelli, el pianista Miguel Angel Estrella, \u00a0el Paz Mart\u00ednez, Ramon \u00abPalito\u00bb Ortega, Gladys, \u00abLa [&hellip;]<\/p>","protected":false},"author":2,"featured_media":8799,"comment_status":"open","ping_status":"open","sticky":false,"template":"","format":"standard","meta":[],"categories":[1],"tags":[],"series":[],"_links":{"self":[{"href":"https:\/\/www.diario5.com.ar\/es\/wp-json\/wp\/v2\/posts\/8798"}],"collection":[{"href":"https:\/\/www.diario5.com.ar\/es\/wp-json\/wp\/v2\/posts"}],"about":[{"href":"https:\/\/www.diario5.com.ar\/es\/wp-json\/wp\/v2\/types\/post"}],"author":[{"embeddable":true,"href":"https:\/\/www.diario5.com.ar\/es\/wp-json\/wp\/v2\/users\/2"}],"replies":[{"embeddable":true,"href":"https:\/\/www.diario5.com.ar\/es\/wp-json\/wp\/v2\/comments?post=8798"}],"version-history":[{"count":6,"href":"https:\/\/www.diario5.com.ar\/es\/wp-json\/wp\/v2\/posts\/8798\/revisions"}],"predecessor-version":[{"id":8805,"href":"https:\/\/www.diario5.com.ar\/es\/wp-json\/wp\/v2\/posts\/8798\/revisions\/8805"}],"wp:featuredmedia":[{"embeddable":true,"href":"https:\/\/www.diario5.com.ar\/es\/wp-json\/wp\/v2\/media\/8799"}],"wp:attachment":[{"href":"https:\/\/www.diario5.com.ar\/es\/wp-json\/wp\/v2\/media?parent=8798"}],"wp:term":[{"taxonomy":"category","embeddable":true,"href":"https:\/\/www.diario5.com.ar\/es\/wp-json\/wp\/v2\/categories?post=8798"},{"taxonomy":"post_tag","embeddable":true,"href":"https:\/\/www.diario5.com.ar\/es\/wp-json\/wp\/v2\/tags?post=8798"},{"taxonomy":"series","embeddable":true,"href":"https:\/\/www.diario5.com.ar\/es\/wp-json\/wp\/v2\/series?post=8798"}],"curies":[{"name":"wp","href":"https:\/\/api.w.org\/{rel}","templated":true}]}}