{"id":7968,"date":"2015-11-05T13:27:54","date_gmt":"2015-11-05T16:27:54","guid":{"rendered":"http:\/\/diario5.com.ar\/?p=7968"},"modified":"2015-11-05T13:28:30","modified_gmt":"2015-11-05T16:28:30","slug":"7968","status":"publish","type":"post","link":"https:\/\/www.diario5.com.ar\/es\/7968\/","title":{"rendered":"45 a\u00f1os de la Feria de San Telmo"},"content":{"rendered":"<h2 class=\"sub-title-primary\"><\/h2> <figure id=\"attachment_7969\" aria-describedby=\"caption-attachment-7969\" style=\"width: 484px\" class=\"wp-caption alignleft\"><a href=\"https:\/\/www.diario5.com.ar\/wp-content\/uploads\/2015\/11\/Foto1404-e1446740586936.jpg\"><img decoding=\"async\" loading=\"lazy\" class=\"wp-image-7969\" src=\"http:\/\/diario5.com.ar\/wp-content\/uploads\/2015\/11\/Foto1404-e1446740586936.jpg\" alt=\"Foto1404\" width=\"484\" height=\"364\" srcset=\"https:\/\/www.diario5.com.ar\/wp-content\/uploads\/2015\/11\/Foto1404-e1446740586936.jpg 1280w, https:\/\/www.diario5.com.ar\/wp-content\/uploads\/2015\/11\/Foto1404-e1446740586936-300x225.jpg 300w, https:\/\/www.diario5.com.ar\/wp-content\/uploads\/2015\/11\/Foto1404-e1446740586936-1024x768.jpg 1024w, https:\/\/www.diario5.com.ar\/wp-content\/uploads\/2015\/11\/Foto1404-e1446740586936-768x576.jpg 768w, https:\/\/www.diario5.com.ar\/wp-content\/uploads\/2015\/11\/Foto1404-e1446740586936-400x300.jpg 400w, https:\/\/www.diario5.com.ar\/wp-content\/uploads\/2015\/11\/Foto1404-e1446740586936-260x195.jpg 260w, https:\/\/www.diario5.com.ar\/wp-content\/uploads\/2015\/11\/Foto1404-e1446740586936-160x120.jpg 160w\" sizes=\"(max-width: 484px) 100vw, 484px\" \/><\/a><figcaption id=\"caption-attachment-7969\" class=\"wp-caption-text\">Copas de vidrios especiales en el puesto de Villasuso-Bel, de la Feria de San Telmo<\/figcaption><\/figure>\n<p>El domingo 8 de Noviembre se festeja un nuevo aniversario de la Feria de San Pedro Telmo. Es esta ocasi\u00f3n la Feria cumple 45 a\u00f1os de actividad ininterrumpida, todos los domingos, desde su creaci\u00f3n en 1970.<br \/>\nAlrededor de la Feria y por el trabajo en conjunto del Museo de la Ciudad y sus permisionarios renaci\u00f3 el Barrio de San Telmo, convirti\u00e9ndose en conjunto en una atracci\u00f3n tur\u00edstica de la Ciudad.<\/p>\n<p>La Feria es \u00fanica en su tipo en Argentina , siendo comparable con las de otras ciudades del mundo : Gran Bazar -Estambul- , Trist\u00e1n Narvaja \u2013 Montevideo &#8211; , El Rastro \u2013 Madrid &#8211; , Navigli Antique Market \u2013 Mil\u00e1n -, Les Puces \u2013 Paris &#8211; , o Portobello Road \u2013 Londres &#8211;<\/p>\n<figure id=\"attachment_7970\" aria-describedby=\"caption-attachment-7970\" style=\"width: 480px\" class=\"wp-caption alignright\"><img decoding=\"async\" loading=\"lazy\" class=\"wp-image-7970\" src=\"http:\/\/diario5.com.ar\/wp-content\/uploads\/2015\/11\/Foto1405-e1446740621421.jpg\" alt=\"Foto1405\" width=\"480\" height=\"359\" srcset=\"https:\/\/www.diario5.com.ar\/wp-content\/uploads\/2015\/11\/Foto1405-e1446740621421.jpg 1280w, https:\/\/www.diario5.com.ar\/wp-content\/uploads\/2015\/11\/Foto1405-e1446740621421-300x225.jpg 300w, https:\/\/www.diario5.com.ar\/wp-content\/uploads\/2015\/11\/Foto1405-e1446740621421-1024x768.jpg 1024w, https:\/\/www.diario5.com.ar\/wp-content\/uploads\/2015\/11\/Foto1405-e1446740621421-768x576.jpg 768w, https:\/\/www.diario5.com.ar\/wp-content\/uploads\/2015\/11\/Foto1405-e1446740621421-400x300.jpg 400w, https:\/\/www.diario5.com.ar\/wp-content\/uploads\/2015\/11\/Foto1405-e1446740621421-260x195.jpg 260w, https:\/\/www.diario5.com.ar\/wp-content\/uploads\/2015\/11\/Foto1405-e1446740621421-160x120.jpg 160w\" sizes=\"(max-width: 480px) 100vw, 480px\" \/><figcaption id=\"caption-attachment-7970\" class=\"wp-caption-text\">Detalle de una Fuente de fabricaci\u00f3n Rusa del a\u00f1o 1909<\/figcaption><\/figure>\n<p>La Feria cuenta con un Patio de Tango en cual se realizan recitales y se dictan clases de tango. Tambi\u00e9n existen puestos dedicados al Filete Porte\u00f1o, t\u00e9cnica de pintura totalmente ligada a nuestra Ciudad.<\/p>\n<p>Este aniversario ser\u00e1 particular ya que, en Octubre de este a\u00f1o falleci\u00f3 Jos\u00e9 Mar\u00eda Pe\u00f1a, primer Director del Museo de la Ciudad e impulsor de la Feria.<\/p>\n<p>En los festejos del domingo 8 en horario de 11 a 17 hs. habr\u00e1 disfraces, exposici\u00f3n de curiosidades, se ornamentara la plaza, recitales de rock, marchas militares, jazz, danzas \u00e1rabes, tango y folclore.\u00a0Durante el desarrollo del evento, los visitantes participaran en sorteos y ser\u00e1n invitados con golosinas, minitortas y gaseosas.<br \/>\nEn caso de lluvia se traslada el domingo 15.<\/p>\n<p>La fiesta a las comenzar\u00e1 a las 11 con el izado de la nueva Bandera, con el acompa\u00f1amiento de \u00a0la Banda de la Polic\u00eda Metropolitana, la que de inmediato tocar\u00e1 marchas y canciones Patrias<\/p>\n<p>Se convocar\u00e1 al p\u00fablico para que a las 11:50 se acerque al Patio de Tango, donde se har\u00e1 el primer Sorteo de Premios, que se repetir\u00e1\u00a0quince minutos antes de cada hora en punto<\/p>\n<p>La Comisi\u00f3n Organizadora prev\u00e9 a mediod\u00eda un Aplauso en homenaje a Jos\u00e9 Mar\u00eda Pe\u00f1a y permisionarios fallecidos.\u00a0Sonar\u00e1 la sirena de los Bomberos Voluntarios y luego actuar\u00e1, ofreciendo\u00a0\u00a0Danzas \u00c1rabes, el\u00a0\u00a0Grupo Artemisa.<\/p>\n<p>Minutos despu\u00e9s del\u00a0segundo \u00a0Sorteo de Premios, actuar\u00e1 la creciente banda de rock de Hurlingham, Los Calmantes. Ser\u00e1 a las 13. Una hora m\u00e1s tarde ocurrir\u00e1 lo propio con el\u00a0jazz, mientras que a las 15 arrancar\u00e1 el Festival de Tango y Folclore a cargo del elenco estable del Patio de Tango de la Feria. El cierre ser\u00e1 a las cuatro de la tarde y habr\u00e1 brindis.<\/p>","protected":false},"excerpt":{"rendered":"<p>El domingo 8 de Noviembre se festeja un nuevo aniversario de la Feria de San Pedro Telmo. Es esta ocasi\u00f3n la Feria cumple 45 a\u00f1os de actividad ininterrumpida, todos los domingos, desde su creaci\u00f3n en 1970. Alrededor de la Feria y por el trabajo en conjunto del Museo de la Ciudad y sus permisionarios renaci\u00f3 [&hellip;]<\/p>","protected":false},"author":1,"featured_media":7970,"comment_status":"open","ping_status":"open","sticky":false,"template":"","format":"standard","meta":[],"categories":[1],"tags":[],"series":[],"_links":{"self":[{"href":"https:\/\/www.diario5.com.ar\/es\/wp-json\/wp\/v2\/posts\/7968"}],"collection":[{"href":"https:\/\/www.diario5.com.ar\/es\/wp-json\/wp\/v2\/posts"}],"about":[{"href":"https:\/\/www.diario5.com.ar\/es\/wp-json\/wp\/v2\/types\/post"}],"author":[{"embeddable":true,"href":"https:\/\/www.diario5.com.ar\/es\/wp-json\/wp\/v2\/users\/1"}],"replies":[{"embeddable":true,"href":"https:\/\/www.diario5.com.ar\/es\/wp-json\/wp\/v2\/comments?post=7968"}],"version-history":[{"count":2,"href":"https:\/\/www.diario5.com.ar\/es\/wp-json\/wp\/v2\/posts\/7968\/revisions"}],"predecessor-version":[{"id":7972,"href":"https:\/\/www.diario5.com.ar\/es\/wp-json\/wp\/v2\/posts\/7968\/revisions\/7972"}],"wp:featuredmedia":[{"embeddable":true,"href":"https:\/\/www.diario5.com.ar\/es\/wp-json\/wp\/v2\/media\/7970"}],"wp:attachment":[{"href":"https:\/\/www.diario5.com.ar\/es\/wp-json\/wp\/v2\/media?parent=7968"}],"wp:term":[{"taxonomy":"category","embeddable":true,"href":"https:\/\/www.diario5.com.ar\/es\/wp-json\/wp\/v2\/categories?post=7968"},{"taxonomy":"post_tag","embeddable":true,"href":"https:\/\/www.diario5.com.ar\/es\/wp-json\/wp\/v2\/tags?post=7968"},{"taxonomy":"series","embeddable":true,"href":"https:\/\/www.diario5.com.ar\/es\/wp-json\/wp\/v2\/series?post=7968"}],"curies":[{"name":"wp","href":"https:\/\/api.w.org\/{rel}","templated":true}]}}