{"id":7925,"date":"2015-10-24T23:02:20","date_gmt":"2015-10-25T02:02:20","guid":{"rendered":"http:\/\/diario5.com.ar\/?p=7925"},"modified":"2015-10-25T21:39:42","modified_gmt":"2015-10-26T00:39:42","slug":"reconocimiento-a-medios-dedicados-a-temas-de-inclusion","status":"publish","type":"post","link":"https:\/\/www.diario5.com.ar\/es\/reconocimiento-a-medios-dedicados-a-temas-de-inclusion\/","title":{"rendered":"Reconocimiento a medios dedicados a temas de inclusi\u00f3n"},"content":{"rendered":"<h2 class=\"sub-title-primary\"><\/h2> <figure id=\"attachment_7929\" aria-describedby=\"caption-attachment-7929\" style=\"width: 772px\" class=\"wp-caption alignnone\"><a href=\"https:\/\/www.diario5.com.ar\/wp-content\/uploads\/2015\/10\/Foto1362.jpg\"><img decoding=\"async\" loading=\"lazy\" class=\"wp-image-7929\" src=\"http:\/\/diario5.com.ar\/wp-content\/uploads\/2015\/10\/Foto1362.jpg\" alt=\"Foto1362\" width=\"772\" height=\"581\" srcset=\"https:\/\/www.diario5.com.ar\/wp-content\/uploads\/2015\/10\/Foto1362-300x225.jpg 300w, https:\/\/www.diario5.com.ar\/wp-content\/uploads\/2015\/10\/Foto1362-400x300.jpg 400w, https:\/\/www.diario5.com.ar\/wp-content\/uploads\/2015\/10\/Foto1362-260x195.jpg 260w, https:\/\/www.diario5.com.ar\/wp-content\/uploads\/2015\/10\/Foto1362-160x120.jpg 160w\" sizes=\"(max-width: 772px) 100vw, 772px\" \/><\/a><figcaption id=\"caption-attachment-7929\" class=\"wp-caption-text\">Justificado clima de fiesta en el Congreso<\/figcaption><\/figure>\n<p>El lunes pasado, en el Congreso Nacional, el periodista Carlos Mello recibi\u00f3 un reconocimiento de la Honorable C\u00e1mara de Diputados de la Naci\u00f3n por su trabajo de visibilizaci\u00f3n de las tem\u00e1ticas referidas a las personas con discapacidad en la Argentina. El acto fue en la Sala Delia Parodi del Palacio Legislativo. All\u00ed se reunieron los m\u00e1s notables comunicadores de la Argentina dedicados a fomentar, desde diversas referencias, que la Inclusi\u00f3n sea, en los medios de comunicaci\u00f3n una Secci\u00f3n tan importante como en los diarios lo son La Pol\u00edtica, La secci\u00f3n Econ\u00f3mica, La Deportiva o La de Espect\u00e1culos.<\/p>\n<p><img decoding=\"async\" loading=\"lazy\" class=\"wp-image-7926 alignright\" src=\"http:\/\/diario5.com.ar\/wp-content\/uploads\/2015\/10\/Foto1360.jpg\" alt=\"Foto1360\" width=\"391\" height=\"293\" srcset=\"https:\/\/www.diario5.com.ar\/wp-content\/uploads\/2015\/10\/Foto1360.jpg 1280w, https:\/\/www.diario5.com.ar\/wp-content\/uploads\/2015\/10\/Foto1360-300x225.jpg 300w, https:\/\/www.diario5.com.ar\/wp-content\/uploads\/2015\/10\/Foto1360-1024x768.jpg 1024w, https:\/\/www.diario5.com.ar\/wp-content\/uploads\/2015\/10\/Foto1360-768x576.jpg 768w, https:\/\/www.diario5.com.ar\/wp-content\/uploads\/2015\/10\/Foto1360-400x300.jpg 400w, https:\/\/www.diario5.com.ar\/wp-content\/uploads\/2015\/10\/Foto1360-260x195.jpg 260w, https:\/\/www.diario5.com.ar\/wp-content\/uploads\/2015\/10\/Foto1360-160x120.jpg 160w\" sizes=\"(max-width: 391px) 100vw, 391px\" \/>El Observatorio de los Derechos de las Personas con Discapacidad de la Naci\u00f3n, del Consejo de Pol\u00edticas Sociales, incluy\u00f3 al creador de Emociones Rock en una lista de verdaderos titanes de la comunicaci\u00f3n, para decirle que el camino en el que est\u00e1 buscando su meta, es el correcto. La Diputada Mar\u00eda Jos\u00e9 Lubertino se encarg\u00f3 de conducir el acto al que asisti\u00f3 la Secretaria de Discapacidad en el \u00e1rea Nacional de la CTA (Central de Trabajadores Argentinos)<\/p>\n<p><img decoding=\"async\" loading=\"lazy\" class=\"wp-image-7928 alignleft\" src=\"http:\/\/diario5.com.ar\/wp-content\/uploads\/2015\/10\/Foto1361.jpg\" alt=\"Foto1361\" width=\"382\" height=\"286\" srcset=\"https:\/\/www.diario5.com.ar\/wp-content\/uploads\/2015\/10\/Foto1361.jpg 1280w, https:\/\/www.diario5.com.ar\/wp-content\/uploads\/2015\/10\/Foto1361-300x225.jpg 300w, https:\/\/www.diario5.com.ar\/wp-content\/uploads\/2015\/10\/Foto1361-1024x768.jpg 1024w, https:\/\/www.diario5.com.ar\/wp-content\/uploads\/2015\/10\/Foto1361-768x576.jpg 768w, https:\/\/www.diario5.com.ar\/wp-content\/uploads\/2015\/10\/Foto1361-400x300.jpg 400w, https:\/\/www.diario5.com.ar\/wp-content\/uploads\/2015\/10\/Foto1361-260x195.jpg 260w, https:\/\/www.diario5.com.ar\/wp-content\/uploads\/2015\/10\/Foto1361-160x120.jpg 160w\" sizes=\"(max-width: 382px) 100vw, 382px\" \/>Dijeron presente otras personas vinculadas al esfuerzo por ganar terreno en la igualdad de oportunidades y protecci\u00f3n de las vulnerabilidades. Si bien a nadie se le ocurri\u00f3 agregar cotill\u00f3n ni luces de colores, fue notable en los \u00e1nimos, las expresiones de los rostros y hasta en el aire, que se trat\u00f3 de una fiesta.<\/p>\n<figure id=\"attachment_7927\" aria-describedby=\"caption-attachment-7927\" style=\"width: 788px\" class=\"wp-caption alignleft\"><img decoding=\"async\" loading=\"lazy\" class=\"wp-image-7927\" src=\"http:\/\/diario5.com.ar\/wp-content\/uploads\/2015\/10\/Foto1363.jpg\" alt=\"Foto1363\" width=\"788\" height=\"591\" srcset=\"https:\/\/www.diario5.com.ar\/wp-content\/uploads\/2015\/10\/Foto1363.jpg 1280w, https:\/\/www.diario5.com.ar\/wp-content\/uploads\/2015\/10\/Foto1363-300x225.jpg 300w, https:\/\/www.diario5.com.ar\/wp-content\/uploads\/2015\/10\/Foto1363-1024x768.jpg 1024w, https:\/\/www.diario5.com.ar\/wp-content\/uploads\/2015\/10\/Foto1363-768x576.jpg 768w, https:\/\/www.diario5.com.ar\/wp-content\/uploads\/2015\/10\/Foto1363-400x300.jpg 400w, https:\/\/www.diario5.com.ar\/wp-content\/uploads\/2015\/10\/Foto1363-260x195.jpg 260w, https:\/\/www.diario5.com.ar\/wp-content\/uploads\/2015\/10\/Foto1363-160x120.jpg 160w\" sizes=\"(max-width: 788px) 100vw, 788px\" \/><figcaption id=\"caption-attachment-7927\" class=\"wp-caption-text\">Carlos Mello<\/figcaption><\/figure>\n<p>Los reconocidos fueron el Elenco de \u201cMi hijo s\u00f3lo camina un poco m\u00e1s lento\u201d, el Programa \u00abDesde la vida\u00bb y el Diario Tiempo Argentino. Luego, por orden alfab\u00e9tico, los reconocimientos a Paula Barbaro, M\u00f3nica Bascu\u00f1an y Trist\u00e1n Bauer. Recibieron el diploma Cristina Bracco, Daniel Cabezas, Ismael Adri\u00e1n Cominguez y Jos\u00e9 Mar\u00eda Constantini. Tambi\u00e9n Silvina Cotignola, Luis Cruz, Nita Di Leo, Gabriel Eiriz y Silvia Fern\u00e1ndez Barrio. Marcelo Franco, Susana Gonz\u00e1lez Gonz y Enrique Larrouse, Melanie Mart\u00ednez, Fabiana Medina Ortiz y Carlos Mello. Betty Minond, Sara Ochoa, Evangelina Pachilla, Alejandra Soledad Piaggi.<br \/>\nBernarda Pirovano, Leonardo Saavedra, Leonardo Germ\u00e1n Saavedra Densch,<br \/>\nRoc\u00edo Sce, Mat\u00edas Villalba y Karina Vimonte.<\/p>\n<p>&nbsp;<\/p>\n<p>Pr\u00e1cticamente todos los premiados hablaron en p\u00fablico para expresar su agradecimiento al Observatorio. En general se trat\u00f3 de relatos que explicaban la actividad de cada medio, mientras que la alocuci\u00f3n de Carlos Mello destac\u00f3 cu\u00e1nto se ha conseguido a favor de la inclusi\u00f3n desde los a\u00f1os 60, cuando \u00e9l y su familia llegaron a Buenos Aires desde Misiones. El Reconocimiento le fue entregado por su trabajo realizado en los programas Emociones y Emociones Rock, en FM La Boca y Nacional Rock, respectivamente.<\/p>\n<p>&nbsp;<\/p>","protected":false},"excerpt":{"rendered":"<p>El lunes pasado, en el Congreso Nacional, el periodista Carlos Mello recibi\u00f3 un reconocimiento de la Honorable C\u00e1mara de Diputados de la Naci\u00f3n por su trabajo de visibilizaci\u00f3n de las tem\u00e1ticas referidas a las personas con discapacidad en la Argentina. El acto fue en la Sala Delia Parodi del Palacio Legislativo. All\u00ed se reunieron los [&hellip;]<\/p>","protected":false},"author":2,"featured_media":7929,"comment_status":"open","ping_status":"open","sticky":false,"template":"","format":"standard","meta":[],"categories":[21],"tags":[],"series":[],"_links":{"self":[{"href":"https:\/\/www.diario5.com.ar\/es\/wp-json\/wp\/v2\/posts\/7925"}],"collection":[{"href":"https:\/\/www.diario5.com.ar\/es\/wp-json\/wp\/v2\/posts"}],"about":[{"href":"https:\/\/www.diario5.com.ar\/es\/wp-json\/wp\/v2\/types\/post"}],"author":[{"embeddable":true,"href":"https:\/\/www.diario5.com.ar\/es\/wp-json\/wp\/v2\/users\/2"}],"replies":[{"embeddable":true,"href":"https:\/\/www.diario5.com.ar\/es\/wp-json\/wp\/v2\/comments?post=7925"}],"version-history":[{"count":22,"href":"https:\/\/www.diario5.com.ar\/es\/wp-json\/wp\/v2\/posts\/7925\/revisions"}],"predecessor-version":[{"id":7951,"href":"https:\/\/www.diario5.com.ar\/es\/wp-json\/wp\/v2\/posts\/7925\/revisions\/7951"}],"wp:featuredmedia":[{"embeddable":true,"href":"https:\/\/www.diario5.com.ar\/es\/wp-json\/wp\/v2\/media\/7929"}],"wp:attachment":[{"href":"https:\/\/www.diario5.com.ar\/es\/wp-json\/wp\/v2\/media?parent=7925"}],"wp:term":[{"taxonomy":"category","embeddable":true,"href":"https:\/\/www.diario5.com.ar\/es\/wp-json\/wp\/v2\/categories?post=7925"},{"taxonomy":"post_tag","embeddable":true,"href":"https:\/\/www.diario5.com.ar\/es\/wp-json\/wp\/v2\/tags?post=7925"},{"taxonomy":"series","embeddable":true,"href":"https:\/\/www.diario5.com.ar\/es\/wp-json\/wp\/v2\/series?post=7925"}],"curies":[{"name":"wp","href":"https:\/\/api.w.org\/{rel}","templated":true}]}}