{"id":7922,"date":"2015-10-26T07:59:01","date_gmt":"2015-10-26T10:59:01","guid":{"rendered":"http:\/\/diario5.com.ar\/?p=7922"},"modified":"2021-02-04T15:22:12","modified_gmt":"2021-02-04T18:22:12","slug":"indiferencias-varias","status":"publish","type":"post","link":"https:\/\/www.diario5.com.ar\/es\/indiferencias-varias\/","title":{"rendered":"Indiferencias varias"},"content":{"rendered":"<h2 class=\"sub-title-primary\"><\/h2> <figure id=\"attachment_7898\" aria-describedby=\"caption-attachment-7898\" style=\"width: 421px\" class=\"wp-caption alignright\"><img decoding=\"async\" loading=\"lazy\" class=\"alignnone size-full wp-image-622525\" src=\"https:\/\/www.diario5.com.ar\/wp-content\/uploads\/2021\/02\/Foto137720210204.jpg\" width=\"750\" height=\"562\" srcset=\"https:\/\/www.diario5.com.ar\/wp-content\/uploads\/2021\/02\/Foto137720210204.jpg 750w, https:\/\/www.diario5.com.ar\/wp-content\/uploads\/2021\/02\/Foto137720210204-300x225.jpg 300w, https:\/\/www.diario5.com.ar\/wp-content\/uploads\/2021\/02\/Foto137720210204-400x300.jpg 400w, https:\/\/www.diario5.com.ar\/wp-content\/uploads\/2021\/02\/Foto137720210204-260x195.jpg 260w, https:\/\/www.diario5.com.ar\/wp-content\/uploads\/2021\/02\/Foto137720210204-160x120.jpg 160w\" sizes=\"(max-width: 750px) 100vw, 750px\" \/><figcaption id=\"caption-attachment-7898\" class=\"wp-caption-text\">Mucha gente pasa, ve el desastre, comprende que hubo una protesta y sigue sin darle importancia<\/figcaption><\/figure>\n<p>La invisibilizaci\u00f3n en la que cay\u00f3 el tumultuoso reclamo que el mi\u00e9rcoles 21 de octubre realizaron numerosas personas frente a la sede de la Casa de al Provincia del Chaco, en la Av Callao al 300 de la Ciudad de Buenos Aires no se condice con el seguimiento que se le dio en los medios de comunicaci\u00f3n a la muerte que motiv\u00f3 la protesta.<\/p>\n<p>La fuerte acci\u00f3n de los militantes, que rompieron los vidrios y causaron otros da\u00f1os materiales en el lugar se motiv\u00f3 en la indignaci\u00f3n que la mayor\u00eda de la poblaci\u00f3n argentina sufri\u00f3 ante la muerte del dirigente social chaque\u00f1o \u00c1ngel Ver\u00f3n, a manos de la polic\u00eda de esa provincia, al reprimir una protesta del Movimiento de Trabajadores Desocupados.<\/p>\n<p>El 24 de septiembre, Ver\u00f3n se les plant\u00f3 -en su condici\u00f3n de militante de\u00a0la organizaci\u00f3n MTD \u201cNo al desalojo\u201d. \u00a0Reclamaba la entrega de herramientas y becas para la terminaci\u00f3n\u00a0de las viviendas sociales cuya construcci\u00f3n completa fue comprometida por gobierno provincial \u00a0de Capitanich. La Polic\u00eda de la Provincia del Chaco arm\u00f3 una balacera y luego le propin\u00f3 castigos f\u00edsicos a detenidos.<\/p>\n<p>Ver\u00f3n muri\u00f3 25 d\u00edas m\u00e1s tarde en medio de una de las m\u00e1s asquerosas discusiones que se hayan producido en la historia pol\u00edtica argentina, en la que miembros del gobierno chaque\u00f1o y su deleznable fuerza de seguridad le atribuyen la muerte de Ver\u00f3n a una complicaci\u00f3n renal por una operaci\u00f3n que el dirigente hab\u00eda atravesado tiempo antes.<\/p>\n<figure id=\"attachment_7897\" aria-describedby=\"caption-attachment-7897\" style=\"width: 466px\" class=\"wp-caption alignleft\"><img decoding=\"async\" loading=\"lazy\" class=\"alignnone size-full wp-image-622526\" src=\"https:\/\/www.diario5.com.ar\/wp-content\/uploads\/2021\/02\/Foto137620210204.jpg\" width=\"750\" height=\"562\" srcset=\"https:\/\/www.diario5.com.ar\/wp-content\/uploads\/2021\/02\/Foto137620210204.jpg 750w, https:\/\/www.diario5.com.ar\/wp-content\/uploads\/2021\/02\/Foto137620210204-300x225.jpg 300w, https:\/\/www.diario5.com.ar\/wp-content\/uploads\/2021\/02\/Foto137620210204-400x300.jpg 400w, https:\/\/www.diario5.com.ar\/wp-content\/uploads\/2021\/02\/Foto137620210204-260x195.jpg 260w, https:\/\/www.diario5.com.ar\/wp-content\/uploads\/2021\/02\/Foto137620210204-160x120.jpg 160w\" sizes=\"(max-width: 750px) 100vw, 750px\" \/><figcaption id=\"caption-attachment-7897\" class=\"wp-caption-text\">Casa del Chaco. Mi\u00e9rcoles 21 de octubre<\/figcaption><\/figure>\n<p>Pasando a la protesta del mi\u00e9rcoles 21 en Buenos Aires, al d\u00eda siguiente de la muerte de Ver\u00f3n,\u00a0Diario 5 fue el \u00fanico medio que comprob\u00f3 la rotura de instalaciones de la Casa del Chaco, lo que genera mucha (demasiada) distancia entre el Partido Obrero y la parte de la sociedad que poco entiende \u00a0de lo que pasa en la Argentina, casi siempre por cooptaci\u00f3n ideol\u00f3gica de los medios de comunicaci\u00f3n poderosos. S\u00f3lo que esta vez, ni eso sucedi\u00f3, ya que ni se tomaron el trabajo de estar en el lugar para seguir la acci\u00f3n de los manifestantes del PO, quienes &#8211; dicho sea de paso- se est\u00e1n transformando en los que m\u00e1s bajas por muerte sufren, en estos tiempos en los que las protestas por problemas sociales no son compartidas por quienes ideol\u00f3gicamente se rasgan las vestiduras mostr\u00e1ndose \u00a0l\u00edderes de un proyecto nacional.<\/p>\n<p>La defensa de la protesta por la muerte del dirigente social (a quien el gobierno chaque\u00f1o y los medios merdios llaman vulgar y simplistamente, \u00abpiquetero\u00bb) \u00c1ngel Ver\u00f3n no se extiende a una justificaci\u00f3n de la destrucci\u00f3n de lo que pudieron encontrar a su paso en la Casa del Chaco, los manifestantes. Pero \u00bfqui\u00e9n va a dar, ahora, una respuesta adecuada, tanto desde la pol\u00edtica como desde la Justicia en una provincia tan impregnada de costumbres corruptas?<\/p>","protected":false},"excerpt":{"rendered":"<p>La invisibilizaci\u00f3n en la que cay\u00f3 el tumultuoso reclamo que el mi\u00e9rcoles 21 de octubre realizaron numerosas personas frente a la sede de la Casa de al Provincia del Chaco, en la Av Callao al 300 de la Ciudad de Buenos Aires no se condice con el seguimiento que se le dio en los medios [&hellip;]<\/p>","protected":false},"author":4,"featured_media":622525,"comment_status":"open","ping_status":"open","sticky":false,"template":"","format":"standard","meta":[],"categories":[75,7],"tags":[],"series":[],"_links":{"self":[{"href":"https:\/\/www.diario5.com.ar\/es\/wp-json\/wp\/v2\/posts\/7922"}],"collection":[{"href":"https:\/\/www.diario5.com.ar\/es\/wp-json\/wp\/v2\/posts"}],"about":[{"href":"https:\/\/www.diario5.com.ar\/es\/wp-json\/wp\/v2\/types\/post"}],"author":[{"embeddable":true,"href":"https:\/\/www.diario5.com.ar\/es\/wp-json\/wp\/v2\/users\/4"}],"replies":[{"embeddable":true,"href":"https:\/\/www.diario5.com.ar\/es\/wp-json\/wp\/v2\/comments?post=7922"}],"version-history":[{"count":3,"href":"https:\/\/www.diario5.com.ar\/es\/wp-json\/wp\/v2\/posts\/7922\/revisions"}],"predecessor-version":[{"id":622527,"href":"https:\/\/www.diario5.com.ar\/es\/wp-json\/wp\/v2\/posts\/7922\/revisions\/622527"}],"wp:featuredmedia":[{"embeddable":true,"href":"https:\/\/www.diario5.com.ar\/es\/wp-json\/wp\/v2\/media\/622525"}],"wp:attachment":[{"href":"https:\/\/www.diario5.com.ar\/es\/wp-json\/wp\/v2\/media?parent=7922"}],"wp:term":[{"taxonomy":"category","embeddable":true,"href":"https:\/\/www.diario5.com.ar\/es\/wp-json\/wp\/v2\/categories?post=7922"},{"taxonomy":"post_tag","embeddable":true,"href":"https:\/\/www.diario5.com.ar\/es\/wp-json\/wp\/v2\/tags?post=7922"},{"taxonomy":"series","embeddable":true,"href":"https:\/\/www.diario5.com.ar\/es\/wp-json\/wp\/v2\/series?post=7922"}],"curies":[{"name":"wp","href":"https:\/\/api.w.org\/{rel}","templated":true}]}}