{"id":7885,"date":"2015-10-21T16:21:07","date_gmt":"2015-10-21T19:21:07","guid":{"rendered":"http:\/\/diario5.com.ar\/?p=7885"},"modified":"2015-10-21T16:46:43","modified_gmt":"2015-10-21T19:46:43","slug":"un-reclamo-para-atender-entre-todos","status":"publish","type":"post","link":"https:\/\/www.diario5.com.ar\/es\/un-reclamo-para-atender-entre-todos\/","title":{"rendered":"Un reclamo para atender entre todos"},"content":{"rendered":"<h2 class=\"sub-title-primary\"><\/h2> <p><img decoding=\"async\" loading=\"lazy\" class=\"wp-image-7888 alignleft\" src=\"http:\/\/diario5.com.ar\/wp-content\/uploads\/2015\/10\/Foto1367.jpg\" alt=\"Foto1367\" width=\"560\" height=\"421\" srcset=\"https:\/\/www.diario5.com.ar\/wp-content\/uploads\/2015\/10\/Foto1367.jpg 1280w, https:\/\/www.diario5.com.ar\/wp-content\/uploads\/2015\/10\/Foto1367-300x225.jpg 300w, https:\/\/www.diario5.com.ar\/wp-content\/uploads\/2015\/10\/Foto1367-1024x768.jpg 1024w, https:\/\/www.diario5.com.ar\/wp-content\/uploads\/2015\/10\/Foto1367-768x576.jpg 768w, https:\/\/www.diario5.com.ar\/wp-content\/uploads\/2015\/10\/Foto1367-400x300.jpg 400w, https:\/\/www.diario5.com.ar\/wp-content\/uploads\/2015\/10\/Foto1367-260x195.jpg 260w, https:\/\/www.diario5.com.ar\/wp-content\/uploads\/2015\/10\/Foto1367-160x120.jpg 160w\" sizes=\"(max-width: 560px) 100vw, 560px\" \/><br \/>\nLos cartoneros apostados en la Av. Pte Roque S\u00e1enz Pe\u00f1a al 500, es decir, a paso de la famosa esquina de Florida y Diagonal Norte, quemando basura en notables cantidades, es un llamado de atenci\u00f3n de gran importancia en el \u00e1mbito urbano.<\/p>\n<p>Por supuesto que es, principalmente, el Gobierno de la Ciudad el que debe atender sus reclamos, pero la ciudadan\u00eda porte\u00f1a toda debe estar atenta, ya que se trata del primer eslab\u00f3n de la cadena de actividades con aporte directo a la sustentabilidad en el m\u00e1s complejo inconveniente de la vida urbana: los residuos.<\/p>\n<p><img decoding=\"async\" loading=\"lazy\" class=\"wp-image-7887 alignright\" src=\"http:\/\/diario5.com.ar\/wp-content\/uploads\/2015\/10\/Foto1366.jpg\" alt=\"Foto1366\" width=\"376\" height=\"283\" srcset=\"https:\/\/www.diario5.com.ar\/wp-content\/uploads\/2015\/10\/Foto1366.jpg 1280w, https:\/\/www.diario5.com.ar\/wp-content\/uploads\/2015\/10\/Foto1366-300x225.jpg 300w, https:\/\/www.diario5.com.ar\/wp-content\/uploads\/2015\/10\/Foto1366-1024x768.jpg 1024w, https:\/\/www.diario5.com.ar\/wp-content\/uploads\/2015\/10\/Foto1366-768x576.jpg 768w, https:\/\/www.diario5.com.ar\/wp-content\/uploads\/2015\/10\/Foto1366-400x300.jpg 400w, https:\/\/www.diario5.com.ar\/wp-content\/uploads\/2015\/10\/Foto1366-260x195.jpg 260w, https:\/\/www.diario5.com.ar\/wp-content\/uploads\/2015\/10\/Foto1366-160x120.jpg 160w\" sizes=\"(max-width: 376px) 100vw, 376px\" \/><br \/>\nEl reclamo al gobierno de la Ciudad (y ya que estamos que el Gobierno Nacional preste atenci\u00f3n, intervenga con su capacidad de cohesi\u00f3n entre distritos y ponga algo de plata) es absolutamente leg\u00edtimo y requiere urgente factibilidad: se trata de las mejoras en cuanto a la condici\u00f3n operativa de todo el proceso de reciclado. Incluso hay cosas que estos muchachos no contemplan, que es el transporte desde los centros de trabajo hasta la Ciudad y su correspondiente regreso a los hogares.<\/p>\n<p>&nbsp;<\/p>\n<p>&nbsp;<\/p>\n<p><img decoding=\"async\" loading=\"lazy\" class=\"wp-image-7889 alignleft\" src=\"http:\/\/diario5.com.ar\/wp-content\/uploads\/2015\/10\/Foto1368.jpg\" alt=\"Foto1368\" width=\"398\" height=\"300\" srcset=\"https:\/\/www.diario5.com.ar\/wp-content\/uploads\/2015\/10\/Foto1368.jpg 1280w, https:\/\/www.diario5.com.ar\/wp-content\/uploads\/2015\/10\/Foto1368-300x225.jpg 300w, https:\/\/www.diario5.com.ar\/wp-content\/uploads\/2015\/10\/Foto1368-1024x768.jpg 1024w, https:\/\/www.diario5.com.ar\/wp-content\/uploads\/2015\/10\/Foto1368-768x576.jpg 768w, https:\/\/www.diario5.com.ar\/wp-content\/uploads\/2015\/10\/Foto1368-400x300.jpg 400w, https:\/\/www.diario5.com.ar\/wp-content\/uploads\/2015\/10\/Foto1368-260x195.jpg 260w, https:\/\/www.diario5.com.ar\/wp-content\/uploads\/2015\/10\/Foto1368-160x120.jpg 160w\" sizes=\"(max-width: 398px) 100vw, 398px\" \/><\/p>\n<p>&nbsp;<\/p>\n<p>&nbsp;<\/p>\n<p>&nbsp;<\/p>\n<p>Nadie reclama el establecimiento de inmuebles con duchas y gabinetes de descanso en las zonas de transferencia (casi siempre en el distrito tecnol\u00f3gico, es decir, \u00e1rea Barraca y Pque Patricios). Pues bien, esos centros deben ser montados y financiados por una Mesa Cuadripartita: Las empresas que reciben el cart\u00f3n, el Gobierno de la Ciudad, que se beneficia con el ingreso de dinero que genera toda esta actividad, el Gobierno Provincial, que controla a nivel fiscal una parte del gran negocio final \u00a0del reciclaje y el Gobierno Nacional (gobierne quien gobierne)por ser el l\u00edder del concepto de \u00absustentabilidad\u00bb, por lo que todo termina redundando en un beneficio pol\u00edtico.<\/p>\n<p><img decoding=\"async\" loading=\"lazy\" class=\"wp-image-7890 alignright\" src=\"http:\/\/diario5.com.ar\/wp-content\/uploads\/2015\/10\/Foto1369.jpg\" alt=\"Foto1369\" width=\"361\" height=\"272\" srcset=\"https:\/\/www.diario5.com.ar\/wp-content\/uploads\/2015\/10\/Foto1369.jpg 1280w, https:\/\/www.diario5.com.ar\/wp-content\/uploads\/2015\/10\/Foto1369-300x225.jpg 300w, https:\/\/www.diario5.com.ar\/wp-content\/uploads\/2015\/10\/Foto1369-1024x768.jpg 1024w, https:\/\/www.diario5.com.ar\/wp-content\/uploads\/2015\/10\/Foto1369-768x576.jpg 768w, https:\/\/www.diario5.com.ar\/wp-content\/uploads\/2015\/10\/Foto1369-400x300.jpg 400w, https:\/\/www.diario5.com.ar\/wp-content\/uploads\/2015\/10\/Foto1369-260x195.jpg 260w, https:\/\/www.diario5.com.ar\/wp-content\/uploads\/2015\/10\/Foto1369-160x120.jpg 160w\" sizes=\"(max-width: 361px) 100vw, 361px\" \/><\/p>\n<p>&nbsp;<\/p>\n<p>Por otro lado, la organizaci\u00f3n cartonera no tiene el paraguas sindical que s\u00ed cubre a los recolectores (Sindicato de Camioneros, principalmente) por lo que la CGT deber\u00eda integrar, como quinto adherente, la mesa de financiaci\u00f3n de servicios para los recicladores, por dos motivos: el primero, porque la presencia de cartoneros junto a otros trabajadores en las calles, los mantiene unidos y generan la disuasi\u00f3n de delitos. Segundo: por solidaridad pura, ya que el reciclador es un trabajador y punto. Si no, la solidaridad de la CGT se reduce a los trabajadores\u00a0en blanco. Hay que colaborar con los reclamos de esta gente.<\/p>\n<pre><em>\u00a0Fotos: Diario 5<\/em><\/pre>\n<p>&nbsp;<\/p>\n<p>&nbsp;<\/p>\n<p><img decoding=\"async\" loading=\"lazy\" class=\"wp-image-7891 alignleft\" src=\"http:\/\/diario5.com.ar\/wp-content\/uploads\/2015\/10\/Foto1370.jpg\" alt=\"Foto1370\" width=\"366\" height=\"279\" \/><\/p>\n<p><img decoding=\"async\" loading=\"lazy\" class=\"wp-image-7892 alignright\" src=\"http:\/\/diario5.com.ar\/wp-content\/uploads\/2015\/10\/Foto1371.jpg\" alt=\"Foto1371\" width=\"366\" height=\"280\" \/><\/p>","protected":false},"excerpt":{"rendered":"<p>Los cartoneros apostados en la Av. Pte Roque S\u00e1enz Pe\u00f1a al 500, es decir, a paso de la famosa esquina de Florida y Diagonal Norte, quemando basura en notables cantidades, es un llamado de atenci\u00f3n de gran importancia en el \u00e1mbito urbano. Por supuesto que es, principalmente, el Gobierno de la Ciudad el que debe [&hellip;]<\/p>","protected":false},"author":1,"featured_media":7899,"comment_status":"open","ping_status":"open","sticky":false,"template":"","format":"standard","meta":[],"categories":[7],"tags":[],"series":[],"_links":{"self":[{"href":"https:\/\/www.diario5.com.ar\/es\/wp-json\/wp\/v2\/posts\/7885"}],"collection":[{"href":"https:\/\/www.diario5.com.ar\/es\/wp-json\/wp\/v2\/posts"}],"about":[{"href":"https:\/\/www.diario5.com.ar\/es\/wp-json\/wp\/v2\/types\/post"}],"author":[{"embeddable":true,"href":"https:\/\/www.diario5.com.ar\/es\/wp-json\/wp\/v2\/users\/1"}],"replies":[{"embeddable":true,"href":"https:\/\/www.diario5.com.ar\/es\/wp-json\/wp\/v2\/comments?post=7885"}],"version-history":[{"count":21,"href":"https:\/\/www.diario5.com.ar\/es\/wp-json\/wp\/v2\/posts\/7885\/revisions"}],"predecessor-version":[{"id":7920,"href":"https:\/\/www.diario5.com.ar\/es\/wp-json\/wp\/v2\/posts\/7885\/revisions\/7920"}],"wp:featuredmedia":[{"embeddable":true,"href":"https:\/\/www.diario5.com.ar\/es\/wp-json\/wp\/v2\/media\/7899"}],"wp:attachment":[{"href":"https:\/\/www.diario5.com.ar\/es\/wp-json\/wp\/v2\/media?parent=7885"}],"wp:term":[{"taxonomy":"category","embeddable":true,"href":"https:\/\/www.diario5.com.ar\/es\/wp-json\/wp\/v2\/categories?post=7885"},{"taxonomy":"post_tag","embeddable":true,"href":"https:\/\/www.diario5.com.ar\/es\/wp-json\/wp\/v2\/tags?post=7885"},{"taxonomy":"series","embeddable":true,"href":"https:\/\/www.diario5.com.ar\/es\/wp-json\/wp\/v2\/series?post=7885"}],"curies":[{"name":"wp","href":"https:\/\/api.w.org\/{rel}","templated":true}]}}