{"id":7841,"date":"2015-10-16T13:18:19","date_gmt":"2015-10-16T16:18:19","guid":{"rendered":"http:\/\/diario5.com.ar\/?p=7841"},"modified":"2015-10-16T13:18:39","modified_gmt":"2015-10-16T16:18:39","slug":"inclusion-la-proxima-etapa","status":"publish","type":"post","link":"https:\/\/www.diario5.com.ar\/es\/inclusion-la-proxima-etapa\/","title":{"rendered":"Inclusi\u00f3n: La pr\u00f3xima etapa"},"content":{"rendered":"<h2 class=\"sub-title-primary\"><\/h2> <figure id=\"attachment_7842\" aria-describedby=\"caption-attachment-7842\" style=\"width: 435px\" class=\"wp-caption alignleft\"><a href=\"https:\/\/www.diario5.com.ar\/wp-content\/uploads\/2015\/10\/inclusion6.jpg\"><img decoding=\"async\" loading=\"lazy\" class=\"wp-image-7842\" src=\"http:\/\/diario5.com.ar\/wp-content\/uploads\/2015\/10\/inclusion6-300x224.jpg\" alt=\"inclusion6\" width=\"435\" height=\"325\" srcset=\"https:\/\/www.diario5.com.ar\/wp-content\/uploads\/2015\/10\/inclusion6-300x224.jpg 300w, https:\/\/www.diario5.com.ar\/wp-content\/uploads\/2015\/10\/inclusion6-400x299.jpg 400w, https:\/\/www.diario5.com.ar\/wp-content\/uploads\/2015\/10\/inclusion6-260x194.jpg 260w, https:\/\/www.diario5.com.ar\/wp-content\/uploads\/2015\/10\/inclusion6-160x119.jpg 160w, https:\/\/www.diario5.com.ar\/wp-content\/uploads\/2015\/10\/inclusion6.jpg 620w\" sizes=\"(max-width: 435px) 100vw, 435px\" \/><\/a><figcaption id=\"caption-attachment-7842\" class=\"wp-caption-text\">Hay temas que no deben perder atenci\u00f3n<\/figcaption><\/figure>\n<p>Para que la Ciudad de Buenos Aires gane, en lo que todos conocemos como accesibilidad, es necesario que todos los involucrados se consulten entre s\u00ed. Es muy com\u00fan que, a veces, escuchemos decir a los gobernantes que ciertos objetivos los tenemos que lograr \u201centre todos\u201d.<\/p>\n<p>Pero\u2026 \u00bfqu\u00e9 significa que algo sea \u201centre todos\u201d, cuando en la mayor\u00eda de los casos, cuando quieren intentar un objetivo, quienes gobiernan, de entrada todo lo intentan solos y sin consultar a nadie? Luego vienen los nudos que hay que destrabar, aparecen las cr\u00edticas y entonces s\u00ed, a consensuar, porque \u2013suelen decir- \u201clo que hay que lograr, lo logramos entre todos o no lo logra nadie\u201d.<\/p>\n<p>Como es tan com\u00fan y repetido este proceso cuando las papas queman, nos queremos adelantar a cualquier conflicto que pueda surgir para cuando asuma el recambio del gobierno de la Ciudad. Aunque se trate de una entrega del poder entre Jefes de Gobierno de un mismo partido, aspiramos a que la pr\u00f3xima administraci\u00f3n mejore en los aspectos referidos a la atenci\u00f3n que demanda el universo de la inclusi\u00f3n.<\/p>\n<p>Cuando las rampas se usan para llegar de una puerta a la otra, no hay nada para observar, pero cuando nos depositan en un hospital desprovisto de un servicio especial para la atenci\u00f3n de personas con discapacidad, la accesibilidad decae. La accesibilidad decae si en las escuelas primarias y secundarias se hace d\u00e9bil la ense\u00f1anza de c\u00f3mo actuar en casos de necesidad para la asistencia de personas con discapacidades.<\/p>\n<p>Genera el mismo efecto si, como sociedad, no se nos ense\u00f1a ni se fomenta el conocimiento de c\u00f3mo actuar en cualquier tipo de emergencia humana. Y fundamentalmente se hace imperioso evitar que Inclusi\u00f3n y Accesibilidad se conviertan en palabritas de moda y se utilicen viciosamente para hacer pol\u00edtica. Por eso es necesario que las organizaciones que representan a las personas con discapacidad sean consultadas en forma permanente. Y ser\u00e1 fundamental que COPIDIS, la Comisi\u00f3n para la Plena Participaci\u00f3n e Inclusi\u00f3n de las Personas con Discapacidad tenga una flu\u00edda interacci\u00f3n con las autoridades de salud de la Ciudad.<\/p>\n<p>Diario 5 estar\u00e1 observando el proceso de transici\u00f3n, que para muchos ser\u00e1 imperceptible pero entendemos que se notar\u00e1 una diferencia de riesgosos posibles resultados, no por diferencia de estilos de gesti\u00f3n sino por el justificado temor a las invariables mermas de presupuesto que \u201cm\u00e1gicamente\u201d suelen sufrir los a\u00f1os posteriores a las campa\u00f1as electorales. Ser\u00e1 \u00e9ste un objetivo claro y singular del periodismo especializado en temas de inclusi\u00f3n durante la pr\u00f3xima gesti\u00f3n porte\u00f1a. Y tambi\u00e9n de la Naci\u00f3n: ser\u00e1 necesario que en 2016 las leyes referidas a la discapacidad y sus reglamentaciones se cumplan a rajatabla para evitar que eventuales cambios pol\u00edticos aporten a la diluci\u00f3n del costoso proceso de concientizaci\u00f3n de la sociedad acerca de los temas referidos a la inclusi\u00f3n.<\/p>","protected":false},"excerpt":{"rendered":"<p>Para que la Ciudad de Buenos Aires gane, en lo que todos conocemos como accesibilidad, es necesario que todos los involucrados se consulten entre s\u00ed. Es muy com\u00fan que, a veces, escuchemos decir a los gobernantes que ciertos objetivos los tenemos que lograr \u201centre todos\u201d. Pero\u2026 \u00bfqu\u00e9 significa que algo sea \u201centre todos\u201d, cuando en [&hellip;]<\/p>","protected":false},"author":1,"featured_media":7842,"comment_status":"open","ping_status":"open","sticky":false,"template":"","format":"standard","meta":[],"categories":[21],"tags":[],"series":[],"_links":{"self":[{"href":"https:\/\/www.diario5.com.ar\/es\/wp-json\/wp\/v2\/posts\/7841"}],"collection":[{"href":"https:\/\/www.diario5.com.ar\/es\/wp-json\/wp\/v2\/posts"}],"about":[{"href":"https:\/\/www.diario5.com.ar\/es\/wp-json\/wp\/v2\/types\/post"}],"author":[{"embeddable":true,"href":"https:\/\/www.diario5.com.ar\/es\/wp-json\/wp\/v2\/users\/1"}],"replies":[{"embeddable":true,"href":"https:\/\/www.diario5.com.ar\/es\/wp-json\/wp\/v2\/comments?post=7841"}],"version-history":[{"count":2,"href":"https:\/\/www.diario5.com.ar\/es\/wp-json\/wp\/v2\/posts\/7841\/revisions"}],"predecessor-version":[{"id":7844,"href":"https:\/\/www.diario5.com.ar\/es\/wp-json\/wp\/v2\/posts\/7841\/revisions\/7844"}],"wp:featuredmedia":[{"embeddable":true,"href":"https:\/\/www.diario5.com.ar\/es\/wp-json\/wp\/v2\/media\/7842"}],"wp:attachment":[{"href":"https:\/\/www.diario5.com.ar\/es\/wp-json\/wp\/v2\/media?parent=7841"}],"wp:term":[{"taxonomy":"category","embeddable":true,"href":"https:\/\/www.diario5.com.ar\/es\/wp-json\/wp\/v2\/categories?post=7841"},{"taxonomy":"post_tag","embeddable":true,"href":"https:\/\/www.diario5.com.ar\/es\/wp-json\/wp\/v2\/tags?post=7841"},{"taxonomy":"series","embeddable":true,"href":"https:\/\/www.diario5.com.ar\/es\/wp-json\/wp\/v2\/series?post=7841"}],"curies":[{"name":"wp","href":"https:\/\/api.w.org\/{rel}","templated":true}]}}