{"id":7830,"date":"2015-10-11T18:24:15","date_gmt":"2015-10-11T21:24:15","guid":{"rendered":"http:\/\/diario5.com.ar\/?p=7830"},"modified":"2015-10-12T00:56:27","modified_gmt":"2015-10-12T03:56:27","slug":"obra-entre-plaza-miserere-y-estacion-once","status":"publish","type":"post","link":"https:\/\/www.diario5.com.ar\/es\/obra-entre-plaza-miserere-y-estacion-once\/","title":{"rendered":"Obra entre Plaza Miserere y Estaci\u00f3n Once"},"content":{"rendered":"<h2 class=\"sub-title-primary\"><\/h2> <p><a href=\"https:\/\/www.diario5.com.ar\/wp-content\/uploads\/2015\/10\/Foto1321.jpg\"><img decoding=\"async\" loading=\"lazy\" class=\"size-medium wp-image-7834 alignleft\" src=\"http:\/\/diario5.com.ar\/wp-content\/uploads\/2015\/10\/Foto1321-300x225.jpg\" alt=\"Foto1321\" width=\"300\" height=\"225\" srcset=\"https:\/\/www.diario5.com.ar\/wp-content\/uploads\/2015\/10\/Foto1321-300x225.jpg 300w, https:\/\/www.diario5.com.ar\/wp-content\/uploads\/2015\/10\/Foto1321-1024x768.jpg 1024w, https:\/\/www.diario5.com.ar\/wp-content\/uploads\/2015\/10\/Foto1321-768x576.jpg 768w, https:\/\/www.diario5.com.ar\/wp-content\/uploads\/2015\/10\/Foto1321-400x300.jpg 400w, https:\/\/www.diario5.com.ar\/wp-content\/uploads\/2015\/10\/Foto1321-260x195.jpg 260w, https:\/\/www.diario5.com.ar\/wp-content\/uploads\/2015\/10\/Foto1321-160x120.jpg 160w, https:\/\/www.diario5.com.ar\/wp-content\/uploads\/2015\/10\/Foto1321.jpg 1280w\" sizes=\"(max-width: 300px) 100vw, 300px\" \/><\/a> <a href=\"https:\/\/www.diario5.com.ar\/wp-content\/uploads\/2015\/10\/Foto1320.jpg\"><img decoding=\"async\" loading=\"lazy\" class=\"size-medium wp-image-7833 alignleft\" src=\"http:\/\/diario5.com.ar\/wp-content\/uploads\/2015\/10\/Foto1320-300x225.jpg\" alt=\"Foto1320\" width=\"300\" height=\"225\" srcset=\"https:\/\/www.diario5.com.ar\/wp-content\/uploads\/2015\/10\/Foto1320-300x225.jpg 300w, https:\/\/www.diario5.com.ar\/wp-content\/uploads\/2015\/10\/Foto1320-1024x768.jpg 1024w, https:\/\/www.diario5.com.ar\/wp-content\/uploads\/2015\/10\/Foto1320-768x576.jpg 768w, https:\/\/www.diario5.com.ar\/wp-content\/uploads\/2015\/10\/Foto1320-400x300.jpg 400w, https:\/\/www.diario5.com.ar\/wp-content\/uploads\/2015\/10\/Foto1320-260x195.jpg 260w, https:\/\/www.diario5.com.ar\/wp-content\/uploads\/2015\/10\/Foto1320-160x120.jpg 160w, https:\/\/www.diario5.com.ar\/wp-content\/uploads\/2015\/10\/Foto1320.jpg 1280w\" sizes=\"(max-width: 300px) 100vw, 300px\" \/><\/a> \u00a0<a href=\"https:\/\/www.diario5.com.ar\/wp-content\/uploads\/2015\/10\/Foto1319.jpg\"><img decoding=\"async\" loading=\"lazy\" class=\"size-medium wp-image-7832 alignleft\" src=\"http:\/\/diario5.com.ar\/wp-content\/uploads\/2015\/10\/Foto1319-300x225.jpg\" alt=\"Foto1319\" width=\"300\" height=\"225\" srcset=\"https:\/\/www.diario5.com.ar\/wp-content\/uploads\/2015\/10\/Foto1319-300x225.jpg 300w, https:\/\/www.diario5.com.ar\/wp-content\/uploads\/2015\/10\/Foto1319-1024x768.jpg 1024w, https:\/\/www.diario5.com.ar\/wp-content\/uploads\/2015\/10\/Foto1319-768x576.jpg 768w, https:\/\/www.diario5.com.ar\/wp-content\/uploads\/2015\/10\/Foto1319-400x300.jpg 400w, https:\/\/www.diario5.com.ar\/wp-content\/uploads\/2015\/10\/Foto1319-260x195.jpg 260w, https:\/\/www.diario5.com.ar\/wp-content\/uploads\/2015\/10\/Foto1319-160x120.jpg 160w, https:\/\/www.diario5.com.ar\/wp-content\/uploads\/2015\/10\/Foto1319.jpg 1280w\" sizes=\"(max-width: 300px) 100vw, 300px\" \/><\/a> <a href=\"https:\/\/www.diario5.com.ar\/wp-content\/uploads\/2015\/10\/Foto1322.jpg\"><img decoding=\"async\" loading=\"lazy\" class=\"size-medium wp-image-7831 alignleft\" src=\"http:\/\/diario5.com.ar\/wp-content\/uploads\/2015\/10\/Foto1322-300x225.jpg\" alt=\"Foto1322\" width=\"300\" height=\"225\" srcset=\"https:\/\/www.diario5.com.ar\/wp-content\/uploads\/2015\/10\/Foto1322-300x225.jpg 300w, https:\/\/www.diario5.com.ar\/wp-content\/uploads\/2015\/10\/Foto1322-1024x768.jpg 1024w, https:\/\/www.diario5.com.ar\/wp-content\/uploads\/2015\/10\/Foto1322-768x576.jpg 768w, https:\/\/www.diario5.com.ar\/wp-content\/uploads\/2015\/10\/Foto1322-400x300.jpg 400w, https:\/\/www.diario5.com.ar\/wp-content\/uploads\/2015\/10\/Foto1322-260x195.jpg 260w, https:\/\/www.diario5.com.ar\/wp-content\/uploads\/2015\/10\/Foto1322-160x120.jpg 160w, https:\/\/www.diario5.com.ar\/wp-content\/uploads\/2015\/10\/Foto1322.jpg 1280w\" sizes=\"(max-width: 300px) 100vw, 300px\" \/><\/a>Los andariveles de paradas de colectivos sobre la calle Bartolom\u00e9 Mitre frente a la estaci\u00f3n Once del Ferrocarril Sarmiento no est\u00e1n, en estos d\u00edas, ofreciendo la mayor comodidad para os pasajeros, por razones que redundar\u00edan en beneficios futuros. Es que se est\u00e1 trabajando en las d\u00e1rsenas y refugios para que los transportes p\u00fablicos accedan con mayor fluidez al sector pero especialmente que el p\u00fablico que viaja gane en comodidad y seguridad en ese lugar.<\/p>\n<p>El modelo ya fue presentado y aprobado en Constituci\u00f3n y Retiro, por lo que, se estima, funcionar\u00e1 satisfactoriamente. Este es un reclamo que trae d\u00e9cadas y cuando las cosas, finalmente, se realizan, vale la pena destacarlo.<\/p>\n<p>Si bien se trata de una obra presentada en el marco de la mism\u00edsima campa\u00f1a electoral en la que Mauricio Macri aspira a que los porte\u00f1os sean los principales impulsores de una elecci\u00f3n lo suficientemente buena como para arribar a unbalotaje que lo deposite en la Presidencia de la Naci\u00f3n, las obras de paradas de colectivos que se encuentran linderas a las terminales ferrovierias eran realmente esperadas.<\/p>\n<p>La complicaci\u00f3n actual es la de enfrentar el angostamiento de las calles disponibles para que los pasajeros accedan o bajen del transporte p\u00fablico, por lo que se hace imperiosa la aceleraci\u00f3n del ritmo de obra, no s\u00f3lo  para que los usuarios ya puedan aprovechar el sistema planificado, sino tambi\u00e9n por cuestiones de seguridad, ya que estamos atravesando una etapa en la que la obra gener\u00f3 la eliminaci\u00f3n de una vereda en la que los pasajeros puedan esperar los buses o en la que puedan pisar al bajar de ellos.<\/p>\n<p>Hay que apurar la obra en horario de baja circulaci\u00f3n de personas, ya que en los otros son demasiados miles los que andan por all\u00ed y los riesgos que generan las obras se multiplican cuando el n\u00famero de transe\u00fantes aumenta<\/p>\n<p>&nbsp;<\/p>","protected":false},"excerpt":{"rendered":"<p>\u00a0 Los andariveles de paradas de colectivos sobre la calle Bartolom\u00e9 Mitre frente a la estaci\u00f3n Once del Ferrocarril Sarmiento no est\u00e1n, en estos d\u00edas, ofreciendo la mayor comodidad para os pasajeros, por razones que redundar\u00edan en beneficios futuros. Es que se est\u00e1 trabajando en las d\u00e1rsenas y refugios para que los transportes p\u00fablicos accedan [&hellip;]<\/p>","protected":false},"author":1,"featured_media":7834,"comment_status":"open","ping_status":"open","sticky":false,"template":"","format":"standard","meta":[],"categories":[6],"tags":[],"series":[],"_links":{"self":[{"href":"https:\/\/www.diario5.com.ar\/es\/wp-json\/wp\/v2\/posts\/7830"}],"collection":[{"href":"https:\/\/www.diario5.com.ar\/es\/wp-json\/wp\/v2\/posts"}],"about":[{"href":"https:\/\/www.diario5.com.ar\/es\/wp-json\/wp\/v2\/types\/post"}],"author":[{"embeddable":true,"href":"https:\/\/www.diario5.com.ar\/es\/wp-json\/wp\/v2\/users\/1"}],"replies":[{"embeddable":true,"href":"https:\/\/www.diario5.com.ar\/es\/wp-json\/wp\/v2\/comments?post=7830"}],"version-history":[{"count":5,"href":"https:\/\/www.diario5.com.ar\/es\/wp-json\/wp\/v2\/posts\/7830\/revisions"}],"predecessor-version":[{"id":7839,"href":"https:\/\/www.diario5.com.ar\/es\/wp-json\/wp\/v2\/posts\/7830\/revisions\/7839"}],"wp:featuredmedia":[{"embeddable":true,"href":"https:\/\/www.diario5.com.ar\/es\/wp-json\/wp\/v2\/media\/7834"}],"wp:attachment":[{"href":"https:\/\/www.diario5.com.ar\/es\/wp-json\/wp\/v2\/media?parent=7830"}],"wp:term":[{"taxonomy":"category","embeddable":true,"href":"https:\/\/www.diario5.com.ar\/es\/wp-json\/wp\/v2\/categories?post=7830"},{"taxonomy":"post_tag","embeddable":true,"href":"https:\/\/www.diario5.com.ar\/es\/wp-json\/wp\/v2\/tags?post=7830"},{"taxonomy":"series","embeddable":true,"href":"https:\/\/www.diario5.com.ar\/es\/wp-json\/wp\/v2\/series?post=7830"}],"curies":[{"name":"wp","href":"https:\/\/api.w.org\/{rel}","templated":true}]}}