{"id":7814,"date":"2015-10-08T17:40:22","date_gmt":"2015-10-08T20:40:22","guid":{"rendered":"http:\/\/diario5.com.ar\/?p=7814"},"modified":"2015-10-11T06:09:02","modified_gmt":"2015-10-11T09:09:02","slug":"macri-con-peronistas-inaugura-monumento-a-peron","status":"publish","type":"post","link":"https:\/\/www.diario5.com.ar\/es\/macri-con-peronistas-inaugura-monumento-a-peron\/","title":{"rendered":"Macri, con peronistas, inaugura Monumento a Per\u00f3n"},"content":{"rendered":"<h2 class=\"sub-title-primary\"><\/h2> <figure id=\"attachment_7815\" aria-describedby=\"caption-attachment-7815\" style=\"width: 196px\" class=\"wp-caption alignleft\"><a href=\"https:\/\/www.diario5.com.ar\/wp-content\/uploads\/2015\/10\/estatua_peron.jpg\"><img decoding=\"async\" loading=\"lazy\" class=\"wp-image-7815 size-medium\" src=\"http:\/\/diario5.com.ar\/wp-content\/uploads\/2015\/10\/estatua_peron-196x300.jpg\" alt=\"estatua_peron\" width=\"196\" height=\"300\" \/><\/a><figcaption id=\"caption-attachment-7815\" class=\"wp-caption-text\">Benav\u00eddez, Larreta, Macri, Venegas, Vidal, Duhalde y Moyano inaugurando Plaza y Monumento a Juan Domingo Per\u00f3n<\/figcaption><\/figure>\n<p>Carlos Benav\u00eddez, el escultor cordob\u00e9s, de quien se encontrar\u00e1n referencias en internet que lo sindiquen como \u00abrealista\u00bb y tambi\u00e9n como \u00abnaturalista\u00bb, fue el encargado de realizar la estatua principal y las complementarias del monumento a Juan Domingo Per\u00f3n, que qued\u00f3 erigido en la plaza del mismo nombre, el cl\u00e1sico espacio p\u00fablico porte\u00f1o delimitado por la Av. Paseo Col\u00f3n, la Av. Belgrano y las calles Azopardo y Moreno.<\/p>\n<p>Para muchos porte\u00f1os fue siempre la Plaza de la Aduana, ya que se encuentra frente al edificio principal de la Administraci\u00f3n Nacional de Aduanas, de Azopardo 350. Esta identificaci\u00f3n con la antigua Aduana Nacional gener\u00f3, desde siempre, que el, hasta ayer, nombre oficial la plaza, Agust\u00edn P. Justo, no tuviera demasiado arraigo en la memoria de los habitantes de la Ciudad.<\/p>\n<p>Ayer, en un acto en el que todos los protagonistas sab\u00edan que generar\u00eda grandes pol\u00e9micas, el Jefe de Gobierno y candidato a Presidente de la Naci\u00f3n por el Pro, Mauricio Macri, junto a su Jefe de Gabinete y Jefe de Gobierno electo, Horacio Rodr\u00edguez Larreta y la vicejefa de gobierno y candidata a gobernadora de la Provincia de Buenos Aires, Mar\u00eda Eugenia Vidal,\u00a0se inaugur\u00f3 el primer monumento con plaza propia que la Ciudad de Buenos Aires destina a la memoria del tres veces presidente argentino, Tte. General Juan Domingo Per\u00f3n, fundador del movimiento que alude su nombre y mentor de una doctrina que, se considera, debe ser defendida y promovida por el, por ahora \u00abcongelado\u00bb, Partido Justicialista, del que son derivadas varias vertientes pol\u00edticas de lo que s\u00ed se sigue identificando globalmente como \u00abperonismo\u00bb.<\/p>\n<p>El sustancialmente curioso caleidoscopio que se vislumbr\u00f3 ayer en el acto &#8211; aparte de que los mencionados funcionarios, m\u00e1ximas autoridades de la Ciudad, pertenecen, en su origen ideol\u00f3gico, a las ant\u00edpodas de pensamiento de lo que pregonaba el popular caudillo- incluy\u00f3 la presencia de conocid\u00edsimos dirigentes peronistas, con \u00e1nimo de decirle al fot\u00f3grafo \u00abtodos unidos triunfaremos\u00bb pero sin poder liberarse del estigma de que en el \u00abEn el peronismo sin Per\u00f3n, siempre hubo divisi\u00f3n\u00bb. Se trata del Secretario General de la Confederaci\u00f3n General del Trabajo, Hugo Moyano, el Secretario General de la Union de trabajadores rurales y Estibadores (UATRE), Ger\u00f3nimo \u00abMomo\u00bb Venegas y el ex presidente de la Naci\u00f3n, Eduardo Duhalde.<\/p>\n<p>Los r\u00edos de tinta que se est\u00e1n gastando para analizar a Macri -en campa\u00f1a, claro- inaugurando un monumento a Per\u00f3n no los vamos a alimentar en Diario 5, no por no ser un peri\u00f3dico impreso sino porque no hay persona argentino\u00a0al que haya que explicarle por qu\u00e9 el candidato de Cambiemos estaba all\u00ed con su gente del Pro. Digamos que hizo pol\u00edtica y sali\u00f3 ganando un poco. En el caso de Venegas, consigui\u00f3 confirmar que est\u00e1 con Macri, ya que cada vez que lo intent\u00f3 hacer notar, los medios no le daban demasiada pantalla, dec\u00e1ndose a los candidatos presidenciales y los temas que los rodean. A Moyano tambi\u00e9n lo favoreci\u00f3 en unos puntitos el estar presente, aunque, como se trata del l\u00edder sindical m\u00e1s encumbrado y lo trate de \u00abcompa\u00f1ero\u00bb al l\u00edder del Pro, se maneja relajado en un momento como \u00e9ste en el que todos los candidatos lo contacta y a todos les brinda se\u00f1ales.<\/p>\n<p>El que siempre acapara las miradas y despierta todo tipo de especulaciones es Eduardo Duhalde. Es tan conocida su capacidad de realizar acciones pol\u00edticas basadas en su hist\u00f3rico liderazgo en todos los estratos del Partido Justicialista, que se transform\u00f3 en el centro de todas las miradas. Fue el protagonista del \u00ab\u00bfviste qui\u00e9n estaba?\u00bb en todos los c\u00edrculos pol\u00edticos y period\u00edsticos del pa\u00eds.<\/p>\n<p>El gran perdedor, afortunadamente, la memoria de un detentor del poder en los a\u00f1os 30 que inaugur\u00f3 con toda impunidad un aceitado mecanismo de vaciamiento de la Argentina a beneficio de corporaciones extranjeras, con mordida de algunas familias corruptas, las de siempre, por entonces, del pa\u00eds. Con el sablazo a la memoria de alguien a quien tenemos en los registros de la historia pero \u00a0que ya no merece ser recordado, la inauguraci\u00f3n de la Plaza Juan Domingo Per\u00f3n con el monumento al propio General Per\u00f3n, los que m\u00e1s ganaron fueron la Ciudad de Buenos Aires y la Rep\u00fablica Argentina.<\/p>\n<p>&nbsp;<\/p>","protected":false},"excerpt":{"rendered":"<p>Carlos Benav\u00eddez, el escultor cordob\u00e9s, de quien se encontrar\u00e1n referencias en internet que lo sindiquen como \u00abrealista\u00bb y tambi\u00e9n como \u00abnaturalista\u00bb, fue el encargado de realizar la estatua principal y las complementarias del monumento a Juan Domingo Per\u00f3n, que qued\u00f3 erigido en la plaza del mismo nombre, el cl\u00e1sico espacio p\u00fablico porte\u00f1o delimitado por la [&hellip;]<\/p>","protected":false},"author":1,"featured_media":7815,"comment_status":"open","ping_status":"open","sticky":false,"template":"","format":"standard","meta":[],"categories":[7],"tags":[],"series":[],"_links":{"self":[{"href":"https:\/\/www.diario5.com.ar\/es\/wp-json\/wp\/v2\/posts\/7814"}],"collection":[{"href":"https:\/\/www.diario5.com.ar\/es\/wp-json\/wp\/v2\/posts"}],"about":[{"href":"https:\/\/www.diario5.com.ar\/es\/wp-json\/wp\/v2\/types\/post"}],"author":[{"embeddable":true,"href":"https:\/\/www.diario5.com.ar\/es\/wp-json\/wp\/v2\/users\/1"}],"replies":[{"embeddable":true,"href":"https:\/\/www.diario5.com.ar\/es\/wp-json\/wp\/v2\/comments?post=7814"}],"version-history":[{"count":5,"href":"https:\/\/www.diario5.com.ar\/es\/wp-json\/wp\/v2\/posts\/7814\/revisions"}],"predecessor-version":[{"id":7820,"href":"https:\/\/www.diario5.com.ar\/es\/wp-json\/wp\/v2\/posts\/7814\/revisions\/7820"}],"wp:featuredmedia":[{"embeddable":true,"href":"https:\/\/www.diario5.com.ar\/es\/wp-json\/wp\/v2\/media\/7815"}],"wp:attachment":[{"href":"https:\/\/www.diario5.com.ar\/es\/wp-json\/wp\/v2\/media?parent=7814"}],"wp:term":[{"taxonomy":"category","embeddable":true,"href":"https:\/\/www.diario5.com.ar\/es\/wp-json\/wp\/v2\/categories?post=7814"},{"taxonomy":"post_tag","embeddable":true,"href":"https:\/\/www.diario5.com.ar\/es\/wp-json\/wp\/v2\/tags?post=7814"},{"taxonomy":"series","embeddable":true,"href":"https:\/\/www.diario5.com.ar\/es\/wp-json\/wp\/v2\/series?post=7814"}],"curies":[{"name":"wp","href":"https:\/\/api.w.org\/{rel}","templated":true}]}}