{"id":7801,"date":"2015-10-09T20:50:46","date_gmt":"2015-10-09T23:50:46","guid":{"rendered":"http:\/\/diario5.com.ar\/?p=7801"},"modified":"2022-10-20T22:33:45","modified_gmt":"2022-10-21T01:33:45","slug":"llamarse-peron-es-justo","status":"publish","type":"post","link":"https:\/\/www.diario5.com.ar\/es\/llamarse-peron-es-justo\/","title":{"rendered":"Llamarse Per\u00f3n es Justo"},"content":{"rendered":"<h2 class=\"sub-title-primary\"><\/h2> <figure id=\"attachment_7803\" aria-describedby=\"caption-attachment-7803\" style=\"width: 578px\" class=\"wp-caption alignright\"><img decoding=\"async\" loading=\"lazy\" class=\"alignnone size-full wp-image-659987\" title=\"Llamarse Per\u00f3n es Justo\" src=\"https:\/\/www.diario5.com.ar\/wp-content\/uploads\/2022\/10\/apjusto0120221020.jpg\" alt=\"Llamarse Per\u00f3n es Justo\" width=\"578\" height=\"537\" srcset=\"https:\/\/www.diario5.com.ar\/wp-content\/uploads\/2022\/10\/apjusto0120221020.jpg 578w, https:\/\/www.diario5.com.ar\/wp-content\/uploads\/2022\/10\/apjusto0120221020-300x279.jpg 300w\" sizes=\"(max-width: 578px) 100vw, 578px\" \/><figcaption id=\"caption-attachment-7803\" class=\"wp-caption-text\">Los rid\u00edculos berretines de una familia tilinga reaparecen 78 a\u00f1os luego de que uno de sus miembros dej\u00f3 el poder, que detent\u00f3 sin legitimidad.<\/figcaption><\/figure>\n<p>Quejarse de que a una Plaza le quiten el nombre de Agust\u00edn P. Justo\u00a0es como\u00a0reclamar que la serie Batman deber\u00eda seguir llam\u00e1ndose El Guas\u00f3n o El Acertijo. La verdad es que la serie jam\u00e1s se llam\u00f3 de otro modo y esa plaza jam\u00e1s debi\u00f3 llamarse como se la ven\u00eda llamando hasta ahora. Al grano: recordar con grandes honores a un presidente que se transform\u00f3 en el art\u00edfice m\u00e1s expeditivo de la debacle de una naci\u00f3n originalmente destinada a ser una potencia econ\u00f3mica y moral, no es sano para una plaza urbana.<\/p>\n<figure id=\"attachment_7804\" aria-describedby=\"caption-attachment-7804\" style=\"width: 598px\" class=\"wp-caption alignleft\"><img decoding=\"async\" loading=\"lazy\" class=\"alignnone size-full wp-image-659988\" title=\"Llamarse Per\u00f3n es Justo\" src=\"https:\/\/www.diario5.com.ar\/wp-content\/uploads\/2022\/10\/apjusto0220221020.jpg\" alt=\"Llamarse Per\u00f3n es Justo\" width=\"598\" height=\"419\" srcset=\"https:\/\/www.diario5.com.ar\/wp-content\/uploads\/2022\/10\/apjusto0220221020.jpg 598w, https:\/\/www.diario5.com.ar\/wp-content\/uploads\/2022\/10\/apjusto0220221020-300x210.jpg 300w\" sizes=\"(max-width: 598px) 100vw, 598px\" \/><figcaption id=\"caption-attachment-7804\" class=\"wp-caption-text\">El pensamiento alternativo en la Argentina del siglo XX: Oberismo, vanguardia, justicia social, 1930-1960 Hugo Edgardo Biagini<\/figcaption><\/figure>\n<p>Agust\u00edn Pedro Justo, conciente de que gan\u00f3 seis a\u00f1os de poder con uno de los fraudes m\u00e1s escandalosos de la historia de la humanidad, dado que la Ley argentina para evitar las maniobras que fuerzan la voluntad de toda una ciudadan\u00eda, ten\u00eda apenas 19 a\u00f1os de\u00a0sancionada, huy\u00f3 para adelante en toda su gesti\u00f3n, angurrientamente dedicada al intento de recuperaci\u00f3n de la absoluta hegemon\u00eda del conservadurismo mitrista.<\/p>\n<p>Justo \u00a0obtuvo, con el apoyo del medio de comunicaci\u00f3n m\u00e1s insidioso de la \u00e9poca, el diario Cr\u00edtica -cuyo director y propietario, Natalio Botana actu\u00f3 virtualmente como c\u00f3mplice- cierta aceptaci\u00f3n por parte de la sociedad argentina, a la que se la pod\u00eda convencer con poca sustancia encendedora de pensamientos, \u00a0dejando bien abiertos los poros de la econom\u00eda nacional por los que se col\u00f3 el veneno de los intereses de otros.<\/p>\n<figure id=\"attachment_7805\" aria-describedby=\"caption-attachment-7805\" style=\"width: 661px\" class=\"wp-caption alignright\"><img decoding=\"async\" loading=\"lazy\" class=\"alignnone size-full wp-image-659989\" title=\"Llamarse Per\u00f3n es Justo\" src=\"https:\/\/www.diario5.com.ar\/wp-content\/uploads\/2022\/10\/apjusto0320221020.jpg\" alt=\"Llamarse Per\u00f3n es Justo\" width=\"661\" height=\"492\" srcset=\"https:\/\/www.diario5.com.ar\/wp-content\/uploads\/2022\/10\/apjusto0320221020.jpg 661w, https:\/\/www.diario5.com.ar\/wp-content\/uploads\/2022\/10\/apjusto0320221020-300x223.jpg 300w\" sizes=\"(max-width: 661px) 100vw, 661px\" \/><figcaption id=\"caption-attachment-7805\" class=\"wp-caption-text\">Botana, un genio fallido, fue funcional a que se roben el pa\u00eds, mientras Justo se divert\u00eda con el ascenso de Hitler al poder.<\/figcaption><\/figure>\n<p>Cualquiera entiende a los nietos y los subdescencientes de un personaje cuyo nombre figura en los libros de historia -aunque sea para mal, como en el caso de este destructor de la Rep\u00fablica. Es que la vanidad familiar aflora como si se tratara de un prohombre- ya que poco se revisa de las corruptelas de altri tempi, mientras se nos hace necesario prestarle mucha atenci\u00f3n a las fuertes cuestiones en el presente. Pero es tiempo de dejarlo en claro: el nombre de la plaza lo cambi\u00f3 el Jefe de Gobierno, Mauricio Macri (a quien en estos momentos algunos peronistas lo est\u00e1n criticando por considerar que \u00abus\u00f3\u00bb a Per\u00f3n en campa\u00f1a) mientras que los herederos de la oligarqu\u00eda protagonista de la d\u00e9cada infame encabezada el detentor del poder v\u00eda trampa (Agust\u00edn Justo), se le quejan a Macri por satisfacer al peronismo (digamos,\u00a0a un sector del peronismo) en medio de una campa\u00f1a en la que, lo que esos reclamantes quieren, es ganarles.<\/p>\n<p>Nadie piensa con independencia ni buen criterio. Y aqu\u00ed hay una \u00fanica verdad: Macri hizo lo que a todo el peronismo le hubiese gustado hacer, que es despojar el nombre de un s\u00edmbolo gigantesco de la m\u00e1s rancia representaci\u00f3n del poder dominador de la Argentina desde el minuto 1, remplaz\u00e1ndolo por el del l\u00edder m\u00e1s reconocido y carism\u00e1tico que tuvieron los trabajadores. \u00bfEst\u00e1 claro? Ah, \u00bfNo est\u00e1 claro? Ok, lo decimos en argentino-peronista actual: Carlos Menem no se anim\u00f3, Adolfo Rodr\u00edguez Sa\u00e1 no tuvo tiempo, Eduardo Duhalde no se acord\u00f3, N\u00e9stor Kirchner prefiri\u00f3 no hacerlo y Cristina Fern\u00e1ndez de Kirchner nunca lo hace.<\/p>\n<p>Si cinco presidentes peronistas no fueron capaces de darle a la sociedad el benepl\u00e1cito de retirar el nombre de Agust\u00edn Justo a una plaza para ponerle, aunque sea, \u00abPlaza Mart\u00edn Karadagi\u00e1n\u00bb, no es coherente que la intelectualidad peronista se le vaya encima al l\u00edder del PRO (partido de esencia conservadora) cuando reemplaza el nombre de Justo por el de Per\u00f3n para un espacio p\u00fabico porte\u00f1o.<\/p>\n<p>Aqu\u00ed cualquiera se hace el vivo cuando tiene la oportunidad de hacer una patra\u00f1a (gorilas peronizados por \u00fanica vez) y se hace el tonto cuando ya la hizo (usuarios del nombre de Per\u00f3n como escudo permanente). Todos son unos improvisados con cero preparaci\u00f3n para ser estadistas. Por eso se acusan mutuamente de vaciar el pa\u00eds de sus riquezas y reservas con diferentes t\u00e9cnicas u argumento ideol\u00f3gicos. El grito de \u00abdemagogo\u00bb, se contrapone al de \u00abantipatria\u00bb que surge desde la otra vereda. Ahora, que ambos grupos se lo griten a la misma persona, habla peor de ellos que del se\u00f1alado.<\/p>\n<p>Ninguna de las dos catervas mayoritarias de la pol\u00edtica argentina sabe c\u00f3mo manejar un pa\u00eds en crisis permanente, como \u00e9ste: Controlar a la turba liberal para ver qui\u00e9n es qui\u00e9n en el tironeo por las ganancias y diferenciarles los impuestos, da mucho trabajo queda antip\u00e1tico. Pasa exactamente lo mismo si se nos pide chequear qui\u00e9n necesita, de verdad, una ayuda del Estado y qui\u00e9n ya est\u00e1 en condiciones de caminar solo, para ya ir trasladando recursos a la productividad. Eso es piantavotos. Sigamos pele\u00e1ndonos entre nosotros&#8230; a ver si viene alguien que propone laburar!<\/p>","protected":false},"excerpt":{"rendered":"<p>Quejarse de que a una Plaza le quiten el nombre de Agust\u00edn P. Justo\u00a0es como\u00a0reclamar que la serie Batman deber\u00eda seguir llam\u00e1ndose El Guas\u00f3n o El Acertijo. La verdad es que la serie jam\u00e1s se llam\u00f3 de otro modo y esa plaza jam\u00e1s debi\u00f3 llamarse como se la ven\u00eda llamando hasta ahora. Al grano: recordar [&hellip;]<\/p>","protected":false},"author":4,"featured_media":659991,"comment_status":"open","ping_status":"open","sticky":false,"template":"","format":"standard","meta":[],"categories":[75,1],"tags":[],"series":[],"_links":{"self":[{"href":"https:\/\/www.diario5.com.ar\/es\/wp-json\/wp\/v2\/posts\/7801"}],"collection":[{"href":"https:\/\/www.diario5.com.ar\/es\/wp-json\/wp\/v2\/posts"}],"about":[{"href":"https:\/\/www.diario5.com.ar\/es\/wp-json\/wp\/v2\/types\/post"}],"author":[{"embeddable":true,"href":"https:\/\/www.diario5.com.ar\/es\/wp-json\/wp\/v2\/users\/4"}],"replies":[{"embeddable":true,"href":"https:\/\/www.diario5.com.ar\/es\/wp-json\/wp\/v2\/comments?post=7801"}],"version-history":[{"count":16,"href":"https:\/\/www.diario5.com.ar\/es\/wp-json\/wp\/v2\/posts\/7801\/revisions"}],"predecessor-version":[{"id":659992,"href":"https:\/\/www.diario5.com.ar\/es\/wp-json\/wp\/v2\/posts\/7801\/revisions\/659992"}],"wp:featuredmedia":[{"embeddable":true,"href":"https:\/\/www.diario5.com.ar\/es\/wp-json\/wp\/v2\/media\/659991"}],"wp:attachment":[{"href":"https:\/\/www.diario5.com.ar\/es\/wp-json\/wp\/v2\/media?parent=7801"}],"wp:term":[{"taxonomy":"category","embeddable":true,"href":"https:\/\/www.diario5.com.ar\/es\/wp-json\/wp\/v2\/categories?post=7801"},{"taxonomy":"post_tag","embeddable":true,"href":"https:\/\/www.diario5.com.ar\/es\/wp-json\/wp\/v2\/tags?post=7801"},{"taxonomy":"series","embeddable":true,"href":"https:\/\/www.diario5.com.ar\/es\/wp-json\/wp\/v2\/series?post=7801"}],"curies":[{"name":"wp","href":"https:\/\/api.w.org\/{rel}","templated":true}]}}