{"id":7667,"date":"2019-10-12T16:08:45","date_gmt":"2019-10-12T19:08:45","guid":{"rendered":"http:\/\/diario5.com.ar\/?p=7667"},"modified":"2021-02-04T15:17:20","modified_gmt":"2021-02-04T18:17:20","slug":"cero-prioridad-para-peatones","status":"publish","type":"post","link":"https:\/\/www.diario5.com.ar\/es\/cero-prioridad-para-peatones\/","title":{"rendered":"Zonas de Prioridad Cero para peatones"},"content":{"rendered":"<h2 class=\"sub-title-primary\"><\/h2> <figure id=\"attachment_7671\" aria-describedby=\"caption-attachment-7671\" style=\"width: 300px\" class=\"wp-caption alignleft\"><a href=\"https:\/\/www.diario5.com.ar\/wp-content\/uploads\/2015\/09\/2015-04-16-15.12.29-2_Viamonte.jpg\"><img decoding=\"async\" loading=\"lazy\" class=\"wp-image-7671 size-medium\" src=\"http:\/\/diario5.com.ar\/wp-content\/uploads\/2015\/09\/2015-04-16-15.12.29-2_Viamonte-300x225.jpg\" alt=\"2015-04-16 15.12.29-2_Viamonte\" width=\"300\" height=\"225\" srcset=\"https:\/\/www.diario5.com.ar\/wp-content\/uploads\/2015\/09\/2015-04-16-15.12.29-2_Viamonte-300x225.jpg 300w, https:\/\/www.diario5.com.ar\/wp-content\/uploads\/2015\/09\/2015-04-16-15.12.29-2_Viamonte-1024x768.jpg 1024w, https:\/\/www.diario5.com.ar\/wp-content\/uploads\/2015\/09\/2015-04-16-15.12.29-2_Viamonte-768x576.jpg 768w, https:\/\/www.diario5.com.ar\/wp-content\/uploads\/2015\/09\/2015-04-16-15.12.29-2_Viamonte-400x300.jpg 400w, https:\/\/www.diario5.com.ar\/wp-content\/uploads\/2015\/09\/2015-04-16-15.12.29-2_Viamonte-260x195.jpg 260w, https:\/\/www.diario5.com.ar\/wp-content\/uploads\/2015\/09\/2015-04-16-15.12.29-2_Viamonte-160x120.jpg 160w, https:\/\/www.diario5.com.ar\/wp-content\/uploads\/2015\/09\/2015-04-16-15.12.29-2_Viamonte.jpg 1280w\" sizes=\"(max-width: 300px) 100vw, 300px\" \/><\/a><figcaption id=\"caption-attachment-7671\" class=\"wp-caption-text\">25 cm de vereda<\/figcaption><\/figure>\n<p>No es dif\u00edcil encontrar, dentro de la inmensidad de la ciudad, puntos en los que cualquiera comprender\u00eda que se hacen necesarias mejoras y cambios sustanciales, tomando en cuenta que es l\u00f3gica la vieja premisa que asegura que lo importante es enemigo de lo urgente.<\/p>\n<p>Veamos ahora una prueba irrefutable de que las obras porte\u00f1as en beneficio para automovilistas superan,&nbsp;lejos&nbsp;, en presupuesto, atenci\u00f3n y operatividad, a las que se encaran para mejorar la calidad urbana de quienes se mueven libres de veh\u00edculos motorizados.<\/p>\n<figure id=\"attachment_7670\" aria-describedby=\"caption-attachment-7670\" style=\"width: 440px\" class=\"wp-caption alignright\"><a href=\"https:\/\/www.diario5.com.ar\/wp-content\/uploads\/2015\/09\/2015-04-16-15.12.43-2.jpg\"><img decoding=\"async\" loading=\"lazy\" class=\"wp-image-7670\" src=\"http:\/\/diario5.com.ar\/wp-content\/uploads\/2015\/09\/2015-04-16-15.12.43-2-300x225.jpg\" alt=\"2015-04-16 15.12.43-2\" width=\"440\" height=\"330\" srcset=\"https:\/\/www.diario5.com.ar\/wp-content\/uploads\/2015\/09\/2015-04-16-15.12.43-2-300x225.jpg 300w, https:\/\/www.diario5.com.ar\/wp-content\/uploads\/2015\/09\/2015-04-16-15.12.43-2-1024x768.jpg 1024w, https:\/\/www.diario5.com.ar\/wp-content\/uploads\/2015\/09\/2015-04-16-15.12.43-2-768x576.jpg 768w, https:\/\/www.diario5.com.ar\/wp-content\/uploads\/2015\/09\/2015-04-16-15.12.43-2-400x300.jpg 400w, https:\/\/www.diario5.com.ar\/wp-content\/uploads\/2015\/09\/2015-04-16-15.12.43-2-260x195.jpg 260w, https:\/\/www.diario5.com.ar\/wp-content\/uploads\/2015\/09\/2015-04-16-15.12.43-2-160x120.jpg 160w, https:\/\/www.diario5.com.ar\/wp-content\/uploads\/2015\/09\/2015-04-16-15.12.43-2.jpg 1280w\" sizes=\"(max-width: 440px) 100vw, 440px\" \/><\/a><figcaption id=\"caption-attachment-7670\" class=\"wp-caption-text\">Perfecta imagen que describe la real falta de prioridades para el peat\u00f3n en Buenos Aires<\/figcaption><\/figure>\n<p>Se trata de la boca de acceso de un estacionamiento muy conocido de la Coudad, ya que se encuentra frente a una de las esquinas del Teatro &nbsp;Col\u00f3n, tomando una esquina de la Plaza Lavalle. Si tomamos en cuenta la existencia de rampas de acceso a t\u00faneles de estacionamientos subterr\u00e1neos en la Ciudad de Buenos Aires, nada deber\u00eda sorprendernos en cuanto a los que estamos a punto de observar con respecto de esta estructura, si no fuera porque, en forma evidente y grosera, genera uno de los m\u00e1s desconsiderados pasadizos peatonales que se hayan concebido en una gran ciudad en todo el mundo.<\/p>\n<p>El espacio natural para el paso de personas junto a una calle (ese al que llamamos \u00abvereda\u00bb, en la calle Viamonte casi esquina Libertad, en ese \u00e1ngulo de la Plaza Lavalle en el que se erige la entrada y salida de autom\u00f3viles hacia y desde el estacionamiento subterr\u00e1neo, mide la friolera de 25 cm de ancho. &nbsp;S\u00ed, efectivamente. Hay, en un sector de 15 metros de largo, en Viamonte entre Talcahuano y Libertad, un ancho para uso de autom\u00f3viles (entre calle y salida de garage) de unos 16 metros y para caminar han asignado una minivereda de 25 cm m\u00e1s cord\u00f3n no se\u00f1alizado (ver la fotograf\u00eda).<\/p>\n<figure id=\"attachment_7668\" aria-describedby=\"caption-attachment-7668\" style=\"width: 348px\" class=\"wp-caption alignleft\"><a href=\"https:\/\/www.diario5.com.ar\/wp-content\/uploads\/2015\/09\/2015-04-16-15.13.00-2.jpg\"><img decoding=\"async\" loading=\"lazy\" class=\"wp-image-7668\" src=\"http:\/\/diario5.com.ar\/wp-content\/uploads\/2015\/09\/2015-04-16-15.13.00-2-300x225.jpg\" alt=\"2015-04-16 15.13.00-2\" width=\"348\" height=\"261\" srcset=\"https:\/\/www.diario5.com.ar\/wp-content\/uploads\/2015\/09\/2015-04-16-15.13.00-2-300x225.jpg 300w, https:\/\/www.diario5.com.ar\/wp-content\/uploads\/2015\/09\/2015-04-16-15.13.00-2-1024x768.jpg 1024w, https:\/\/www.diario5.com.ar\/wp-content\/uploads\/2015\/09\/2015-04-16-15.13.00-2-768x576.jpg 768w, https:\/\/www.diario5.com.ar\/wp-content\/uploads\/2015\/09\/2015-04-16-15.13.00-2-400x300.jpg 400w, https:\/\/www.diario5.com.ar\/wp-content\/uploads\/2015\/09\/2015-04-16-15.13.00-2-260x195.jpg 260w, https:\/\/www.diario5.com.ar\/wp-content\/uploads\/2015\/09\/2015-04-16-15.13.00-2-160x120.jpg 160w, https:\/\/www.diario5.com.ar\/wp-content\/uploads\/2015\/09\/2015-04-16-15.13.00-2.jpg 1280w\" sizes=\"(max-width: 348px) 100vw, 348px\" \/><\/a><figcaption id=\"caption-attachment-7668\" class=\"wp-caption-text\">Sin palabras<\/figcaption><\/figure>\n<p>Estamos acostumbrados y por suerte lo decimos dondequiera que vayamos: todo lo que tenga que ver con cuestiones urbanas, es decir, ordenanzas municipales de cualquier ciudad del pa\u00eds y leyes del Gobierno de la Ciudad (ya que, por muy jerarquizada que se encuentre frente al resto de las provincias, siempre, gobierne quien gobierne, tendr\u00e1 un gobierno con funciones municipales), siempre har\u00e1 hincapi\u00e9 en las necesidades del tr\u00e1nsito de veh\u00edculos por encima de las necesidades de las ciudades desde el punto de vista de los peatones, ya que quienes ejercen el poder, dondequiera que sea, llevan demasiados a\u00f1os subidos a su autom\u00f3vil y muy pocas veces aparecen funcionarios que, de verdad, sean hombres o mujeres de a pie. En la medida que esta cuesti\u00f3n no se trate con la profundidad y seriedad que requiere, tendremos muchas veredas milim\u00e9tricas.<\/p>\n<p>A prop\u00f3sito del tema peat\u00f3n vs. automovilista en situaciones como la de la calle Viamonte (tema real y fomentado por los gobiernos, todos) nada tiene que ver en este asunto la peatonalizaci\u00f3n masiva de calles del microcentro, dado que ese esa es una mejora urbana que va m\u00e1s all\u00e1 de la convivencia entre gente y autos. Es m\u00e1s, las \u00abbanacarias\u00bb peatonales bien pueden ser consideradas un \u00abrecreo\u00bb para cuanto automovilista ingresa al \u00e1rea estresante de la ciudad y camina un poco. Luego va al estacionamiento de Viamonte y Libertad y vuelve a ganar su permanente prioridad frente al resto de los mortales por estar al volante de su generador de privilegios.<\/p>","protected":false},"excerpt":{"rendered":"<p>No es dif\u00edcil encontrar, dentro de la inmensidad de la ciudad, puntos en los que cualquiera comprender\u00eda que se hacen necesarias mejoras y cambios sustanciales, tomando en cuenta que es l\u00f3gica la vieja premisa que asegura que lo importante es enemigo de lo urgente. Veamos ahora una prueba irrefutable de que las obras porte\u00f1as en [&hellip;]<\/p>","protected":false},"author":4,"featured_media":622495,"comment_status":"open","ping_status":"open","sticky":false,"template":"","format":"standard","meta":[],"categories":[75,4,6],"tags":[],"series":[],"_links":{"self":[{"href":"https:\/\/www.diario5.com.ar\/es\/wp-json\/wp\/v2\/posts\/7667"}],"collection":[{"href":"https:\/\/www.diario5.com.ar\/es\/wp-json\/wp\/v2\/posts"}],"about":[{"href":"https:\/\/www.diario5.com.ar\/es\/wp-json\/wp\/v2\/types\/post"}],"author":[{"embeddable":true,"href":"https:\/\/www.diario5.com.ar\/es\/wp-json\/wp\/v2\/users\/4"}],"replies":[{"embeddable":true,"href":"https:\/\/www.diario5.com.ar\/es\/wp-json\/wp\/v2\/comments?post=7667"}],"version-history":[{"count":8,"href":"https:\/\/www.diario5.com.ar\/es\/wp-json\/wp\/v2\/posts\/7667\/revisions"}],"predecessor-version":[{"id":615258,"href":"https:\/\/www.diario5.com.ar\/es\/wp-json\/wp\/v2\/posts\/7667\/revisions\/615258"}],"wp:featuredmedia":[{"embeddable":true,"href":"https:\/\/www.diario5.com.ar\/es\/wp-json\/wp\/v2\/media\/622495"}],"wp:attachment":[{"href":"https:\/\/www.diario5.com.ar\/es\/wp-json\/wp\/v2\/media?parent=7667"}],"wp:term":[{"taxonomy":"category","embeddable":true,"href":"https:\/\/www.diario5.com.ar\/es\/wp-json\/wp\/v2\/categories?post=7667"},{"taxonomy":"post_tag","embeddable":true,"href":"https:\/\/www.diario5.com.ar\/es\/wp-json\/wp\/v2\/tags?post=7667"},{"taxonomy":"series","embeddable":true,"href":"https:\/\/www.diario5.com.ar\/es\/wp-json\/wp\/v2\/series?post=7667"}],"curies":[{"name":"wp","href":"https:\/\/api.w.org\/{rel}","templated":true}]}}