{"id":7255,"date":"2017-10-14T09:20:58","date_gmt":"2017-10-14T12:20:58","guid":{"rendered":"http:\/\/diario5.com.ar\/?p=7255"},"modified":"2017-10-09T17:19:53","modified_gmt":"2017-10-09T20:19:53","slug":"de-cuidados-y-cuidadores-marco-teorico","status":"publish","type":"post","link":"https:\/\/www.diario5.com.ar\/es\/de-cuidados-y-cuidadores-marco-teorico\/","title":{"rendered":"Marco Te\u00f3rico del informe sobre cuidados a la tercera edad"},"content":{"rendered":"<h2 class=\"sub-title-primary\"><\/h2> <figure id=\"attachment_7256\" aria-describedby=\"caption-attachment-7256\" style=\"width: 615px\" class=\"wp-caption alignright\"><a href=\"https:\/\/www.diario5.com.ar\/wp-content\/uploads\/2015\/08\/cuidados-mayores2.jpg\"><img decoding=\"async\" loading=\"lazy\" class=\"wp-image-7256\" src=\"http:\/\/diario5.com.ar\/wp-content\/uploads\/2015\/08\/cuidados-mayores2.jpg\" alt=\"cuidados-mayores2\" width=\"615\" height=\"424\" srcset=\"https:\/\/www.diario5.com.ar\/wp-content\/uploads\/2015\/08\/cuidados-mayores2.jpg 450w, https:\/\/www.diario5.com.ar\/wp-content\/uploads\/2015\/08\/cuidados-mayores2-300x207.jpg 300w, https:\/\/www.diario5.com.ar\/wp-content\/uploads\/2015\/08\/cuidados-mayores2-400x276.jpg 400w, https:\/\/www.diario5.com.ar\/wp-content\/uploads\/2015\/08\/cuidados-mayores2-260x179.jpg 260w, https:\/\/www.diario5.com.ar\/wp-content\/uploads\/2015\/08\/cuidados-mayores2-160x110.jpg 160w\" sizes=\"(max-width: 615px) 100vw, 615px\" \/><\/a><figcaption id=\"caption-attachment-7256\" class=\"wp-caption-text\">El informe de las profesionales del Hospital Pena ofrece detalles sobre cuidados a a personas mayores<\/figcaption><\/figure>\n<h3>El informe de la Secretar\u00eda de Salud del Gobierno de la Ciudad de Buenos Aires, elaborado por Alicia Agra y N\u00e9lida Dom\u00ednguez, consiste en un material de gran valor para la comunidad m\u00e9dica.<\/h3>\n<p>El envejecimiento en nuestra especie comprende un conjunto de modificaciones bioqu\u00edmicas, anatomofisiol\u00f3gicas y psicol\u00f3gicas consecutivas a la acci\u00f3n del tiempo. Aparecen algunos conflictos relacionados a esos cambios:<\/p>\n<p>-imagen del cuerpo vs. autoestima<br \/>\n-deterioro f\u00edsico vs. lucidez conservada<br \/>\n-autovalidez vs. dependencia<\/p>\n<p>\u201c\u00bf\u00a1Piensan que perd\u00ed mi capacidad para manejar un auto?!\u201d (Miss Daisy)<\/p>\n<p>Reconocer y validar tales cuestiones derivar\u00e1 en un envejecimiento normal, esperable, activo o en su defecto un envejecimiento patol\u00f3gico acompa\u00f1ado de un repliegue narcisista, tal vez somatizaciones, predisposici\u00f3n a accidentes, etc.<\/p>\n<p>Dice Miss Daisy a su hijo \u201cA menos que haya cambiado la Constituci\u00f3n, a\u00fan tengo mis derechos\u201d<\/p>\n<p>Se considera anciano sano aquel que mantiene en equilibrio sus esferas biol\u00f3gicas, sociales y espirituales sin afecci\u00f3n patol\u00f3gica o anormal. A pesar de esto comienza a ser tenido en cuenta desde otro lugar. Indiferencia o preocupaci\u00f3n, apego o corrimiento, algo cambia.<\/p>\n<p>Todos los hijos saben que sus padres envejecer\u00e1n pero cuando eso cursa surgen planteos y sentimientos que modifican el funcionamiento de la familia. El hijo deviene en padre y est\u00e1 atento a ese proceso mientras se enfrenta a sus propias obligaciones, mandatos y posibilidades. \u00bfQu\u00e9 se espera de m\u00ed? \u00bfQu\u00e9 debo hacer? \u00bfQu\u00e9 quiero hacer? \u00bfTengo resto para afrontar todo lo que viene? Aparecen nuevos interrogantes. Se vuelve vulnerable ante esa decadencia que anticipa un final y busca resolver aspectos pendientes y toda la incompletud de la relaci\u00f3n.<\/p>\n<p>GERONTOCOMIA es la disciplina que se encarga del cuidado de personas mayores.<\/p>\n<p>Llamamos cuidador informal a toda persona que debe hacerse cargo de un familiar afectado por alg\u00fan tipo y grado de dependencia, por lo general, \u00e9stas imposibilidades no son transitorias, llegan para quedarse. En muchos casos, los cuidadores informales cubren dificultades econ\u00f3micas y estructurales. Se exponen a mudanzas, a cambios de horarios, de rutinas y a desavenencias con otros familiares por toma de decisiones no consultadas.<br \/>\nCon frecuencia estas personas no registran con claridad que est\u00e1n cumpliendo el rol de cuidadores, inclusive no pueden recordar cuando empez\u00f3 a serlo con exactitud, no lo eligi\u00f3 y al mismo tiempo no puede desentenderse. Consulta muchas veces por cansancio, agobio y culpas.<\/p>\n<p>Las alternativas de opci\u00f3n pueden ser incorporar nuevas personas ajenas al n\u00facleo familiar y rentadas que realicen este cuidado en el domicilio del anciano o el ingreso a una instituci\u00f3n. Dado el incremento de la poblaci\u00f3n de adultos mayores en los \u00faltimos a\u00f1os, mayor es el n\u00famero de residentes en asilos o geri\u00e1tricos estatales. Por infraestructura deficiente y poco personal especializado para cubrir las necesidades m\u00ednimas de atenci\u00f3n, la calidad de vida de estos internos se ve deteriorada. Por lo general, la opci\u00f3n de institucionalizar al anciano se tiene en cuenta ante casos de enfermedad manifiesta, recurrente o cr\u00f3nica.<\/p>\n<p>Cuidador formal es toda persona que asume la responsabilidad de accionar como soporte, ayuda o asistencia a otra persona o grupo en ejercicio de su actividad laboral o profesional proveyendo mejor\u00eda en la condici\u00f3n humana o estilo de vida.<\/p>\n<p>Nuevos v\u00ednculos se arman, cuidador- anciano, cuidador-familiares. Elegir la persona indicada no es sencillo ni barato. Dada las posturas y actitudes m\u00e1s comunes de los viejos, es inevitable que se quejar\u00e1n por la presencia diaria de un desconocido en su casa, por invasi\u00f3n de su privacidad, por gastar dinero en algo innecesario. Toda excusa ser\u00e1 usada para marcar lo desacertado de la elecci\u00f3n. Se entra as\u00ed en una rueda de nuevos intentos con nuevas personas que c\u00edclicamente ser\u00e1n cambiadas. Entra en juego tambi\u00e9n el reclamo del cuidador por perder su fuente de trabajo. Lo que supon\u00eda una soluci\u00f3n es un nuevo generador de conflictos en la familia.<\/p>\n<p>-\u201cUd. necesita un chofer y yo necesito un trabajo. Por qu\u00e9 no lo dejamos ah\u00ed?\u201d<\/p>\n<p>Cuidado y cuidador se estructuran con reglas propias, basadas en la empat\u00eda exclusiva de un v\u00ednculo de dos. Se desarrollan en el tiempo, est\u00e1n ligadas a rutinas, h\u00e1bitos, complicidades, comunicaci\u00f3n e intercambio de saberes. De ah\u00ed la ventaja si esta suerte de acompa\u00f1amiento permanece estable y permite poner de manifiesto instancias de necesidades mutuas y reciprocidades. Los cuidadores son los que proporcionan mayor informaci\u00f3n respecto del anciano, de su evoluci\u00f3n diaria, de sus demandas, anhelos y deseos.<\/p>\n<p>El trabajo de todo cuidador es muy estresante y a veces origina situaciones negativas para ambos integrantes de la dupla. Cuando esto ocurre (por lo general en cuidadores informales y formales de pacientes con demencia) algunos autores hablan de \u201ccarga del cuidador\u201d, refiri\u00e9ndose al momento en que sus actividades por la exigencia y atenci\u00f3n que requieren, perturban su integridad psicof\u00edsica y decae su rendimiento en el desarrollo de sus tareas.<\/p>\n<p>Algunas obras sociales y prepagas contemplan la posibilidad de cobertura en casos espec\u00edficos que requieran la presencia de cuidador. Este beneficio es eventual y debe ser ampliamente justificado. Hemos comprobado que ese es un punto de m\u00e1xima preocupaci\u00f3n para el anciano. Es muy diferente su predisposici\u00f3n a aceptar la presencia de alguien nuevo en su cotidianeidad si ese gasto lo cubre el Estado, una instituci\u00f3n o si corre por su cuenta.<\/p>\n<p>&#8212;&#8211;<\/p>\n<p>El informe \u00abDe Cuidados y Cuidadores\u00bb fue realizado por N\u00e9lida Dom\u00ednguez y Alicia Agra en 2011 &#8211;\u00a0<a href=\"https:\/\/www.diario5.com.ar\/es\/cuidados-a-personas-mayores\/\">Ver informaci\u00f3n previa<\/a><\/p>\n<p>&nbsp;<\/p>","protected":false},"excerpt":{"rendered":"<p>El informe de la Secretar\u00eda de Salud del Gobierno de la Ciudad de Buenos Aires, elaborado por Alicia Agra y N\u00e9lida Dom\u00ednguez, consiste en un material de gran valor para la comunidad m\u00e9dica. El envejecimiento en nuestra especie comprende un conjunto de modificaciones bioqu\u00edmicas, anatomofisiol\u00f3gicas y psicol\u00f3gicas consecutivas a la acci\u00f3n del tiempo. Aparecen algunos [&hellip;]<\/p>","protected":false},"author":1,"featured_media":7256,"comment_status":"open","ping_status":"open","sticky":false,"template":"","format":"standard","meta":[],"categories":[22],"tags":[],"series":[],"_links":{"self":[{"href":"https:\/\/www.diario5.com.ar\/es\/wp-json\/wp\/v2\/posts\/7255"}],"collection":[{"href":"https:\/\/www.diario5.com.ar\/es\/wp-json\/wp\/v2\/posts"}],"about":[{"href":"https:\/\/www.diario5.com.ar\/es\/wp-json\/wp\/v2\/types\/post"}],"author":[{"embeddable":true,"href":"https:\/\/www.diario5.com.ar\/es\/wp-json\/wp\/v2\/users\/1"}],"replies":[{"embeddable":true,"href":"https:\/\/www.diario5.com.ar\/es\/wp-json\/wp\/v2\/comments?post=7255"}],"version-history":[{"count":5,"href":"https:\/\/www.diario5.com.ar\/es\/wp-json\/wp\/v2\/posts\/7255\/revisions"}],"predecessor-version":[{"id":16947,"href":"https:\/\/www.diario5.com.ar\/es\/wp-json\/wp\/v2\/posts\/7255\/revisions\/16947"}],"wp:featuredmedia":[{"embeddable":true,"href":"https:\/\/www.diario5.com.ar\/es\/wp-json\/wp\/v2\/media\/7256"}],"wp:attachment":[{"href":"https:\/\/www.diario5.com.ar\/es\/wp-json\/wp\/v2\/media?parent=7255"}],"wp:term":[{"taxonomy":"category","embeddable":true,"href":"https:\/\/www.diario5.com.ar\/es\/wp-json\/wp\/v2\/categories?post=7255"},{"taxonomy":"post_tag","embeddable":true,"href":"https:\/\/www.diario5.com.ar\/es\/wp-json\/wp\/v2\/tags?post=7255"},{"taxonomy":"series","embeddable":true,"href":"https:\/\/www.diario5.com.ar\/es\/wp-json\/wp\/v2\/series?post=7255"}],"curies":[{"name":"wp","href":"https:\/\/api.w.org\/{rel}","templated":true}]}}