{"id":7239,"date":"2015-01-25T01:49:26","date_gmt":"2015-01-25T04:49:26","guid":{"rendered":"http:\/\/diario5.com.ar\/?p=7239"},"modified":"2015-07-31T13:42:39","modified_gmt":"2015-07-31T16:42:39","slug":"tom","status":"publish","type":"post","link":"https:\/\/www.diario5.com.ar\/es\/tom\/","title":{"rendered":"Tom"},"content":{"rendered":"<h2 class=\"sub-title-primary\"><\/h2> <figure id=\"attachment_7242\" aria-describedby=\"caption-attachment-7242\" style=\"width: 470px\" class=\"wp-caption alignleft\"><a href=\"https:\/\/www.diario5.com.ar\/wp-content\/uploads\/2015\/01\/tomjobim2.png\"><img decoding=\"async\" loading=\"lazy\" class=\"wp-image-7242 size-full\" src=\"http:\/\/diario5.com.ar\/wp-content\/uploads\/2015\/01\/tomjobim2.png\" alt=\"tomjobim2\" width=\"470\" height=\"265\" srcset=\"https:\/\/www.diario5.com.ar\/wp-content\/uploads\/2015\/01\/tomjobim2.png 470w, https:\/\/www.diario5.com.ar\/wp-content\/uploads\/2015\/01\/tomjobim2-300x169.png 300w, https:\/\/www.diario5.com.ar\/wp-content\/uploads\/2015\/01\/tomjobim2-400x226.png 400w, https:\/\/www.diario5.com.ar\/wp-content\/uploads\/2015\/01\/tomjobim2-260x147.png 260w, https:\/\/www.diario5.com.ar\/wp-content\/uploads\/2015\/01\/tomjobim2-160x90.png 160w\" sizes=\"(max-width: 470px) 100vw, 470px\" \/><\/a><figcaption id=\"caption-attachment-7242\" class=\"wp-caption-text\">Antonio Carlos Brasileiro Jobim<\/figcaption><\/figure>\n<p>Nunca es bueno comparar porque, en realidad comparar genios con genios es como llenarse la boca hablando del Valle de la Luna cuando estamos contemplando el Glaciar Perito Moreno. Pero tiene valor si nos llegana faltar datos para comprender su dimensi\u00f3n:<\/p>\n<p>Por ejemplo, para establecer su Jerarqu\u00eda de compositor, hay que entender que estuvo y estar\u00e1 siempre en una posici\u00f3n de privilegio, digna de un miembro del Olimpo, la de los creadores que naturalmente se ubican varios escalones por encima de los ya elegidos por su talento para crear: digamos, McCartney, Ravel y Mores pueden ser modelos de ello para el S XX. Ah\u00ed, Tom.<\/p>\n<p>Resumir su Jerarqu\u00eda de pianista implica ubicarlo directamente en la de los concertistas cl\u00e1sicos. Y volviendo a su condici\u00f3n de creador de canciones superlativas, Tom tiene muy pocas colaboraciones de composici\u00f3n con otros poetas, fuera de Vinicius de Moraes. Lo que compuso con Chico Buarque es de una belleza inconmensurable. Es bueno saber elegir la hora para disfrutarlas, por ser canciones de un poder melanc\u00f3lico \u201ccasi insolente\u201d. \u201cRetrato en Blanco y Negro\u201d y \u201cTe Amo\u201d son dos misiles que dan prueba del halago.<\/p>\n<p>Es un gran acto de justicia dedicarle el 25 de enero (naci\u00f3 ese d\u00eda de 1927) porque como muri\u00f3 el 8 de diciembre de 1994, el universo de los medios de comunicaci\u00f3n le dedica el d\u00eda a John Lennon y se regodea de hacerlo hasta por snobismo (los que somos adictos a la beatla\u00edna no necesitamos esperar al 8 de diciembre para escuchar \u201cImagine\u201d ni \u201cAll you need is love\u201d)<\/p>\n<p>Seamos serios: si reflexionamos un m\u00ednimo acerca de que Wave, Corcovado, Desafinado, Garota De Ipanema, Aguas De Marzo, Insensatez, Eu Sei Que Vou Te Amar y Samba De Una Nota Sola fueron creadas por un mismo compositor, \u00bfqui\u00e9n es el primero en arrojar la piedra contra el cristal en el que el suscripto dejar\u00eda grabado, con letras de oro, que se trat\u00f3 de un genio?<\/p>","protected":false},"excerpt":{"rendered":"<p>Nunca es bueno comparar porque, en realidad comparar genios con genios es como llenarse la boca hablando del Valle de la Luna cuando estamos contemplando el Glaciar Perito Moreno. Pero tiene valor si nos llegana faltar datos para comprender su dimensi\u00f3n: Por ejemplo, para establecer su Jerarqu\u00eda de compositor, hay que entender que estuvo y [&hellip;]<\/p>","protected":false},"author":1,"featured_media":7242,"comment_status":"open","ping_status":"open","sticky":false,"template":"","format":"standard","meta":[],"categories":[5],"tags":[],"series":[],"_links":{"self":[{"href":"https:\/\/www.diario5.com.ar\/es\/wp-json\/wp\/v2\/posts\/7239"}],"collection":[{"href":"https:\/\/www.diario5.com.ar\/es\/wp-json\/wp\/v2\/posts"}],"about":[{"href":"https:\/\/www.diario5.com.ar\/es\/wp-json\/wp\/v2\/types\/post"}],"author":[{"embeddable":true,"href":"https:\/\/www.diario5.com.ar\/es\/wp-json\/wp\/v2\/users\/1"}],"replies":[{"embeddable":true,"href":"https:\/\/www.diario5.com.ar\/es\/wp-json\/wp\/v2\/comments?post=7239"}],"version-history":[{"count":4,"href":"https:\/\/www.diario5.com.ar\/es\/wp-json\/wp\/v2\/posts\/7239\/revisions"}],"predecessor-version":[{"id":7244,"href":"https:\/\/www.diario5.com.ar\/es\/wp-json\/wp\/v2\/posts\/7239\/revisions\/7244"}],"wp:featuredmedia":[{"embeddable":true,"href":"https:\/\/www.diario5.com.ar\/es\/wp-json\/wp\/v2\/media\/7242"}],"wp:attachment":[{"href":"https:\/\/www.diario5.com.ar\/es\/wp-json\/wp\/v2\/media?parent=7239"}],"wp:term":[{"taxonomy":"category","embeddable":true,"href":"https:\/\/www.diario5.com.ar\/es\/wp-json\/wp\/v2\/categories?post=7239"},{"taxonomy":"post_tag","embeddable":true,"href":"https:\/\/www.diario5.com.ar\/es\/wp-json\/wp\/v2\/tags?post=7239"},{"taxonomy":"series","embeddable":true,"href":"https:\/\/www.diario5.com.ar\/es\/wp-json\/wp\/v2\/series?post=7239"}],"curies":[{"name":"wp","href":"https:\/\/api.w.org\/{rel}","templated":true}]}}