{"id":7163,"date":"2015-01-02T17:15:34","date_gmt":"2015-01-02T20:15:34","guid":{"rendered":"http:\/\/diario5.com.ar\/?p=7163"},"modified":"2015-07-27T17:40:42","modified_gmt":"2015-07-27T20:40:42","slug":"feriados-de-este-ano","status":"publish","type":"post","link":"https:\/\/www.diario5.com.ar\/es\/feriados-de-este-ano\/","title":{"rendered":"Feriados de este a\u00f1o"},"content":{"rendered":"<h2 class=\"sub-title-primary\"><\/h2> <div id=\"dateContainer\">\n<figure id=\"attachment_7164\" aria-describedby=\"caption-attachment-7164\" style=\"width: 767px\" class=\"wp-caption alignnone\"><a href=\"https:\/\/www.diario5.com.ar\/wp-content\/uploads\/2015\/07\/calendario_2015.jpg\"><img decoding=\"async\" loading=\"lazy\" class=\"wp-image-7164\" src=\"http:\/\/diario5.com.ar\/wp-content\/uploads\/2015\/07\/calendario_2015.jpg\" alt=\"Clic para ampliar\" width=\"767\" height=\"626\" srcset=\"https:\/\/www.diario5.com.ar\/wp-content\/uploads\/2015\/07\/calendario_2015-300x244.jpg 300w, https:\/\/www.diario5.com.ar\/wp-content\/uploads\/2015\/07\/calendario_2015-400x325.jpg 400w, https:\/\/www.diario5.com.ar\/wp-content\/uploads\/2015\/07\/calendario_2015-260x211.jpg 260w, https:\/\/www.diario5.com.ar\/wp-content\/uploads\/2015\/07\/calendario_2015-160x130.jpg 160w\" sizes=\"(max-width: 767px) 100vw, 767px\" \/><\/a><figcaption id=\"caption-attachment-7164\" class=\"wp-caption-text\">Calendario de Feriados 2015<\/figcaption><\/figure>\n<p>El esquema en la imagen expone las categor\u00edas de feriados expandidos para este a\u00f1o 2015. Un caso curioso es que en las dos primeras semanas de abril habr\u00e1 muy pocos d\u00edas laborables, lo que ya est\u00e1 causando las pol\u00e9micas de algunos a\u00f1os, dado que abre\u00a0la tentaci\u00f3n, a quienes tienen posibilidades econ\u00f3micas, a generar \u00abpuente sobre puente\u00bb y desactivar algunas fuentes de acci\u00f3n de la econom\u00eda durante una cantidad excesiva de d\u00edas. Se trata de sumar a los habituales feriados de Jueves Santo y Viernes Santo (2 y 3 de abril) para la grey cat\u00f3lica, con los dos primeros d\u00edas de Pesaj de la Religi\u00f3n Jud\u00eda el Jueves 9 y el Viernes 10) m\u00e1s sus correspondientes fines de semana.<\/p>\n<\/div>\n<p class=\"subtitulo-tres\" style=\"color: #e6321e;\"><b>FERIADOS INAMOVIBLES<\/b><\/p>\n<p>Feriados Nacionales que se rigen por el <a style=\"color: #1c94c4; text-decoration: none;\" href=\"\/es\/pdf\/Decreto1584-2010.pdf\/\" target=\"blank\">Decreto\u00a01584\/2010<\/a><\/p>\n<p class=\"subtitulo-tres\" style=\"color: #f5aa00;\"><b>FERIADOS TRASLADABLES<\/b><\/p>\n<p>Feriados Nacionales que se rigen por el <a style=\"color: #1c94c4; text-decoration: none;\" href=\"\/es\/pdf\/Decreto1584-2010.pdf\/\" target=\"blank\">Decreto 1584\/2010<\/a><\/p>\n<p class=\"subtitulo-tres\" style=\"color: #009b1e;\"><b>FERIADOS PUENTE TUR\u00cdSTICOS<\/b><\/p>\n<p>Feriados Puente que se rigen por el <a style=\"color: #1c94c4; text-decoration: none;\" href=\"\/es\/pdf\/1768-2013.pdf\/\" target=\"blank\">Decreto 1768\/2013<\/a><\/p>\n<p class=\"subtitulo-tres\" style=\"color: #196ee6;\"><b>D\u00cdAS NO LABORABLES<\/b><\/p>\n<p class=\"textoNoLaborable\"><a style=\"color: #1c94c4; text-decoration: none;\" href=\"\/es\/pdf\/Ley26199.pdf\/\" target=\"blank\">Ley\u00a0N\u00ba 26.199<\/a> dictada en conmemoraci\u00f3n del genocidio sufrido por el pueblo armenio.<br \/>\nLos empleados y funcionarios de organismos p\u00fablicos y los alumnos de origen\u00a0armenio quedan autorizados a disponer libremente de los d\u00edas 24 de abril de\u00a0todos los a\u00f1os para poder asistir y participar de las actividades que se realicen\u00a0en conmemoraci\u00f3n de la tragedia que afect\u00f3 a su comunidad. Se Inv\u00edta a los gobiernos\u00a0provinciales a adherir a las disposiciones de la presente ley.<\/p>\n<p class=\"textoNoLaborable\">S\u00f3lo para habitantes que profesen la Religi\u00f3n Jud\u00eda\u00a0(dispuesto por el <a style=\"color: #1c94c4; text-decoration: none;\" href=\"\/es\/pdf\/Decreto1584-2010.pdf\/\" target=\"blank\">Decreto<br \/>\n1584\/2010<\/a>:\u00a0Los dos primeros d\u00edas de Pesaj (Pascua) comienzan el d\u00eda 14 de<br \/>\nAbril a las 18:10 y finalizan el d\u00eda 16 de Abril a las 19:10. Los dos \u00faltimos<br \/>\nd\u00edas de Pesaj (Pascua) comienzan el d\u00eda 20 de Abril a las 18:05 y finalizan<br \/>\nel 22 de Abril a las 19:05.<\/p>\n<p class=\"textoNoLaborable\">Los dos d\u00edas de Rosh Hashana (A\u00f1o Nuevo) comienzan\u00a0el d\u00eda 24 de Septiembre a las 18:30 finalizan el d\u00eda 26 de Septiembre a las\u00a018:30.<\/p>\n<p class=\"textoNoLaborable\">El d\u00eda de Iom Kipur (D\u00eda del Perd\u00f3n) comienza el d\u00eda\u00a03 de Octubre a las 18:20 y finaliza el d\u00eda 4 de Octubre a las 19:35.<\/p>\n<p class=\"textoNoLaborable\">S\u00f3lo para los habitantes que profesen la Religi\u00f3n\u00a0Isl\u00e1mica. Dispuesto por el <a style=\"color: #1c94c4; text-decoration: none;\" href=\"\/es\/pdf\/Decreto1584-2010.pdf\/\" target=\"blank\">Decreto\u00a01584\/2010<\/a> Feriados con Fechas aproximadas que se rigen por el calendario\u00a0lunar.<\/p>","protected":false},"excerpt":{"rendered":"<p>El esquema en la imagen expone las categor\u00edas de feriados expandidos para este a\u00f1o 2015. Un caso curioso es que en las dos primeras semanas de abril habr\u00e1 muy pocos d\u00edas laborables, lo que ya est\u00e1 causando las pol\u00e9micas de algunos a\u00f1os, dado que abre\u00a0la tentaci\u00f3n, a quienes tienen posibilidades econ\u00f3micas, a generar \u00abpuente sobre [&hellip;]<\/p>","protected":false},"author":1,"featured_media":7164,"comment_status":"open","ping_status":"open","sticky":false,"template":"","format":"standard","meta":[],"categories":[7],"tags":[],"series":[],"_links":{"self":[{"href":"https:\/\/www.diario5.com.ar\/es\/wp-json\/wp\/v2\/posts\/7163"}],"collection":[{"href":"https:\/\/www.diario5.com.ar\/es\/wp-json\/wp\/v2\/posts"}],"about":[{"href":"https:\/\/www.diario5.com.ar\/es\/wp-json\/wp\/v2\/types\/post"}],"author":[{"embeddable":true,"href":"https:\/\/www.diario5.com.ar\/es\/wp-json\/wp\/v2\/users\/1"}],"replies":[{"embeddable":true,"href":"https:\/\/www.diario5.com.ar\/es\/wp-json\/wp\/v2\/comments?post=7163"}],"version-history":[{"count":10,"href":"https:\/\/www.diario5.com.ar\/es\/wp-json\/wp\/v2\/posts\/7163\/revisions"}],"predecessor-version":[{"id":7174,"href":"https:\/\/www.diario5.com.ar\/es\/wp-json\/wp\/v2\/posts\/7163\/revisions\/7174"}],"wp:featuredmedia":[{"embeddable":true,"href":"https:\/\/www.diario5.com.ar\/es\/wp-json\/wp\/v2\/media\/7164"}],"wp:attachment":[{"href":"https:\/\/www.diario5.com.ar\/es\/wp-json\/wp\/v2\/media?parent=7163"}],"wp:term":[{"taxonomy":"category","embeddable":true,"href":"https:\/\/www.diario5.com.ar\/es\/wp-json\/wp\/v2\/categories?post=7163"},{"taxonomy":"post_tag","embeddable":true,"href":"https:\/\/www.diario5.com.ar\/es\/wp-json\/wp\/v2\/tags?post=7163"},{"taxonomy":"series","embeddable":true,"href":"https:\/\/www.diario5.com.ar\/es\/wp-json\/wp\/v2\/series?post=7163"}],"curies":[{"name":"wp","href":"https:\/\/api.w.org\/{rel}","templated":true}]}}