{"id":7050,"date":"2015-01-04T14:15:31","date_gmt":"2015-01-04T17:15:31","guid":{"rendered":"http:\/\/diario5.com.ar\/?p=7050"},"modified":"2015-06-18T14:36:21","modified_gmt":"2015-06-18T17:36:21","slug":"7050","status":"publish","type":"post","link":"https:\/\/www.diario5.com.ar\/es\/7050\/","title":{"rendered":"Vuelve \u00abParque Lezama\u00bb"},"content":{"rendered":"<h2 class=\"sub-title-primary\"><\/h2> <p><a href=\"https:\/\/www.diario5.com.ar\/wp-content\/uploads\/2015\/06\/parque_lezama_obrateatral.jpg\"><img decoding=\"async\" loading=\"lazy\" class=\"size-medium wp-image-7051 alignleft\" src=\"http:\/\/diario5.com.ar\/wp-content\/uploads\/2015\/06\/parque_lezama_obrateatral-300x207.jpg\" alt=\"parque_lezama_obrateatral\" width=\"300\" height=\"207\" srcset=\"https:\/\/www.diario5.com.ar\/wp-content\/uploads\/2015\/06\/parque_lezama_obrateatral-300x207.jpg 300w, https:\/\/www.diario5.com.ar\/wp-content\/uploads\/2015\/06\/parque_lezama_obrateatral-768x530.jpg 768w, https:\/\/www.diario5.com.ar\/wp-content\/uploads\/2015\/06\/parque_lezama_obrateatral-400x276.jpg 400w, https:\/\/www.diario5.com.ar\/wp-content\/uploads\/2015\/06\/parque_lezama_obrateatral-260x179.jpg 260w, https:\/\/www.diario5.com.ar\/wp-content\/uploads\/2015\/06\/parque_lezama_obrateatral-160x110.jpg 160w, https:\/\/www.diario5.com.ar\/wp-content\/uploads\/2015\/06\/parque_lezama_obrateatral.jpg 800w\" sizes=\"(max-width: 300px) 100vw, 300px\" \/><\/a><\/p>\n<p>&nbsp;<\/p>\n<p>Se viene otra temporada (o por lo menos media) de \u00abParque Lezama\u00bb, escrita por Herb Gardner y adaptada y dirigida por Juan Jos\u00e9 Campanella \u201cCentral Park\u201d es el nombre de la versi\u00f3n original de la deliciosa obra del exitoso y multipremiado dramaturgo norteamericano, desaparecido en 2003.<\/p>\n<p>Los genios que la protagonizan son Luis Brandoni y Eduardo Blanco. La precisi\u00f3n en el ritmo teatral, los tiempos exactos para la naturalizaci\u00f3n de las reacciones, lo sorprendente de c\u00f3mo administran las propias sorpresas de los personajes conforman las jugadas m\u00e1s brillantes que estos monstruos de la escena le brindaron a los 575 espectadores que cada noche de funci\u00f3n asistieron a la entra\u00f1able sala de Rivadavia y Paran\u00e1.<\/p>\n<p>El sello de Campanella se nota en la adaptaci\u00f3n, en la argentinizaci\u00f3n y en los juegos oscilantes de la emoci\u00f3n a la risa de cada uno de los gags, m\u00e1s la visi\u00f3n coordinada de cada detalle ya descrito en la labor de los protagonistas.<\/p>\n<p>El reestreno es este mi\u00e9rcoles 7 de enero, siempre en el Teatro Liceo, frente a la Plaza Lorea, en Rivadavia y Paran\u00e1. Hicieron 380 funciones y los vieron 120 mil espectadores.<\/p>\n<p>\u201cParque Lezama\u201d es la historia de los desopilantes di\u00e1logos entre Le\u00f3n Schwartz\u00a0 y Antonio Cardoso. Uno de ellos, militante de izquierda con ideas progresistas (un Comunista tradicional). El otro, un descomprometido ideol\u00f3gicamente y poco propenso a comprender las necesidades sociales.<\/p>\n<p>El mensaje que siempre escuchamos para conocer de qu\u00e9 se trata la obra\u00a0 es el que dice que ellos van viviendo en carne propia la lucha sin fin entre el cambio y el mundo.<\/p>\n<p>Y se r\u00eden, se emocionan, se pelean con otros\u2026 los otros son Marcela Guerty, Ivan Espeche, Gabriel Gallicchio, Federico Llambi y Carla Pantanali.<\/p>\n<p>Los horarios de la funciones son los mi\u00e9rcoles, jueves y viernes a las 20:30; los s\u00e1bados a las \u00a020.00 y 22.45 y los d\u00edas domingo alas 19:30. <em>Hay una informaci\u00f3n que dice que en el Teatro Liceo estar\u00e1n por lo menos hasta abril y que luego Enrique Pinti volver\u00eda a ese teatro con Salsa Criolla. \u00bfSe mudar\u00e1 el Parque?<\/em><\/p>","protected":false},"excerpt":{"rendered":"<p>&nbsp; Se viene otra temporada (o por lo menos media) de \u00abParque Lezama\u00bb, escrita por Herb Gardner y adaptada y dirigida por Juan Jos\u00e9 Campanella \u201cCentral Park\u201d es el nombre de la versi\u00f3n original de la deliciosa obra del exitoso y multipremiado dramaturgo norteamericano, desaparecido en 2003. Los genios que la protagonizan son Luis Brandoni [&hellip;]<\/p>","protected":false},"author":1,"featured_media":7051,"comment_status":"open","ping_status":"open","sticky":false,"template":"","format":"standard","meta":[],"categories":[5,7],"tags":[],"series":[],"_links":{"self":[{"href":"https:\/\/www.diario5.com.ar\/es\/wp-json\/wp\/v2\/posts\/7050"}],"collection":[{"href":"https:\/\/www.diario5.com.ar\/es\/wp-json\/wp\/v2\/posts"}],"about":[{"href":"https:\/\/www.diario5.com.ar\/es\/wp-json\/wp\/v2\/types\/post"}],"author":[{"embeddable":true,"href":"https:\/\/www.diario5.com.ar\/es\/wp-json\/wp\/v2\/users\/1"}],"replies":[{"embeddable":true,"href":"https:\/\/www.diario5.com.ar\/es\/wp-json\/wp\/v2\/comments?post=7050"}],"version-history":[{"count":4,"href":"https:\/\/www.diario5.com.ar\/es\/wp-json\/wp\/v2\/posts\/7050\/revisions"}],"predecessor-version":[{"id":7055,"href":"https:\/\/www.diario5.com.ar\/es\/wp-json\/wp\/v2\/posts\/7050\/revisions\/7055"}],"wp:featuredmedia":[{"embeddable":true,"href":"https:\/\/www.diario5.com.ar\/es\/wp-json\/wp\/v2\/media\/7051"}],"wp:attachment":[{"href":"https:\/\/www.diario5.com.ar\/es\/wp-json\/wp\/v2\/media?parent=7050"}],"wp:term":[{"taxonomy":"category","embeddable":true,"href":"https:\/\/www.diario5.com.ar\/es\/wp-json\/wp\/v2\/categories?post=7050"},{"taxonomy":"post_tag","embeddable":true,"href":"https:\/\/www.diario5.com.ar\/es\/wp-json\/wp\/v2\/tags?post=7050"},{"taxonomy":"series","embeddable":true,"href":"https:\/\/www.diario5.com.ar\/es\/wp-json\/wp\/v2\/series?post=7050"}],"curies":[{"name":"wp","href":"https:\/\/api.w.org\/{rel}","templated":true}]}}