{"id":7043,"date":"2014-09-08T22:35:43","date_gmt":"2014-09-09T01:35:43","guid":{"rendered":"http:\/\/diario5.com.ar\/?p=7043"},"modified":"2015-06-13T22:54:13","modified_gmt":"2015-06-14T01:54:13","slug":"semana-nacional-de-la-epilepsia","status":"publish","type":"post","link":"https:\/\/www.diario5.com.ar\/es\/semana-nacional-de-la-epilepsia\/","title":{"rendered":"Semana Nacional de la Epilepsia"},"content":{"rendered":"<h2 class=\"sub-title-primary\"><\/h2> <p><a href=\"https:\/\/www.diario5.com.ar\/wp-content\/uploads\/2015\/06\/semana-de-la-epilepsia.png\"><img decoding=\"async\" loading=\"lazy\" class=\"size-medium wp-image-7044 alignleft\" src=\"http:\/\/diario5.com.ar\/wp-content\/uploads\/2015\/06\/semana-de-la-epilepsia-300x123.png\" alt=\"semana-de-la-epilepsia\" width=\"300\" height=\"123\" srcset=\"https:\/\/www.diario5.com.ar\/wp-content\/uploads\/2015\/06\/semana-de-la-epilepsia-300x123.png 300w, https:\/\/www.diario5.com.ar\/wp-content\/uploads\/2015\/06\/semana-de-la-epilepsia-400x164.png 400w, https:\/\/www.diario5.com.ar\/wp-content\/uploads\/2015\/06\/semana-de-la-epilepsia-260x107.png 260w, https:\/\/www.diario5.com.ar\/wp-content\/uploads\/2015\/06\/semana-de-la-epilepsia-160x66.png 160w, https:\/\/www.diario5.com.ar\/wp-content\/uploads\/2015\/06\/semana-de-la-epilepsia.png 700w\" sizes=\"(max-width: 300px) 100vw, 300px\" \/><\/a>El Gobierno de la Ciudad de Buenos Aires informa que desde hoy, \u00a0lunes 8 al viernes 12 de septiembre se realizar\u00e1n en el Hospital General de Agudos Dr. Jos\u00e9 M. Penna las actividades relacionadas a la Semana Nacional de la Epilepsia. Son actividades \u00a0abiertas a la comunidad, organizadas por el Grupo de Trabajo de Epilepsia de la Sociedad Neurol\u00f3gica Argentina y la Liga Argentina contra la Epilepsia (LACE). Tambi\u00e9n habr\u00e1 actividades en el Hospital Ramos Mej\u00eda.<\/p>\n<p>Propone el GCBA ingresar a su web (ver link en esta p\u00e1gina) para averiguar horarios.<\/p>\n<p>El principal objetivo de la Semana es informar a la comunidad sobre la enfermedad, para promover el mejoramiento de la calidad de vida de los pacientes y familiares.<\/p>\n<p>Estos encuentros representan un marco propicio para informar a la poblaci\u00f3n sobre la enfermedad, estimular el compromiso social y solidario de la comunidad, compartir experiencias y multiplicar las acciones de comunicaci\u00f3n tendientes a enfrentar miedos y prejuicios, fortalecer la integraci\u00f3n social y erradicar la discriminaci\u00f3n.<\/p>\n<p>Con ese esp\u00edritu se invita a la comunidad a acercarse y participar de las charlas y encuentros programados para esta ocasi\u00f3n, en los que se abordar\u00e1n diferentes tem\u00e1ticas relacionadas a la enfermedad. Se entregar\u00e1n a los asistentes material informativo.<\/p>\n<p><strong>Sobre la enfermedad<\/strong><\/p>\n<p>La epilepsia es un trastorno neurol\u00f3gico en el cual se producen crisis repetitivas, relativamente estereotipadas de experiencias involuntarias o conductas con o sin p\u00e9rdida de conocimiento.<\/p>\n<p>Las causas pueden ser primarias o idiop\u00e1ticas y secundarias a otras enfermedades neurol\u00f3gicas como las cerebrovasculares, los traumatismos de cr\u00e1neo, las infecciones del sistema nervioso, los tumores cerebrales y entre otros los problemas al nacer (anomal\u00eda cerebral cong\u00e9nita).<\/p>\n<p>Los s\u00edntomas pueden tener simples episodios de ausencias, mientras otras tienen p\u00e9rdida del conocimiento con o sin convulsiones.<\/p>\n<p><strong>Hospital Ramos Mej\u00eda<\/strong><\/p>\n<p>Actividades de 11.30 a 14hs.<br \/>\nLunes: Medicaciones para la Epilepsia y eventos adversos ; Dres. Nahuel Pereira y Said\u00f3n.<br \/>\nCalidad de vida y epilepsia ; Lic. Nancy Medel.<br \/>\nMartes: Epilepsias que no responden a la medicaci\u00f3n ; Dra. Silvia Kochen<br \/>\n\u00bfQu\u00e9 hacer ante una crisis? Grupo de autoayuda<br \/>\nMi\u00e9rcoles: Mujer y epilepsia ; Dra. Natalia Bohorquez Morera<br \/>\nJueves: Ley nacional de protecci\u00f3n a personas con epilepsia ; Jorge Lovento<br \/>\nPseudocrisis ; Dra. Luciana D\u00b4alessio<br \/>\nViernes: \u00bfLa epilepsia afecta la inteligencia? ; Lic. Patricia Solis, Dra. Silvia Oddo.<br \/>\n\u00bfLa epilepsia es hereditaria? ; Dra. Gonzalez M, Dr. Cauffman<\/p>\n<p><strong>Hospital Penna<\/strong><\/p>\n<p>Hoy, lunes 8, a las\u00a010.00, tratar\u00e1 el tema \u00a0Epilepsia y Salud Escolar el \u00a0Dr. Ricardo Bernater. A las\u00a011.00 el\u00a0Dr. Leonardo Ayala se referir\u00e1 al siguiente cuestionamiento: \u00bfLa epilepsia es hereditaria?<\/p>\n<p>El Dr. Ricardo Bernater tratar\u00e1 el \u00a0Jueves 11 a las\u00a011.00 los detalles acerca de \u00a0\u00bfC\u00f3mo enfocamos el tratamiento de la Epilepsia? mientras que el\u00a0Dr. Leonardo Ayala responder\u00e1 a la pregunta\u00a0\u00bfQu\u00e9 hacer ante la presencia de una crisis?<\/p>","protected":false},"excerpt":{"rendered":"<p>El Gobierno de la Ciudad de Buenos Aires informa que desde hoy, \u00a0lunes 8 al viernes 12 de septiembre se realizar\u00e1n en el Hospital General de Agudos Dr. Jos\u00e9 M. Penna las actividades relacionadas a la Semana Nacional de la Epilepsia. Son actividades \u00a0abiertas a la comunidad, organizadas por el Grupo de Trabajo de Epilepsia [&hellip;]<\/p>","protected":false},"author":1,"featured_media":7044,"comment_status":"open","ping_status":"open","sticky":false,"template":"","format":"standard","meta":[],"categories":[7],"tags":[],"series":[],"_links":{"self":[{"href":"https:\/\/www.diario5.com.ar\/es\/wp-json\/wp\/v2\/posts\/7043"}],"collection":[{"href":"https:\/\/www.diario5.com.ar\/es\/wp-json\/wp\/v2\/posts"}],"about":[{"href":"https:\/\/www.diario5.com.ar\/es\/wp-json\/wp\/v2\/types\/post"}],"author":[{"embeddable":true,"href":"https:\/\/www.diario5.com.ar\/es\/wp-json\/wp\/v2\/users\/1"}],"replies":[{"embeddable":true,"href":"https:\/\/www.diario5.com.ar\/es\/wp-json\/wp\/v2\/comments?post=7043"}],"version-history":[{"count":3,"href":"https:\/\/www.diario5.com.ar\/es\/wp-json\/wp\/v2\/posts\/7043\/revisions"}],"predecessor-version":[{"id":7047,"href":"https:\/\/www.diario5.com.ar\/es\/wp-json\/wp\/v2\/posts\/7043\/revisions\/7047"}],"wp:featuredmedia":[{"embeddable":true,"href":"https:\/\/www.diario5.com.ar\/es\/wp-json\/wp\/v2\/media\/7044"}],"wp:attachment":[{"href":"https:\/\/www.diario5.com.ar\/es\/wp-json\/wp\/v2\/media?parent=7043"}],"wp:term":[{"taxonomy":"category","embeddable":true,"href":"https:\/\/www.diario5.com.ar\/es\/wp-json\/wp\/v2\/categories?post=7043"},{"taxonomy":"post_tag","embeddable":true,"href":"https:\/\/www.diario5.com.ar\/es\/wp-json\/wp\/v2\/tags?post=7043"},{"taxonomy":"series","embeddable":true,"href":"https:\/\/www.diario5.com.ar\/es\/wp-json\/wp\/v2\/series?post=7043"}],"curies":[{"name":"wp","href":"https:\/\/api.w.org\/{rel}","templated":true}]}}