{"id":7030,"date":"2015-01-23T15:24:21","date_gmt":"2015-01-23T18:24:21","guid":{"rendered":"http:\/\/diario5.com.ar\/?p=7030"},"modified":"2015-06-13T15:29:37","modified_gmt":"2015-06-13T18:29:37","slug":"quien-debe-poner-las-vias","status":"publish","type":"post","link":"https:\/\/www.diario5.com.ar\/es\/quien-debe-poner-las-vias\/","title":{"rendered":"Qui\u00e9n debe poner las v\u00edas?"},"content":{"rendered":"<h2 class=\"sub-title-primary\"><\/h2> <figure id=\"attachment_7032\" aria-describedby=\"caption-attachment-7032\" style=\"width: 300px\" class=\"wp-caption alignleft\"><a href=\"https:\/\/www.diario5.com.ar\/wp-content\/uploads\/2015\/01\/subte03.jpg\"><img decoding=\"async\" loading=\"lazy\" class=\"wp-image-7032 size-medium\" src=\"http:\/\/diario5.com.ar\/wp-content\/uploads\/2015\/01\/subte03-300x199.jpg\" alt=\"subte03\" width=\"300\" height=\"199\" \/><\/a><figcaption id=\"caption-attachment-7032\" class=\"wp-caption-text\">Obras de prolongaci\u00f3n de la L\u00ednea E<\/figcaption><\/figure>\n<p>Una nueva prueba de que la Ciudad de Buenos Aires jam\u00e1s debi\u00f3 haber ingresado en las l\u00edneas que definieron la Constituci\u00f3n Nacional de 1994, convirti\u00e9ndose en estado aut\u00f3nomo, est\u00e1 a la vista.<\/p>\n<p>En 2012 se previ\u00f3 que iba a inaugurarse la prolongaci\u00f3n del Subte E, entre Plaza de Mayo y Retiro, completando una importante l\u00ednea de conexi\u00f3n con el \u00e1rea Sur de la metr\u00f3poli.<\/p>\n<p>La construcci\u00f3n de esta prolongaci\u00f3n fue comprometida por el Estado Nacional. De hecho, una importante cantidad de carteles de gran medida as\u00ed lo anunciaban, con la firma, en plotters, de la Presidente de la Naci\u00f3n.<\/p>\n<p>Nos enteramos ahora que las tres estaciones que conforman este alargue est\u00e1n listas pero lo que faltan son todos los aspectos t\u00e9cnicos ferroviarios para la circulaci\u00f3n de las formaciones. As\u00ed, como suena: faltan las v\u00edas.<\/p>\n<p>Todo el sistema de rieles y se\u00f1alizaciones tiene un costo de m\u00e1s de 40 millones de d\u00f3lares y las negociaciones entre las administraciones urbana y nacional no llegan a un acuerdo.<\/p>\n<p>Esto significa, a priori, que por lo menos hasta el a\u00f1o 2017 no habr\u00e1 inauguraci\u00f3n de un servicio que, por naturaleza, ya est\u00e1 pago por parte de los contribuyentes uqe aportan tanto a la AFIP como a la AGIP, los entes de recudaci\u00f3n correspondientes a sendas sedes de maltrato a la poblaci\u00f3n de una ciudad que no consigue promediar un crecimiento aceptable en su calidad de vida.<\/p>\n<p>Las escaleras y ascensores est\u00e1n inclu\u00eddos entre todo lo que falta. El gobierno nacional dice que el Subte ya no les pertenece, ya qye en 2012 se concret\u00f3 el traspaso del control de SBASE (Subterr\u00e1neos de Buenos Aires Sociedad del Estado) a organismos de administraci\u00f3n de transporte del Gobierno de la Ciudad.<\/p>\n<p>Cada vez hay m\u00e1s comprobacones de que la Ciudad de Buenos Aires tendr\u00e1 d\u00e9cadas enteras de conflicto con el gobierno central, ya que se estima que las tendencias electorales dif\u00edcilmente puedan coincidir. Es que se trata de una Ciudad cocebida con caracter\u00edsticas federales (por eso su identificaci\u00f3n anterior: Capital Federal) y las reglas de juego siempre fueron que quien quer\u00eda vivir en ella no necesitaba reclamar innecesarios derechos que s\u00ed les corresponden las provincias argentinas, como, entre otras cosas, votar sus autoridades.<\/p>\n<p>Pocos toman en cuenta que la Reina del Plata alcanz\u00f3 esa jerarqu\u00eda y se transform\u00f3 en una de las urbes m\u00e1s importantes del mundo, creciendo bajo el mando de intendentes nombrados por la Presidencia de la Naci\u00f3n, lo que le signific\u00f3 mayor fluidez para la soluci\u00f3n de problemas urbanos, sociales, presupuestarios y organizacionales.<\/p>","protected":false},"excerpt":{"rendered":"<p>Una nueva prueba de que la Ciudad de Buenos Aires jam\u00e1s debi\u00f3 haber ingresado en las l\u00edneas que definieron la Constituci\u00f3n Nacional de 1994, convirti\u00e9ndose en estado aut\u00f3nomo, est\u00e1 a la vista. En 2012 se previ\u00f3 que iba a inaugurarse la prolongaci\u00f3n del Subte E, entre Plaza de Mayo y Retiro, completando una importante l\u00ednea [&hellip;]<\/p>","protected":false},"author":1,"featured_media":7032,"comment_status":"open","ping_status":"open","sticky":false,"template":"","format":"standard","meta":[],"categories":[1],"tags":[],"series":[],"_links":{"self":[{"href":"https:\/\/www.diario5.com.ar\/es\/wp-json\/wp\/v2\/posts\/7030"}],"collection":[{"href":"https:\/\/www.diario5.com.ar\/es\/wp-json\/wp\/v2\/posts"}],"about":[{"href":"https:\/\/www.diario5.com.ar\/es\/wp-json\/wp\/v2\/types\/post"}],"author":[{"embeddable":true,"href":"https:\/\/www.diario5.com.ar\/es\/wp-json\/wp\/v2\/users\/1"}],"replies":[{"embeddable":true,"href":"https:\/\/www.diario5.com.ar\/es\/wp-json\/wp\/v2\/comments?post=7030"}],"version-history":[{"count":5,"href":"https:\/\/www.diario5.com.ar\/es\/wp-json\/wp\/v2\/posts\/7030\/revisions"}],"predecessor-version":[{"id":7036,"href":"https:\/\/www.diario5.com.ar\/es\/wp-json\/wp\/v2\/posts\/7030\/revisions\/7036"}],"wp:featuredmedia":[{"embeddable":true,"href":"https:\/\/www.diario5.com.ar\/es\/wp-json\/wp\/v2\/media\/7032"}],"wp:attachment":[{"href":"https:\/\/www.diario5.com.ar\/es\/wp-json\/wp\/v2\/media?parent=7030"}],"wp:term":[{"taxonomy":"category","embeddable":true,"href":"https:\/\/www.diario5.com.ar\/es\/wp-json\/wp\/v2\/categories?post=7030"},{"taxonomy":"post_tag","embeddable":true,"href":"https:\/\/www.diario5.com.ar\/es\/wp-json\/wp\/v2\/tags?post=7030"},{"taxonomy":"series","embeddable":true,"href":"https:\/\/www.diario5.com.ar\/es\/wp-json\/wp\/v2\/series?post=7030"}],"curies":[{"name":"wp","href":"https:\/\/api.w.org\/{rel}","templated":true}]}}