{"id":7014,"date":"2015-02-28T01:41:04","date_gmt":"2015-02-28T04:41:04","guid":{"rendered":"http:\/\/diario5.com.ar\/?p=7014"},"modified":"2015-08-18T18:12:32","modified_gmt":"2015-08-18T21:12:32","slug":"inauguraciones-de-sesiones-ordinarias-ii","status":"publish","type":"post","link":"https:\/\/www.diario5.com.ar\/es\/inauguraciones-de-sesiones-ordinarias-ii\/","title":{"rendered":"Inauguraciones de Sesiones Ordinarias II"},"content":{"rendered":"<h2 class=\"sub-title-primary\"><\/h2> <p><a href=\"https:\/\/www.diario5.com.ar\/wp-content\/uploads\/2015\/03\/Kirchner-Congreso.jpg\"><img decoding=\"async\" loading=\"lazy\" class=\"size-medium wp-image-7015 alignleft\" src=\"http:\/\/diario5.com.ar\/wp-content\/uploads\/2015\/03\/Kirchner-Congreso-300x216.jpg\" alt=\"Kirchner-Congreso\" width=\"300\" height=\"216\" \/><\/a><\/p>\n<p>Estamos a horas del inicio del a\u00f1o legislativo a inaugurar por Cristina Kirchner. Aqu\u00ed completamos la historia de las aperturas de Sesiones Ordinarias del Congreso, uno de los actos m\u00e1s importantes de la pol\u00edtica, todos los a\u00f1os en el pa\u00eds.<\/p>\n<p>1 de Marzo de 2002 \u2013 Eduardo Duhalde abre el a\u00f1o legislativo y habla para los que ten\u00edan dep\u00f3sitos en d\u00f3lares. Quiso tranquilizarlos pero no sali\u00f3 nada bien ese tema. En otros asuntos, Duhalde logr\u00f3 bastantes apoyos y en un a\u00f1o se consigui\u00f3 recuperar buena parte de la calma tras la crisis del cierre de 2001.<\/p>\n<p>1 de Marzo de 2003 \u2013 A dos meses de entregar el gobierno, Eduardo Duhalde en el Congreso sepult\u00f3 los 90 con una frase m\u00e1s humana que las de los pesos y los d\u00f3lares: \u201cLa necesidad de planes sociales es la prueba del fracaso de un modelo econ\u00f3mico\u201d<\/p>\n<p>1 de Marzo de 2004 \u2013 N\u00e9stor Kirchner se enfoca en la deuda y dice que el FMI no negocia de buena f\u00e9. Advirti\u00f3 aquel d\u00eda que no se va a negociar sobre el hambre del pueblo, pero aclar\u00f3: \u201cno somos el proyecto del default\u201d<\/p>\n<p>1 de Marzo de 2005 \u2013 Kirchner gan\u00f3 poder y les anuncia a la empresas privatizadas que se va a defender con u\u00f1as y dientes. Ese d\u00eda anunci\u00f3 una virtual salida del estado de default de la Argentina frente al los acreedores.<\/p>\n<p>1 de Marzo de 2006 \u2013 Kirchner enfrenta un tema complejo de medio ambiente y v\u00ednculo con el Uruguay: la papelera Botnia en Fray Bentos, frente a Gualeguaych\u00fa. El presidente propuso parar la obra para negociar. Uruguay se lo neg\u00f3.<\/p>\n<p>1 de Marzo de 2007 \u2013 Un a\u00f1o m\u00e1s tarde, el tema de las papeleras sigue y en la apertura de las sesiones ordinarias del congreso, el presidente Kirchner acusa a su par uruguayo, Tabar\u00e9 Vazquez, de no querer negociar.<\/p>\n<p>1 de Marzo de 2008 \u2013 Los temas de la primera inauguraci\u00f3n de sesiones por parte de Cristina Fern\u00e1ndez de Kirchner fueron muy variados: inseguridad, jueces blandos y polic\u00edas descomprometidos. Fue la primera vez que un discurso que incluye temas estad\u00edsticos y presupuestarios se realiza sin ser le\u00eddo.<\/p>\n<p>1 de Marzo de 2009 \u2013 La nueva Ley de Medios es parte del discurso de Cristina en el arranque legislativo de 2009. Pero la tensi\u00f3n con el campo fue el tema central y m\u00e1s cr\u00edtico.<\/p>\n<p>1 de Marzo de 2010 \u2013 El acto legislativo con la presencia de la presidente se produce a horas de haber decretado el pago de una parte de la deuda nacional con dinero de las reservas del Banco Central y de la derogaci\u00f3n del DNU que creaba el Fondo del Bicentenario. Fue muy traum\u00e1tico, como casi todo, frente a la oposici\u00f3n.<\/p>\n<p>1 de Marzo de 2011 \u2013 Cristina Fern\u00e1ndez de Kirchner es ahora una presidente viuda. Y nada menos que de su propio antecesor en el poder. A 7 meses de las elecciones, deja en suspenso la posibilidad de su reelecci\u00f3n, que finalmente terminar\u00e1 por concretarse. Su discurso fue fuerte contra las corporaciones.<\/p>\n<p>1 de Marzo de 2012 \u2013 La reforma de la Carta Org\u00e1nica del Banco Central es uno de los temas salientes al momento de la Apertura del Per\u00edodo de Sesiones Ordinarias del Congreso de la Naci\u00f3n. La presidente hizo un reclamo a los docentes por la tendencia a los paros y debi\u00f3 resolver un conflicto policial en los subtes de Buenos Aires.<\/p>\n<p>1 de Marzo de 2013 \u2013 El conflicto de Poderes entre el ejecutivo y la Justicia es parte fundamental en el mensaje de Cristina. Anunci\u00f3 proyectos de ley que derivar\u00edan en reformas. La presidente se refiere a los diez a\u00f1os de poder del kirchnerismo como una \u201cd\u00e9cada ganada\u201d. Se descarta definitivamente cualquier intu\u00edble intento de reformar la Constituci\u00f3n Nacional en pos de una re-reelecci\u00f3n.<\/p>\n<p>1 de Marzo de 2014 \u2013 Al pedido de una ley contra los cortes de calles la presidente Fern\u00e1ndez de Kirchner sum\u00f3 un llamado al di\u00e1logo pol\u00edtico y un nuevo reclamo por una ley contra los precios abusivos. Recibi\u00f3 criticas por la ausencia de temas como la inseguridad y el avance del narcor\u00e1fico, fuertemente arraigado en la Ciudad de Rosario.<\/p>","protected":false},"excerpt":{"rendered":"<p>Estamos a horas del inicio del a\u00f1o legislativo a inaugurar por Cristina Kirchner. Aqu\u00ed completamos la historia de las aperturas de Sesiones Ordinarias del Congreso, uno de los actos m\u00e1s importantes de la pol\u00edtica, todos los a\u00f1os en el pa\u00eds. 1 de Marzo de 2002 \u2013 Eduardo Duhalde abre el a\u00f1o legislativo y habla para [&hellip;]<\/p>","protected":false},"author":3,"featured_media":7015,"comment_status":"open","ping_status":"open","sticky":false,"template":"","format":"standard","meta":[],"categories":[1],"tags":[],"series":[],"_links":{"self":[{"href":"https:\/\/www.diario5.com.ar\/es\/wp-json\/wp\/v2\/posts\/7014"}],"collection":[{"href":"https:\/\/www.diario5.com.ar\/es\/wp-json\/wp\/v2\/posts"}],"about":[{"href":"https:\/\/www.diario5.com.ar\/es\/wp-json\/wp\/v2\/types\/post"}],"author":[{"embeddable":true,"href":"https:\/\/www.diario5.com.ar\/es\/wp-json\/wp\/v2\/users\/3"}],"replies":[{"embeddable":true,"href":"https:\/\/www.diario5.com.ar\/es\/wp-json\/wp\/v2\/comments?post=7014"}],"version-history":[{"count":1,"href":"https:\/\/www.diario5.com.ar\/es\/wp-json\/wp\/v2\/posts\/7014\/revisions"}],"predecessor-version":[{"id":7016,"href":"https:\/\/www.diario5.com.ar\/es\/wp-json\/wp\/v2\/posts\/7014\/revisions\/7016"}],"wp:featuredmedia":[{"embeddable":true,"href":"https:\/\/www.diario5.com.ar\/es\/wp-json\/wp\/v2\/media\/7015"}],"wp:attachment":[{"href":"https:\/\/www.diario5.com.ar\/es\/wp-json\/wp\/v2\/media?parent=7014"}],"wp:term":[{"taxonomy":"category","embeddable":true,"href":"https:\/\/www.diario5.com.ar\/es\/wp-json\/wp\/v2\/categories?post=7014"},{"taxonomy":"post_tag","embeddable":true,"href":"https:\/\/www.diario5.com.ar\/es\/wp-json\/wp\/v2\/tags?post=7014"},{"taxonomy":"series","embeddable":true,"href":"https:\/\/www.diario5.com.ar\/es\/wp-json\/wp\/v2\/series?post=7014"}],"curies":[{"name":"wp","href":"https:\/\/api.w.org\/{rel}","templated":true}]}}