{"id":694151,"date":"2025-08-14T06:13:59","date_gmt":"2025-08-14T09:13:59","guid":{"rendered":"https:\/\/www.diario5.com.ar\/?p=694151"},"modified":"2025-08-14T06:14:05","modified_gmt":"2025-08-14T09:14:05","slug":"los-invisibles-del-poder","status":"publish","type":"post","link":"https:\/\/www.diario5.com.ar\/es\/los-invisibles-del-poder\/","title":{"rendered":"Los invisibles del poder"},"content":{"rendered":"<h2 class=\"sub-title-primary\">Una de tantas situaciones en las que la indignidad pol\u00edtica encuentra su oportunidad. <\/h2> <p><img decoding=\"async\" loading=\"lazy\" class=\"alignnone size-full wp-image-694152\" src=\"https:\/\/www.diario5.com.ar\/wp-content\/uploads\/2025\/08\/candidaturas_testimoniales_3.jpg\" alt=\"\" width=\"800\" height=\"511\" srcset=\"https:\/\/www.diario5.com.ar\/wp-content\/uploads\/2025\/08\/candidaturas_testimoniales_3.jpg 800w, https:\/\/www.diario5.com.ar\/wp-content\/uploads\/2025\/08\/candidaturas_testimoniales_3-300x192.jpg 300w, https:\/\/www.diario5.com.ar\/wp-content\/uploads\/2025\/08\/candidaturas_testimoniales_3-768x491.jpg 768w\" sizes=\"(max-width: 800px) 100vw, 800px\" \/><\/p>\n<p>Los flashes apuntan a los candidatos \u00abtestimoniales\u00bb. Todos discutimos. Todos sabemos que hay un agujero \u00e9tico imposible de rellenar. Pues, se\u00f1or director, todav\u00eda hay m\u00e1s!<\/p>\n<p>Hay otros que se mantienen en las sombras, esperando el momento de asumir sin haber enfrentado, unos pocos minutos de juicio p\u00fablico. Son los verdaderos beneficiarios de esta maniobra: nombres desconocidos, sin una clara trayectoria visible y muchas veces sin trayectoria, que llegar\u00e1n a ocupar bancas provinciales, gracias al inmoral arrastre de figuras relativamente \u00abpopulares\u00bb que les pedir\u00e1n el voto a sus seguidores y ni siquiera piensan asumir.<\/p>\n<p>Estos personajes- aunque, sin l\u00e1mpara que los enfoque y menos a\u00fan luz propia- se montan como adornos colgantes de la imagen ajena cual par\u00e1sitos del sistema. Ellos representan una moderna forma peligrosamente corrosiva de la pol\u00edtica: aceptan ser parte de una estrategia enga\u00f1osa, obvian mostrar el menor gesto de dignidad y saben que en el futuro no tendr\u00e1n poder de decisi\u00f3n en las filas de su grupo partidario. No dan entrevistas, jam\u00e1s explican sus propuestas y, menos que menos, participan de debates de alta exposici\u00f3n ciudadana.<\/p>\n<p>Estas garrapatas esperan, con no poco nivel de comodidad, a que el marketing electoral los deposite en un terreno de supuesto poder, ya que el no generar peso a la hora de hacer campa\u00f1a se paga en la interna partidaria de cada d\u00eda, obviamente.<\/p>\n<p>\u00bfQui\u00e9nes son estos fulanos?<\/p>\n<p>En algunos casos, no se trata de dirigentes tan desconocidos, lo que los pone en peor situaci\u00f3n a\u00fan, aceptando que se le pague su vida pol\u00edtica en <em>modo freezer<\/em> con el salvoconducto a una banca.La mayor\u00eda de los votantes ni siquiera conoce sus nombres. En algunas listas de la Provincia de Buenos Aires van a figurar como relleno, como piezas intercambiables de una maquinaria que no prioriza el recambio en una fuerza pol\u00edtica.<\/p>\n<p>Y ellos mismos no se quejan.<\/p>\n<p>Vemos claramente a una marioneta arrojada a escena desde las bambalinas. Sus jefes prefirieron quedarse cuidando la boleter\u00eda. Sin huevos para enfrentar a quien sea y plantearles que ellos s\u00f3lo ser\u00edan candidatos con el capital de su territorialidad o con los resultados de su gesti\u00f3n en la calle, llegar\u00e1n igualmente al poder legislativo bonaerense. Estos pusil\u00e1nimes consideran m\u00e1s valiosa la militancia del chupaculismo, donde prima la conveniencia por sobre la representaci\u00f3n. Y cuando finalmente asumen, saben que muy pocos recordar\u00e1n que lo hacen sin legitimidad, con un respaldo enclenque y sin haber demostrado que ese cargo podr\u00edan, m\u00e1s o menos, merecerlo.<\/p>\n<p>Bregamos porque no pase de estas elecciones el momento en que la sociedad los identifique a todas luces con la energ\u00eda escrachadora de sus dedos \u00edndices, a estos politicoideos que se esconden detr\u00e1s de los descarados candidatos testimoniales.<\/p>\n<p>\u00bfSon apenas c\u00f3mplices de una operaci\u00f3n pol\u00edtica cuestionable?<\/p>\n<p>Peorque eso a\u00fan: son su expresi\u00f3n m\u00e1s baja.<\/p>\n<p>Mientras parte de la sociedad se indigna con las \u00e1guilas electorales que se postulan sin intenci\u00f3n de asumir, estos buitruchos se benefician en silencio, sin siquiera tener el coraje de alzar la voz dentro de su propio partido para marcar alguna m\u00ednima personalidad de l\u00edder, que m\u00e1s no sea para la foto. Pero no. Parece que nada les quita el est\u00edmulo de presentarse ante el electorado como oportunistas sin vocaci\u00f3n, despojados de m\u00e9rito y carentes de verg\u00fcenza.<\/p>","protected":false},"excerpt":{"rendered":"<p>Una de tantas situaciones en las que la indignidad pol\u00edtica encuentra su oportunidad. Los flashes apuntan a los candidatos \u00abtestimoniales\u00bb. Todos discutimos. Todos sabemos que hay un agujero \u00e9tico imposible de rellenar. Pues, se\u00f1or director, todav\u00eda hay m\u00e1s! Hay otros que se mantienen en las sombras, esperando el momento de asumir sin haber enfrentado, unos [&hellip;]<\/p>","protected":false},"author":9,"featured_media":694152,"comment_status":"open","ping_status":"open","sticky":false,"template":"","format":"standard","meta":[],"categories":[75,3002,45],"tags":[474,1040,2467,1860,2010,71,2382,1907],"series":[],"_links":{"self":[{"href":"https:\/\/www.diario5.com.ar\/es\/wp-json\/wp\/v2\/posts\/694151"}],"collection":[{"href":"https:\/\/www.diario5.com.ar\/es\/wp-json\/wp\/v2\/posts"}],"about":[{"href":"https:\/\/www.diario5.com.ar\/es\/wp-json\/wp\/v2\/types\/post"}],"author":[{"embeddable":true,"href":"https:\/\/www.diario5.com.ar\/es\/wp-json\/wp\/v2\/users\/9"}],"replies":[{"embeddable":true,"href":"https:\/\/www.diario5.com.ar\/es\/wp-json\/wp\/v2\/comments?post=694151"}],"version-history":[{"count":1,"href":"https:\/\/www.diario5.com.ar\/es\/wp-json\/wp\/v2\/posts\/694151\/revisions"}],"predecessor-version":[{"id":694153,"href":"https:\/\/www.diario5.com.ar\/es\/wp-json\/wp\/v2\/posts\/694151\/revisions\/694153"}],"wp:featuredmedia":[{"embeddable":true,"href":"https:\/\/www.diario5.com.ar\/es\/wp-json\/wp\/v2\/media\/694152"}],"wp:attachment":[{"href":"https:\/\/www.diario5.com.ar\/es\/wp-json\/wp\/v2\/media?parent=694151"}],"wp:term":[{"taxonomy":"category","embeddable":true,"href":"https:\/\/www.diario5.com.ar\/es\/wp-json\/wp\/v2\/categories?post=694151"},{"taxonomy":"post_tag","embeddable":true,"href":"https:\/\/www.diario5.com.ar\/es\/wp-json\/wp\/v2\/tags?post=694151"},{"taxonomy":"series","embeddable":true,"href":"https:\/\/www.diario5.com.ar\/es\/wp-json\/wp\/v2\/series?post=694151"}],"curies":[{"name":"wp","href":"https:\/\/api.w.org\/{rel}","templated":true}]}}