{"id":692746,"date":"2025-05-09T07:07:55","date_gmt":"2025-05-09T10:07:55","guid":{"rendered":"https:\/\/www.diario5.com.ar\/?p=692746"},"modified":"2025-05-09T21:25:17","modified_gmt":"2025-05-10T00:25:17","slug":"leon-xiv-capitulo-ii","status":"publish","type":"post","link":"https:\/\/www.diario5.com.ar\/es\/leon-xiv-capitulo-ii\/","title":{"rendered":"Tiempo de misionar"},"content":{"rendered":"<h2 class=\"sub-title-primary\">Los a\u00f1os de Leon XIV en el Per\u00fa. <\/h2> <p><img decoding=\"async\" loading=\"lazy\" class=\"aligncenter size-full wp-image-692769\" src=\"https:\/\/www.diario5.com.ar\/wp-content\/uploads\/2025\/05\/ctc-2213413634_22901032620250509.jpg\" width=\"700\" height=\"525\" srcset=\"https:\/\/www.diario5.com.ar\/wp-content\/uploads\/2025\/05\/ctc-2213413634_22901032620250509.jpg 700w, https:\/\/www.diario5.com.ar\/wp-content\/uploads\/2025\/05\/ctc-2213413634_22901032620250509-300x225.jpg 300w\" sizes=\"(max-width: 700px) 100vw, 700px\" \/><\/p>\n<p>El Papa Le\u00f3n XIV, conocido como Robert Francis Prevost, marca un hito en la historia de la Iglesia cat\u00f3lica al ser el primer Pont\u00edfice estadounidense con doble nacionalidad. Nacido en Chicago, Estados Unidos, Le\u00f3n XIV posee tambi\u00e9n la ciudadan\u00eda peruana, fruto de m\u00e1s de cuatro d\u00e9cadas de profundo v\u00ednculo con el pa\u00eds andino.<\/p>\n<p>Robert lleg\u00f3 a Per\u00fa en 1985, enviado como misionero de la Orden de San Agust\u00edn a la regi\u00f3n de Chulucanas, en Piura. Desde su arribo, comenz\u00f3 a forjar una conexi\u00f3n inquebrantable con el pueblo peruano. Su labor inicial se centr\u00f3 en la misi\u00f3n agustiniana de Chulucanas, donde ejerci\u00f3 como vicep\u00e1rroco de la Catedral Sagrada Familia y canciller, destac\u00e1ndose por su cercan\u00eda con las comunidades rurales.<\/p>\n<p>En 1988, Prevost fue trasladado a Trujillo, donde asumi\u00f3 el rol de director de formaci\u00f3n para los aspirantes agustinos de los vicariatos de Chulucanas, Iquitos y Apur\u00edmac. Durante esa etapa, tambi\u00e9n fue maestro de profesos y prior de la comunidad. Su vocaci\u00f3n de servicio pastoral lo llev\u00f3 a involucrarse activamente en programas sociales, especialmente aquellos destinados a combatir la desnutrici\u00f3n infantil y apoyar a las poblaciones m\u00e1s vulnerables.<\/p>\n<p>Tras casi una d\u00e9cada en Per\u00fa, Prevost regres\u00f3 a Estados Unidos en 1999 para asumir el cargo de Prior Provincial en Chicago. Sin embargo, su v\u00ednculo con el pa\u00eds no se interrumpi\u00f3. En 2014, el Papa Francisco lo nombr\u00f3 Administrador Apost\u00f3lico de la Di\u00f3cesis de Chiclayo. Un a\u00f1o despu\u00e9s, fue ordenado obispo titular, ya con la ciudadan\u00eda peruana concedida en agosto de 2015.<\/p>\n<p>Durante su etapa en Chiclayo, se destac\u00f3 por su cercan\u00eda con la comunidad. Los habitantes de la \u201cCiudad de la amistad\u201d lo recuerdan como un pastor comprometido, siempre dispuesto a escuchar y a tender la mano a quienes lo necesitaban. Lider\u00f3 campa\u00f1as humanitarias durante desastres naturales, como las inundaciones provocadas por lluvias torrenciales, y fue un ferviente promotor de la unidad social en momentos de crisis.<\/p>\n<p><strong>Un l\u00edder en tiempos dif\u00edciles<\/strong><\/p>\n<figure id=\"attachment_692747\" aria-describedby=\"caption-attachment-692747\" style=\"width: 988px\" class=\"wp-caption alignnone\"><img decoding=\"async\" loading=\"lazy\" class=\"wp-image-692747 size-full\" src=\"https:\/\/www.diario5.com.ar\/wp-content\/uploads\/2025\/05\/Papa_Leon_XIV_01.jpg\" alt=\"\" width=\"988\" height=\"470\" srcset=\"https:\/\/www.diario5.com.ar\/wp-content\/uploads\/2025\/05\/Papa_Leon_XIV_01.jpg 988w, https:\/\/www.diario5.com.ar\/wp-content\/uploads\/2025\/05\/Papa_Leon_XIV_01-300x143.jpg 300w, https:\/\/www.diario5.com.ar\/wp-content\/uploads\/2025\/05\/Papa_Leon_XIV_01-768x365.jpg 768w\" sizes=\"(max-width: 988px) 100vw, 988px\" \/><figcaption id=\"caption-attachment-692747\" class=\"wp-caption-text\">Fotos que muestran los a\u00f1os de actividad de Le\u00f3n XIV como Monse\u00f1or Prevost al frente de la Di\u00f3cesis Chiclayo, en el Per\u00fa.<\/figcaption><\/figure>\n<p>La trayectoria de Prevost en Per\u00fa coincidi\u00f3 con periodos de gran convulsi\u00f3n pol\u00edtica y social, como la crisis inflacionaria del gobierno de Alan Garc\u00eda y la violencia terrorista. En la d\u00e9cada de 1990, mientras Alberto Fujimori gobernaba con mano dura, Prevost manifest\u00f3 p\u00fablicamente la necesidad de reconciliaci\u00f3n y justicia. En 2017, cuando el exmandatario fue indultado, Prevost, ya como obispo, pidi\u00f3 que se ofrecieran disculpas directas a las v\u00edctimas de violaciones a los derechos humanos.<\/p>\n<p>El Papa de la paz: un mensaje para el mundo<\/p>\n<p>Al asumir el pontificado, Le\u00f3n XIV no olvid\u00f3 su v\u00ednculo con Per\u00fa. En su primer discurso en Roma, dedic\u00f3 un saludo especial a Chiclayo, agradeciendo el acompa\u00f1amiento y la fe de sus habitantes. Sus palabras resonaron con especial emoci\u00f3n en la comunidad, que celebr\u00f3 su elecci\u00f3n como Papa con muestras de gratitud y orgullo.<\/p>\n<p>Adem\u00e1s, el legado de Prevost en el pa\u00eds incluye su participaci\u00f3n en la Conferencia Episcopal Peruana, donde ocup\u00f3 el cargo de vicepresidente segundo y promovi\u00f3 el di\u00e1logo en temas sociales y educativos. Su vocaci\u00f3n misionera, su defensa de los derechos humanos y su cercan\u00eda con el pueblo peruano quedaron profundamente grabados en la memoria colectiva.<\/p>\n<figure style=\"width: 992px\" class=\"wp-caption alignnone\"><img decoding=\"async\" loading=\"lazy\" src=\"https:\/\/www.diario5.com.ar\/imgtapas\/Papa_Leon_XIV_02.jpg\" alt=\"\" width=\"992\" height=\"558\" \/><figcaption class=\"wp-caption-text\">Prevost, en Chiclayo, 2020<\/figcaption><\/figure>\n<p>A pesar de su popularidad, el nombramiento de Le\u00f3n XIV no estuvo exento de pol\u00e9micas. La organizaci\u00f3n SNAP lo acus\u00f3 de encubrimiento en casos de abuso sexual durante su etapa en Chicago, pero el periodista Pedro Salinas desminti\u00f3 estas denuncias, atribuy\u00e9ndolas a intentos de desprestigio por parte del grupo Sodalicio, a quien Prevost enfrent\u00f3 abiertamente en defensa de las v\u00edctimas.<\/p>\n<p>En definitiva, Le\u00f3n XIV lleva consigo un legado de fe y servicio que trascendi\u00f3 fronteras. Su amor por Per\u00fa sigue vigente y su trayectoria pastoral es, sin duda, un testimonio del poder transformador de la vocaci\u00f3n misionera.<\/p>","protected":false},"excerpt":{"rendered":"<p>Los a\u00f1os de Leon XIV en el Per\u00fa. El Papa Le\u00f3n XIV, conocido como Robert Francis Prevost, marca un hito en la historia de la Iglesia cat\u00f3lica al ser el primer Pont\u00edfice estadounidense con doble nacionalidad. Nacido en Chicago, Estados Unidos, Le\u00f3n XIV posee tambi\u00e9n la ciudadan\u00eda peruana, fruto de m\u00e1s de cuatro d\u00e9cadas de [&hellip;]<\/p>","protected":false},"author":27,"featured_media":692769,"comment_status":"open","ping_status":"open","sticky":false,"template":"","format":"standard","meta":[],"categories":[452,3075,56],"tags":[1999,2322,1464,1297,2880,3037,994,3026,2794,3028,639,3074,1246,1650,3076,3044,3079,3031,2508],"series":[],"_links":{"self":[{"href":"https:\/\/www.diario5.com.ar\/es\/wp-json\/wp\/v2\/posts\/692746"}],"collection":[{"href":"https:\/\/www.diario5.com.ar\/es\/wp-json\/wp\/v2\/posts"}],"about":[{"href":"https:\/\/www.diario5.com.ar\/es\/wp-json\/wp\/v2\/types\/post"}],"author":[{"embeddable":true,"href":"https:\/\/www.diario5.com.ar\/es\/wp-json\/wp\/v2\/users\/27"}],"replies":[{"embeddable":true,"href":"https:\/\/www.diario5.com.ar\/es\/wp-json\/wp\/v2\/comments?post=692746"}],"version-history":[{"count":4,"href":"https:\/\/www.diario5.com.ar\/es\/wp-json\/wp\/v2\/posts\/692746\/revisions"}],"predecessor-version":[{"id":692779,"href":"https:\/\/www.diario5.com.ar\/es\/wp-json\/wp\/v2\/posts\/692746\/revisions\/692779"}],"wp:featuredmedia":[{"embeddable":true,"href":"https:\/\/www.diario5.com.ar\/es\/wp-json\/wp\/v2\/media\/692769"}],"wp:attachment":[{"href":"https:\/\/www.diario5.com.ar\/es\/wp-json\/wp\/v2\/media?parent=692746"}],"wp:term":[{"taxonomy":"category","embeddable":true,"href":"https:\/\/www.diario5.com.ar\/es\/wp-json\/wp\/v2\/categories?post=692746"},{"taxonomy":"post_tag","embeddable":true,"href":"https:\/\/www.diario5.com.ar\/es\/wp-json\/wp\/v2\/tags?post=692746"},{"taxonomy":"series","embeddable":true,"href":"https:\/\/www.diario5.com.ar\/es\/wp-json\/wp\/v2\/series?post=692746"}],"curies":[{"name":"wp","href":"https:\/\/api.w.org\/{rel}","templated":true}]}}