{"id":692592,"date":"2026-04-27T06:52:00","date_gmt":"2026-04-27T09:52:00","guid":{"rendered":"http:\/\/diario5.com.ar\/?p=692592"},"modified":"2026-04-27T01:30:32","modified_gmt":"2026-04-27T04:30:32","slug":"692592","status":"publish","type":"post","link":"https:\/\/www.diario5.com.ar\/es\/692592\/","title":{"rendered":"Qu\u00e9 es un Asistente Personal"},"content":{"rendered":"<h2 class=\"sub-title-primary\"><\/h2> <p><img decoding=\"async\" src=\"https:\/\/static.buenosaires.gob.ar\/sites\/default\/files\/inline-images\/portada%20%283%29_0.JPG\" alt=\"Auditorio con gran asistencia de p\u00fablico durante el lanzamiento de la capacitaci\u00f3n de Asistentes Personales para la Vida Independiente, con expositoras en el escenario y pantalla del programa al fondo.\" \/><\/p>\n<p>La capacitaci\u00f3n de estos profesionales para la vida independiente pone sobre la mesa un tema que obliga a repensar c\u00f3mo la sociedad acompa\u00f1a a las personas con discapacidad en su vida cotidiana. La figura del asistente personal, que en muchos pa\u00edses ya est\u00e1 consolidada, podr\u00eda implicar cambio de paradigma.<\/p>\n<p>El cambio podr\u00eda -y, quiz\u00e1s, deber\u00eda- ser pragm\u00e1tico sin esmerilar nuestro criterio moral.<\/p>\n<p>\u00bfPor qu\u00e9?<\/p>\n<p>Dejar atr\u00e1s el modelo asistencialista y avanzar hacia un enfoque de derechos, donde la autonom\u00eda y la autodeterminaci\u00f3n no son un lujo, sino un principio b\u00e1sico es un ideal que no todos alcanzar\u00edamos a comprender en un par de clases o una pr\u00e1ctica de trabajo con alguien, por ejemplo, en silla de ruedas y con inconvenientes de comunicaci\u00f3n.<\/p>\n<p>Encontrar lo mejor de cada persona con discapacidad requiere de preparaci\u00f3n, paciencia y empat\u00eda por parte de quien est\u00e1 a su lado ayudarlo a conseguir objetivos.<\/p>\n<p>Entonces, que m\u00e1s de 500 personas se hayan inscripto en esta formaci\u00f3n resulta la evidencia de una demanda real y de un inter\u00e9s creciente en profesionalizar un rol que, en la pr\u00e1ctica, puede marcar la diferencia entre la dependencia y la posibilidad de elegir. Alcanzar el \u00e1mbito acad\u00e9mico y plasmar la formaci\u00f3n en la Facultad de Ciencias Sociales de la UBA sella el marco de legitimidad que se necesitaba para esta disciplina que se pone rumbo a la profesionalizaci\u00f3n.<\/p>\n<p>Ahora, el debate sube de categor\u00eda para dar paso a preguntas de relevancia que antes no parec\u00edan ser formuladas:\u00a0\u00bfC\u00f3mo se garantiza que estos apoyos lleguen efectivamente a quienes los necesitan? \u00bfQu\u00e9 condiciones laborales tendr\u00e1n quienes se formen como asistentes personales? \u00bfC\u00f3mo se articula este modelo con un sistema de salud y de cuidados que todav\u00eda arrastra desigualdades profundas?<\/p>\n<p>Tendremos nuevos profesionales en actividades que los necesitan.<\/p>\n<p>Y hay muchas personas con vocaci\u00f3n para estar ah\u00ed.<\/p>\n<p>\u00bfQu\u00e9 duda cabe que la asistencia personal es una herramienta ultra necesaria para que las personas con discapacidad puedan decidir sobre su vida, participar en la comunidad y ejercer sus derechos en igualdad de condiciones?<\/p>\n<p>Por supuesto, la capacitaci\u00f3n es el primer gran paso. Ahora, mucho cuidado con c\u00f3mo actuamos. S\u00ed, todos. Ya es conocida la importancia de que las carreras motorizadas por la solidaridad de los estudiantes, requieren de pr\u00e1cticas concretas y pueda forzarse un cambio cultural que deje de ver la discapacidad como un problema individual. Sabemos tambi\u00e9n que cuando se pretendi\u00f3 hacernos entender que se trata de una cuesti\u00f3n de derechos colectivos, hubo suciedad y manipulaci\u00f3n estatal que despert\u00f3 sospechas y resquemores. Para que funcione de manera aceitada, los impulsos de cualquier gobierno referidos a pol\u00edticas solidarias deben ser transparentes y sostenidos. Es com\u00fan que a las carreras nuevas se le haga dif\u00edcil el camino para salir del margen y convertirse en parte de la vida cotidiana. Por eso, si logran ser bien financiadas, conseguir estabilidad y tener reconocimiento social, se integrar\u00e1n al universo educativo en pocos a\u00f1os.<\/p>\n<p>&nbsp;<\/p>\n<p><img decoding=\"async\" src=\"https:\/\/img.kiosko.net\/2026\/04\/27\/ar\/la_capital.jpg\" \/><\/p>\n<p><img decoding=\"async\" src=\"https:\/\/img.kiosko.net\/2026\/04\/27\/ar\/ar_nueva_provincia.jpg\" \/><\/p>\n<p><img decoding=\"async\" src=\"https:\/\/img.kiosko.net\/2026\/04\/27\/ar\/ar_ancasti.jpg\" \/><\/p>\n<p><img decoding=\"async\" src=\"https:\/\/img.kiosko.net\/2026\/04\/27\/ar\/ar_esquiu.jpg\" \/><\/p>\n<p><img decoding=\"async\" src=\"https:\/\/img.kiosko.net\/2026\/04\/27\/ar\/ar_diario_norte.jpg\" \/><\/p>\n<p><img decoding=\"async\" src=\"https:\/\/img.kiosko.net\/2026\/04\/27\/ar\/voz_chaco.jpg\" \/><\/p>\n<p><img decoding=\"async\" src=\"https:\/\/img.kiosko.net\/2026\/04\/27\/ar\/ar_diario_madryn.jpg\" \/><\/p>\n<p><img decoding=\"async\" src=\"https:\/\/img.kiosko.net\/2026\/04\/27\/ar\/ar_laprensa.jpg\" \/><\/p>\n<p><img decoding=\"async\" src=\"https:\/\/img.kiosko.net\/2026\/04\/27\/ar\/ar_cronista.jpg\" \/><\/p>\n<p><img decoding=\"async\" src=\"https:\/\/img.kiosko.net\/2026\/04\/27\/ar\/buenosaires_economico.jpg\" \/><\/p>\n<p><img decoding=\"async\" src=\"https:\/\/img.kiosko.net\/2026\/04\/27\/ar\/ar_perfil.jpg\" \/><\/p>\n<p><img decoding=\"async\" src=\"https:\/\/img.kiosko.net\/2026\/04\/27\/ar\/ar_eldia.jpg\" \/><\/p>\n<p><img decoding=\"async\" src=\"https:\/\/img.kiosko.net\/2026\/04\/27\/ar\/ar_hoy.jpg\" \/><\/p>\n<p><img decoding=\"async\" src=\"https:\/\/img.kiosko.net\/2026\/04\/27\/ar\/ar_democracia.jpg\" \/><\/p>\n<p><img decoding=\"async\" src=\"https:\/\/img.kiosko.net\/2026\/04\/27\/ar\/ar_chubut.jpg\" \/><\/p>\n<p><img decoding=\"async\" src=\"https:\/\/img.kiosko.net\/2026\/04\/27\/ar\/ar_epoca.jpg\" \/><\/p>\n<p><img decoding=\"async\" src=\"https:\/\/img.kiosko.net\/2026\/04\/27\/ar\/ar_litoral.jpg\" \/><\/p>\n<p><img decoding=\"async\" src=\"https:\/\/img.kiosko.net\/2026\/04\/27\/ar\/ar_heraldo.jpg\" \/><\/p>\n<p><img decoding=\"async\" src=\"https:\/\/img.kiosko.net\/2026\/04\/27\/ar\/ar_manana_formosa.jpg\" \/><\/p>\n<p><img decoding=\"async\" src=\"https:\/\/img.kiosko.net\/2026\/04\/27\/ar\/ar_diario_pampa.jpg\" \/><\/p>\n<p><img decoding=\"async\" src=\"https:\/\/img.kiosko.net\/2026\/04\/27\/ar\/ar_pagina12.jpg\" \/><\/p>\n<p><img decoding=\"async\" src=\"https:\/\/img.kiosko.net\/2026\/04\/27\/ar\/ar_arena.jpg\" \/><\/p>\n<p><img decoding=\"async\" src=\"https:\/\/img.kiosko.net\/2026\/04\/27\/ar\/independiente.jpg\" \/><\/p>\n<p><img decoding=\"async\" src=\"https:\/\/img.kiosko.net\/2026\/04\/27\/ar\/nueva_rioja.jpg\" \/><\/p>\n<p><img decoding=\"async\" src=\"https:\/\/img.kiosko.net\/2026\/04\/27\/ar\/ar_losandes.jpg\" \/><\/p>\n<p><img decoding=\"async\" src=\"https:\/\/img.kiosko.net\/2026\/04\/27\/ar\/ar_tribuno.jpg\" \/><\/p>\n<p><img decoding=\"async\" src=\"https:\/\/img.kiosko.net\/2026\/04\/27\/ar\/lea.jpg\" \/><\/p>\n<p><img decoding=\"async\" src=\"https:\/\/img.kiosko.net\/2026\/04\/27\/ar\/ar_nuevo_diario.jpg\" \/><\/p>\n<p><img decoding=\"async\" src=\"https:\/\/img.kiosko.net\/2026\/04\/27\/ar\/ar_diario_cuyo.jpg\" \/><\/p>\n<p><img decoding=\"async\" src=\"https:\/\/img.kiosko.net\/2026\/04\/27\/ar\/huarpe.jpg\" \/><\/p>\n<p><img decoding=\"async\" src=\"https:\/\/img.kiosko.net\/2026\/04\/27\/ar\/ar_diario_republica.jpg\" \/><\/p>\n<p><img decoding=\"async\" src=\"https:\/\/img.kiosko.net\/2026\/04\/27\/ar\/ar_litoral_sfe.jpg\" \/><\/p>\n<p><img decoding=\"async\" src=\"https:\/\/img.kiosko.net\/2026\/04\/27\/ar\/ciudadano.jpg\" \/><\/p>\n<p><img decoding=\"async\" src=\"https:\/\/img.kiosko.net\/2026\/04\/27\/ar\/ar_mirador_provincial.jpg\" \/><\/p>\n<p><img decoding=\"async\" src=\"https:\/\/img.kiosko.net\/2026\/04\/27\/ar\/ar_gaceta.jpg\" \/><\/p>\n<p><img decoding=\"async\" src=\"https:\/\/img.kiosko.net\/2026\/04\/27\/ar\/ar_cronica.jpg\" \/><\/p>\n<p><img decoding=\"async\" src=\"https:\/\/img.kiosko.net\/2026\/04\/27\/ar\/ar_clarin.jpg\" \/><\/p>\n<p><img decoding=\"async\" src=\"https:\/\/img.kiosko.net\/2026\/04\/27\/ar\/nacion.jpg\" \/><\/p>\n<p><img decoding=\"async\" src=\"https:\/\/img.kiosko.net\/2026\/04\/27\/ar\/ar_eco.jpg\" \/><\/p>\n<p><img decoding=\"async\" src=\"https:\/\/img.kiosko.net\/2026\/04\/27\/ar\/nuevo_diario.jpg\" \/><\/p>\n<p><img decoding=\"async\" src=\"https:\/\/img.kiosko.net\/2026\/04\/27\/ar\/sureno.jpg\" \/><\/p>\n<p><img decoding=\"async\" src=\"https:\/\/img.kiosko.net\/2026\/04\/27\/ar\/ar_ancasti.jpg\" \/><\/p>\n<p><img decoding=\"async\" src=\"https:\/\/img.kiosko.net\/2026\/04\/27\/ar\/tiempo_sur.jpg\" \/><\/p>\n<p><img decoding=\"async\" src=\"https:\/\/img.kiosko.net\/2026\/04\/27\/uy\/ar\/tiempo_argentino.jpg\" \/><\/p>\n<p><img decoding=\"async\" src=\"https:\/\/img.kiosko.net\/2026\/04\/27\/ar\/ar_epoca.jpg\" \/><\/p>\n<p><img decoding=\"async\" src=\"https:\/\/img.kiosko.net\/2026\/04\/27\/ar\/ar_elsol.jpg\" \/><\/p>\n<p><img decoding=\"async\" src=\"https:\/\/img.kiosko.net\/2026\/04\/27\/ar\/ar_01.jpg\" \/><\/p>\n<p><img decoding=\"async\" src=\"https:\/\/img.kiosko.net\/2026\/04\/27\/ar\/ar_02.jpg\" \/><\/p>\n<p><img decoding=\"async\" src=\"https:\/\/img.kiosko.net\/2026\/04\/27\/ar\/ar_03.jpg\" \/><\/p>\n<p><img decoding=\"async\" src=\"https:\/\/img.kiosko.net\/2026\/04\/27\/ar\/ar_04.jpg\" \/><\/p>\n<p><img decoding=\"async\" src=\"https:\/\/img.kiosko.net\/2026\/04\/27\/ar\/ar_05.jpg\" \/><\/p>\n<p>&nbsp;<\/p>","protected":false},"excerpt":{"rendered":"<p>La capacitaci\u00f3n de estos profesionales para la vida independiente pone sobre la mesa un tema que obliga a repensar c\u00f3mo la sociedad acompa\u00f1a a las personas con discapacidad en su vida cotidiana. La figura del asistente personal, que en muchos pa\u00edses ya est\u00e1 consolidada, podr\u00eda implicar cambio de paradigma. El cambio podr\u00eda -y, quiz\u00e1s, deber\u00eda- [&hellip;]<\/p>","protected":false},"author":9,"featured_media":0,"comment_status":"open","ping_status":"open","sticky":false,"template":"","format":"standard","meta":[],"categories":[26,21,56],"tags":[4988,4232,3932,87,4386,3315,4190,672,1042,4272,2794,1315,402,3323,4768,4414,4192,329,1685,4652],"series":[],"_links":{"self":[{"href":"https:\/\/www.diario5.com.ar\/es\/wp-json\/wp\/v2\/posts\/692592"}],"collection":[{"href":"https:\/\/www.diario5.com.ar\/es\/wp-json\/wp\/v2\/posts"}],"about":[{"href":"https:\/\/www.diario5.com.ar\/es\/wp-json\/wp\/v2\/types\/post"}],"author":[{"embeddable":true,"href":"https:\/\/www.diario5.com.ar\/es\/wp-json\/wp\/v2\/users\/9"}],"replies":[{"embeddable":true,"href":"https:\/\/www.diario5.com.ar\/es\/wp-json\/wp\/v2\/comments?post=692592"}],"version-history":[{"count":2,"href":"https:\/\/www.diario5.com.ar\/es\/wp-json\/wp\/v2\/posts\/692592\/revisions"}],"predecessor-version":[{"id":697340,"href":"https:\/\/www.diario5.com.ar\/es\/wp-json\/wp\/v2\/posts\/692592\/revisions\/697340"}],"wp:attachment":[{"href":"https:\/\/www.diario5.com.ar\/es\/wp-json\/wp\/v2\/media?parent=692592"}],"wp:term":[{"taxonomy":"category","embeddable":true,"href":"https:\/\/www.diario5.com.ar\/es\/wp-json\/wp\/v2\/categories?post=692592"},{"taxonomy":"post_tag","embeddable":true,"href":"https:\/\/www.diario5.com.ar\/es\/wp-json\/wp\/v2\/tags?post=692592"},{"taxonomy":"series","embeddable":true,"href":"https:\/\/www.diario5.com.ar\/es\/wp-json\/wp\/v2\/series?post=692592"}],"curies":[{"name":"wp","href":"https:\/\/api.w.org\/{rel}","templated":true}]}}