{"id":692546,"date":"2026-03-12T06:11:00","date_gmt":"2026-03-12T09:11:00","guid":{"rendered":"http:\/\/diario5.com.ar\/?p=692546"},"modified":"2026-03-12T06:13:18","modified_gmt":"2026-03-12T09:13:18","slug":"692546","status":"publish","type":"post","link":"https:\/\/www.diario5.com.ar\/es\/692546\/","title":{"rendered":"El contrato como campo de batalla"},"content":{"rendered":"<h2 class=\"sub-title-primary\"><\/h2> <p><img decoding=\"async\" loading=\"lazy\" class=\"aligncenter size-full wp-image-696819\" src=\"https:\/\/www.diario5.com.ar\/wp-content\/uploads\/2026\/03\/Buenos-Aires-at-sunset-65851153605705720260312.jpg\" width=\"700\" height=\"525\" srcset=\"https:\/\/www.diario5.com.ar\/wp-content\/uploads\/2026\/03\/Buenos-Aires-at-sunset-65851153605705720260312.jpg 700w, https:\/\/www.diario5.com.ar\/wp-content\/uploads\/2026\/03\/Buenos-Aires-at-sunset-65851153605705720260312-300x225.jpg 300w\" sizes=\"(max-width: 700px) 100vw, 700px\" \/><\/p>\n<p>La ra\u00edz de los conflictos por expensas en alquileres est\u00e1 en la negociaci\u00f3n privada entre locador e inquilino. All\u00ed se decide qu\u00e9 gastos se incluyen en el canon locativo y cu\u00e1les quedan afuera.<\/p>\n<p>El C\u00f3digo Civil y Comercial establece que todas las expensas son comunes, y dentro de ellas se distinguen ordinarias y extraordinarias. Sin embargo, los contratos suelen usar esas palabras con significados distintos, lo que abre la puerta a interpretaciones contradictorias.<\/p>\n<p>Algunos pactan que el inquilino pague solo sueldos, servicios y seguros; otros limitan el monto de expensas al porcentaje del alquiler; otros directamente se remiten al art\u00edculo 2048. La variedad de f\u00f3rmulas es infinita, pero lo que no cambia es que el consorcio no est\u00e1 obligado a adaptarse a esas cl\u00e1usulas.<\/p>\n<p>El administrador liquida seg\u00fan la ley, y cualquier diferencia debe resolverse entre las partes. La buena pr\u00e1ctica aconseja redactar cl\u00e1usulas expl\u00edcitas y claras, o incluso adendas que precisen los rubros.<\/p>\n<p>La ambig\u00fcedad, en cambio, es la semilla de los conflictos que despu\u00e9s se trasladan a la vida consorcial y terminan desgastando la convivencia.<\/p>\n<p>&nbsp;<\/p>\n<p><!--googleoff: index--><br \/>\n<!--googleon: index--><br \/>\n<img decoding=\"async\" src=\"https:\/\/img.kiosko.net\/2026\/03\/12\/ar\/la_capital.jpg\" \/><\/p>\n<p><img decoding=\"async\" src=\"https:\/\/img.kiosko.net\/2026\/03\/12\/ar\/ar_nueva_provincia.jpg\" \/><\/p>\n<p><img decoding=\"async\" loading=\"lazy\" class=\"aligncenter size-full wp-image-696820\" src=\"https:\/\/www.diario5.com.ar\/wp-content\/uploads\/2026\/03\/ar_ancasti20260312.jpg\" width=\"700\" height=\"929\" srcset=\"https:\/\/www.diario5.com.ar\/wp-content\/uploads\/2026\/03\/ar_ancasti20260312.jpg 700w, https:\/\/www.diario5.com.ar\/wp-content\/uploads\/2026\/03\/ar_ancasti20260312-226x300.jpg 226w\" sizes=\"(max-width: 700px) 100vw, 700px\" \/><\/p>\n<p><img decoding=\"async\" src=\"https:\/\/img.kiosko.net\/2026\/03\/12\/ar\/ar_esquiu.jpg\" \/><\/p>\n<p><img decoding=\"async\" src=\"https:\/\/img.kiosko.net\/2026\/03\/12\/ar\/ar_diario_norte.jpg\" \/><\/p>\n<p><img decoding=\"async\" loading=\"lazy\" class=\"aligncenter size-full wp-image-696821\" src=\"https:\/\/www.diario5.com.ar\/wp-content\/uploads\/2026\/03\/voz_chaco20260312.jpg\" width=\"700\" height=\"815\" srcset=\"https:\/\/www.diario5.com.ar\/wp-content\/uploads\/2026\/03\/voz_chaco20260312.jpg 700w, https:\/\/www.diario5.com.ar\/wp-content\/uploads\/2026\/03\/voz_chaco20260312-258x300.jpg 258w\" sizes=\"(max-width: 700px) 100vw, 700px\" \/><\/p>\n<p><img decoding=\"async\" src=\"https:\/\/img.kiosko.net\/2026\/03\/12\/ar\/ar_diario_madryn.jpg\" \/><\/p>\n<p><img decoding=\"async\" src=\"https:\/\/img.kiosko.net\/2026\/03\/12\/ar\/ar_laprensa.jpg\" \/><\/p>\n<p><img decoding=\"async\" src=\"https:\/\/img.kiosko.net\/2026\/03\/12\/ar\/ar_cronista.jpg\" \/><\/p>\n<p><img decoding=\"async\" src=\"https:\/\/img.kiosko.net\/2026\/03\/12\/ar\/buenosaires_economico.jpg\" \/><\/p>\n<p><img decoding=\"async\" src=\"https:\/\/img.kiosko.net\/2026\/03\/12\/ar\/ar_perfil.jpg\" \/><\/p>\n<p><img decoding=\"async\" loading=\"lazy\" class=\"aligncenter size-full wp-image-696822\" src=\"https:\/\/www.diario5.com.ar\/wp-content\/uploads\/2026\/03\/ar_eldia20260312.jpg\" width=\"700\" height=\"999\" srcset=\"https:\/\/www.diario5.com.ar\/wp-content\/uploads\/2026\/03\/ar_eldia20260312.jpg 700w, https:\/\/www.diario5.com.ar\/wp-content\/uploads\/2026\/03\/ar_eldia20260312-210x300.jpg 210w\" sizes=\"(max-width: 700px) 100vw, 700px\" \/><\/p>\n<p><img decoding=\"async\" loading=\"lazy\" class=\"aligncenter size-full wp-image-696823\" src=\"https:\/\/www.diario5.com.ar\/wp-content\/uploads\/2026\/03\/ar_hoy20260312.jpg\" width=\"700\" height=\"899\" srcset=\"https:\/\/www.diario5.com.ar\/wp-content\/uploads\/2026\/03\/ar_hoy20260312.jpg 700w, https:\/\/www.diario5.com.ar\/wp-content\/uploads\/2026\/03\/ar_hoy20260312-234x300.jpg 234w\" sizes=\"(max-width: 700px) 100vw, 700px\" \/><\/p>\n<p><img decoding=\"async\" src=\"https:\/\/img.kiosko.net\/2026\/03\/12\/ar\/ar_democracia.jpg\" \/><\/p>\n<p><img decoding=\"async\" src=\"https:\/\/img.kiosko.net\/2026\/03\/12\/ar\/ar_chubut.jpg\" \/><\/p>\n<p><img decoding=\"async\" src=\"https:\/\/img.kiosko.net\/2026\/03\/12\/ar\/ar_epoca.jpg\" \/><\/p>\n<p><img decoding=\"async\" src=\"https:\/\/img.kiosko.net\/2026\/03\/12\/ar\/ar_litoral.jpg\" \/><\/p>\n<p><img decoding=\"async\" src=\"https:\/\/img.kiosko.net\/2026\/03\/12\/ar\/ar_heraldo.jpg\" \/><\/p>\n<p><img decoding=\"async\" src=\"https:\/\/img.kiosko.net\/2026\/03\/12\/ar\/ar_manana_formosa.jpg\" \/><\/p>\n<p><img decoding=\"async\" src=\"https:\/\/img.kiosko.net\/2026\/03\/12\/ar\/ar_diario_pampa.jpg\" \/><\/p>\n<p><img decoding=\"async\" src=\"https:\/\/img.kiosko.net\/2026\/03\/12\/ar\/ar_pagina12.jpg\" \/><\/p>\n<p><img decoding=\"async\" src=\"https:\/\/img.kiosko.net\/2026\/03\/12\/ar\/ar_arena.jpg\" \/><\/p>\n<p><img decoding=\"async\" src=\"https:\/\/img.kiosko.net\/2026\/03\/12\/ar\/independiente.jpg\" \/><\/p>\n<p><img decoding=\"async\" src=\"https:\/\/img.kiosko.net\/2026\/03\/12\/ar\/nueva_rioja.jpg\" \/><\/p>\n<p><img decoding=\"async\" src=\"https:\/\/img.kiosko.net\/2026\/03\/12\/ar\/ar_losandes.jpg\" \/><\/p>\n<p><img decoding=\"async\" src=\"https:\/\/img.kiosko.net\/2026\/03\/12\/ar\/ar_tribuno.jpg\" \/><\/p>\n<p><img decoding=\"async\" src=\"https:\/\/img.kiosko.net\/2026\/03\/12\/ar\/lea.jpg\" \/><\/p>\n<p><img decoding=\"async\" src=\"https:\/\/img.kiosko.net\/2026\/03\/12\/ar\/ar_nuevo_diario.jpg\" \/><\/p>\n<p><img decoding=\"async\" src=\"https:\/\/img.kiosko.net\/2026\/03\/12\/ar\/ar_diario_cuyo.jpg\" \/><\/p>\n<p><img decoding=\"async\" src=\"https:\/\/img.kiosko.net\/2026\/03\/12\/ar\/huarpe.jpg\" \/><\/p>\n<p><img decoding=\"async\" src=\"https:\/\/img.kiosko.net\/2026\/03\/12\/ar\/ar_diario_republica.jpg\" \/><\/p>\n<p><img decoding=\"async\" src=\"https:\/\/img.kiosko.net\/2026\/03\/12\/ar\/ar_litoral_sfe.jpg\" \/><\/p>\n<p><img decoding=\"async\" src=\"https:\/\/img.kiosko.net\/2026\/03\/12\/ar\/ciudadano.jpg\" \/><\/p>\n<p><img decoding=\"async\" src=\"https:\/\/img.kiosko.net\/2026\/03\/12\/ar\/ar_mirador_provincial.jpg\" \/><\/p>\n<p><img decoding=\"async\" src=\"https:\/\/img.kiosko.net\/2026\/03\/12\/ar\/ar_gaceta.jpg\" \/><\/p>\n<p><img decoding=\"async\" src=\"https:\/\/img.kiosko.net\/2026\/03\/12\/ar\/ar_cronica.jpg\" \/><\/p>\n<p><img decoding=\"async\" src=\"https:\/\/img.kiosko.net\/2026\/03\/12\/ar\/ar_clarin.jpg\" \/><\/p>\n<p><img decoding=\"async\" src=\"https:\/\/img.kiosko.net\/2026\/03\/12\/ar\/nacion.jpg\" \/><\/p>\n<p><img decoding=\"async\" src=\"https:\/\/img.kiosko.net\/2026\/03\/12\/ar\/ar_eco.jpg\" \/><\/p>\n<p><img decoding=\"async\" src=\"https:\/\/img.kiosko.net\/2026\/03\/12\/ar\/nuevo_diario.jpg\" \/><\/p>\n<p><img decoding=\"async\" src=\"https:\/\/img.kiosko.net\/2026\/03\/12\/ar\/sureno.jpg\" \/><\/p>\n<p><img decoding=\"async\" loading=\"lazy\" class=\"aligncenter size-full wp-image-696820\" src=\"https:\/\/www.diario5.com.ar\/wp-content\/uploads\/2026\/03\/ar_ancasti20260312.jpg\" width=\"700\" height=\"929\" srcset=\"https:\/\/www.diario5.com.ar\/wp-content\/uploads\/2026\/03\/ar_ancasti20260312.jpg 700w, https:\/\/www.diario5.com.ar\/wp-content\/uploads\/2026\/03\/ar_ancasti20260312-226x300.jpg 226w\" sizes=\"(max-width: 700px) 100vw, 700px\" \/><\/p>\n<p><img decoding=\"async\" src=\"https:\/\/img.kiosko.net\/2026\/03\/12\/ar\/tiempo_sur.jpg\" \/><\/p>\n<p><img decoding=\"async\" src=\"https:\/\/img.kiosko.net\/2026\/03\/12\/uy\/ar\/tiempo_argentino.jpg\" \/><\/p>\n<p><img decoding=\"async\" src=\"https:\/\/img.kiosko.net\/2026\/03\/12\/ar\/ar_epoca.jpg\" \/><\/p>\n<p><img decoding=\"async\" src=\"https:\/\/img.kiosko.net\/2026\/03\/12\/ar\/ar_elsol.jpg\" \/><\/p>\n<p><img decoding=\"async\" src=\"https:\/\/img.kiosko.net\/2026\/03\/12\/ar\/ar_01.jpg\" \/><\/p>\n<p><img decoding=\"async\" src=\"https:\/\/img.kiosko.net\/2026\/03\/12\/ar\/ar_02.jpg\" \/><\/p>\n<p><img decoding=\"async\" src=\"https:\/\/img.kiosko.net\/2026\/03\/12\/ar\/ar_03.jpg\" \/><\/p>\n<p><img decoding=\"async\" src=\"https:\/\/img.kiosko.net\/2026\/03\/12\/ar\/ar_04.jpg\" \/><\/p>\n<p><img decoding=\"async\" src=\"https:\/\/img.kiosko.net\/2026\/03\/12\/ar\/ar_05.jpg\" \/><\/p>\n<p>&nbsp;<\/p>","protected":false},"excerpt":{"rendered":"<p>La ra\u00edz de los conflictos por expensas en alquileres est\u00e1 en la negociaci\u00f3n privada entre locador e inquilino. All\u00ed se decide qu\u00e9 gastos se incluyen en el canon locativo y cu\u00e1les quedan afuera. El C\u00f3digo Civil y Comercial establece que todas las expensas son comunes, y dentro de ellas se distinguen ordinarias y extraordinarias. Sin [&hellip;]<\/p>","protected":false},"author":5,"featured_media":696819,"comment_status":"open","ping_status":"open","sticky":false,"template":"","format":"standard","meta":[],"categories":[4215,56,754],"tags":[4504,4915,4500],"series":[],"_links":{"self":[{"href":"https:\/\/www.diario5.com.ar\/es\/wp-json\/wp\/v2\/posts\/692546"}],"collection":[{"href":"https:\/\/www.diario5.com.ar\/es\/wp-json\/wp\/v2\/posts"}],"about":[{"href":"https:\/\/www.diario5.com.ar\/es\/wp-json\/wp\/v2\/types\/post"}],"author":[{"embeddable":true,"href":"https:\/\/www.diario5.com.ar\/es\/wp-json\/wp\/v2\/users\/5"}],"replies":[{"embeddable":true,"href":"https:\/\/www.diario5.com.ar\/es\/wp-json\/wp\/v2\/comments?post=692546"}],"version-history":[{"count":3,"href":"https:\/\/www.diario5.com.ar\/es\/wp-json\/wp\/v2\/posts\/692546\/revisions"}],"predecessor-version":[{"id":696096,"href":"https:\/\/www.diario5.com.ar\/es\/wp-json\/wp\/v2\/posts\/692546\/revisions\/696096"}],"wp:featuredmedia":[{"embeddable":true,"href":"https:\/\/www.diario5.com.ar\/es\/wp-json\/wp\/v2\/media\/696819"}],"wp:attachment":[{"href":"https:\/\/www.diario5.com.ar\/es\/wp-json\/wp\/v2\/media?parent=692546"}],"wp:term":[{"taxonomy":"category","embeddable":true,"href":"https:\/\/www.diario5.com.ar\/es\/wp-json\/wp\/v2\/categories?post=692546"},{"taxonomy":"post_tag","embeddable":true,"href":"https:\/\/www.diario5.com.ar\/es\/wp-json\/wp\/v2\/tags?post=692546"},{"taxonomy":"series","embeddable":true,"href":"https:\/\/www.diario5.com.ar\/es\/wp-json\/wp\/v2\/series?post=692546"}],"curies":[{"name":"wp","href":"https:\/\/api.w.org\/{rel}","templated":true}]}}