{"id":692544,"date":"2026-03-10T06:52:00","date_gmt":"2026-03-10T09:52:00","guid":{"rendered":"http:\/\/diario5.com.ar\/?p=692544"},"modified":"2026-03-10T06:55:29","modified_gmt":"2026-03-10T09:55:29","slug":"692544","status":"publish","type":"post","link":"https:\/\/www.diario5.com.ar\/es\/692544\/","title":{"rendered":"Uno por ciento"},"content":{"rendered":"<h2 class=\"sub-title-primary\">El D\u00eda Mundial del Agua encontrar\u00e1 a Buenos Aires en una paradoja: mientras se multiplican las iniciativas educativas para concientizar sobre el cuidado del recurso, los problemas cotidianos con el suministro siguen siendo una de las principales quejas de los vecinos. <\/h2> <p><img decoding=\"async\" src=\"https:\/\/www.diario5.com.ar\/imgtapas\/dia:del_agua.jpg\" \/><\/p>\n<p>Los especialistas en sostenibilidad y los militantes ecol\u00f3gicos nos recuerdan siempre que el futuro del agua depende de lo que hagamos hoy. Pero -pintando la aldea- tambi\u00e9n se vincula con c\u00f3mo resolvamos los problemas que ya afectan a los habitantes de cada gran ciudad. De manera que los vecinos de Buenos Aires estamos involucrados.<\/p>\n<p>El Ministerio de Educaci\u00f3n porte\u00f1o impulsa herramientas como AquaLab, una calculadora de huella h\u00eddrica, y la Biblioteca del Agua, con videojuegos y materiales did\u00e1cticos. La propuesta busca que estudiantes y familias comprendan que, aunque el planeta est\u00e1 cubierto en un 71% por agua, menos del 1% es apta para consumo humano.<\/p>\n<p>Pero la realidad urbana muestra otro escenario. Seg\u00fan relevamientos oficiales, los reclamos por cortes y baja presi\u00f3n de agua potable se ubican entre los m\u00e1s frecuentes en la Ciudad. AySA, la empresa responsable del servicio, mantiene cronogramas de mantenimiento que afectan a distintos barrios, y los vecinos advierten que la infraestructura no siempre acompa\u00f1a el crecimiento poblacional.<\/p>\n<p>El consumo promedio en Buenos Aires supera los 300 litros diarios por habitante, muy por encima de los 100 a 150 litros recomendados por la Organizaci\u00f3n Mundial de la Salud. Este dato refleja tanto la disponibilidad relativa del recurso como la falta de h\u00e1bitos de uso responsable.<\/p>\n<p>La conmemoraci\u00f3n del 22 de marzo, entonces, no puede limitarse a la educaci\u00f3n en las aulas. El desaf\u00edo es doble: promover conciencia sobre el valor del agua y garantizar un servicio confiable en los hogares. La Ciudad necesita articular campa\u00f1as pedag\u00f3gicas con inversiones en infraestructura y pol\u00edticas de eficiencia h\u00eddrica.<\/p>\n<p><!--googleoff: index--><br \/>\n<!--googleon: index--><br \/>\n<img decoding=\"async\" src=\"https:\/\/img.kiosko.net\/2026\/03\/10\/ar\/la_capital.jpg\" \/><\/p>\n<p><img decoding=\"async\" src=\"https:\/\/img.kiosko.net\/2026\/03\/10\/ar\/ar_nueva_provincia.jpg\" \/><\/p>\n<p><img decoding=\"async\" loading=\"lazy\" class=\"aligncenter size-full wp-image-696796\" src=\"https:\/\/www.diario5.com.ar\/wp-content\/uploads\/2026\/03\/ar_ancasti20260310.jpg\" width=\"700\" height=\"949\" srcset=\"https:\/\/www.diario5.com.ar\/wp-content\/uploads\/2026\/03\/ar_ancasti20260310.jpg 700w, https:\/\/www.diario5.com.ar\/wp-content\/uploads\/2026\/03\/ar_ancasti20260310-221x300.jpg 221w\" sizes=\"(max-width: 700px) 100vw, 700px\" \/><\/p>\n<p><img decoding=\"async\" src=\"https:\/\/img.kiosko.net\/2026\/03\/10\/ar\/ar_esquiu.jpg\" \/><\/p>\n<p><img decoding=\"async\" src=\"https:\/\/img.kiosko.net\/2026\/03\/10\/ar\/ar_diario_norte.jpg\" \/><\/p>\n<p><img decoding=\"async\" loading=\"lazy\" class=\"aligncenter size-full wp-image-696797\" src=\"https:\/\/www.diario5.com.ar\/wp-content\/uploads\/2026\/03\/voz_chaco20260310.jpg\" width=\"700\" height=\"816\" srcset=\"https:\/\/www.diario5.com.ar\/wp-content\/uploads\/2026\/03\/voz_chaco20260310.jpg 700w, https:\/\/www.diario5.com.ar\/wp-content\/uploads\/2026\/03\/voz_chaco20260310-257x300.jpg 257w\" sizes=\"(max-width: 700px) 100vw, 700px\" \/><\/p>\n<p><img decoding=\"async\" src=\"https:\/\/img.kiosko.net\/2026\/03\/10\/ar\/ar_diario_madryn.jpg\" \/><\/p>\n<p><img decoding=\"async\" src=\"https:\/\/img.kiosko.net\/2026\/03\/10\/ar\/ar_laprensa.jpg\" \/><\/p>\n<p><img decoding=\"async\" loading=\"lazy\" class=\"aligncenter size-full wp-image-696798\" src=\"https:\/\/www.diario5.com.ar\/wp-content\/uploads\/2026\/03\/ar_cronista20260310.jpg\" width=\"700\" height=\"1017\" srcset=\"https:\/\/www.diario5.com.ar\/wp-content\/uploads\/2026\/03\/ar_cronista20260310.jpg 700w, https:\/\/www.diario5.com.ar\/wp-content\/uploads\/2026\/03\/ar_cronista20260310-206x300.jpg 206w\" sizes=\"(max-width: 700px) 100vw, 700px\" \/><\/p>\n<p><img decoding=\"async\" src=\"https:\/\/img.kiosko.net\/2026\/03\/10\/ar\/buenosaires_economico.jpg\" \/><\/p>\n<p><img decoding=\"async\" src=\"https:\/\/img.kiosko.net\/2026\/03\/10\/ar\/ar_perfil.jpg\" \/><\/p>\n<p><img decoding=\"async\" loading=\"lazy\" class=\"aligncenter size-full wp-image-696799\" src=\"https:\/\/www.diario5.com.ar\/wp-content\/uploads\/2026\/03\/ar_eldia20260310.jpg\" width=\"700\" height=\"1001\" srcset=\"https:\/\/www.diario5.com.ar\/wp-content\/uploads\/2026\/03\/ar_eldia20260310.jpg 700w, https:\/\/www.diario5.com.ar\/wp-content\/uploads\/2026\/03\/ar_eldia20260310-210x300.jpg 210w\" sizes=\"(max-width: 700px) 100vw, 700px\" \/><\/p>\n<p><img decoding=\"async\" src=\"https:\/\/img.kiosko.net\/2026\/03\/10\/ar\/ar_hoy.jpg\" \/><\/p>\n<p><img decoding=\"async\" src=\"https:\/\/img.kiosko.net\/2026\/03\/10\/ar\/ar_democracia.jpg\" \/><\/p>\n<p><img decoding=\"async\" loading=\"lazy\" class=\"aligncenter size-full wp-image-696800\" src=\"https:\/\/www.diario5.com.ar\/wp-content\/uploads\/2026\/03\/ar_chubut20260310.jpg\" width=\"700\" height=\"903\" srcset=\"https:\/\/www.diario5.com.ar\/wp-content\/uploads\/2026\/03\/ar_chubut20260310.jpg 700w, https:\/\/www.diario5.com.ar\/wp-content\/uploads\/2026\/03\/ar_chubut20260310-233x300.jpg 233w\" sizes=\"(max-width: 700px) 100vw, 700px\" \/><\/p>\n<p><img decoding=\"async\" src=\"https:\/\/img.kiosko.net\/2026\/03\/10\/ar\/ar_epoca.jpg\" \/><\/p>\n<p><img decoding=\"async\" src=\"https:\/\/img.kiosko.net\/2026\/03\/10\/ar\/ar_litoral.jpg\" \/><\/p>\n<p><img decoding=\"async\" src=\"https:\/\/img.kiosko.net\/2026\/03\/10\/ar\/ar_heraldo.jpg\" \/><\/p>\n<p><img decoding=\"async\" src=\"https:\/\/img.kiosko.net\/2026\/03\/10\/ar\/ar_manana_formosa.jpg\" \/><\/p>\n<p><img decoding=\"async\" src=\"https:\/\/img.kiosko.net\/2026\/03\/10\/ar\/ar_diario_pampa.jpg\" \/><\/p>\n<p><img decoding=\"async\" src=\"https:\/\/img.kiosko.net\/2026\/03\/10\/ar\/ar_pagina12.jpg\" \/><\/p>\n<p><img decoding=\"async\" src=\"https:\/\/img.kiosko.net\/2026\/03\/10\/ar\/ar_arena.jpg\" \/><\/p>\n<p><img decoding=\"async\" src=\"https:\/\/img.kiosko.net\/2026\/03\/10\/ar\/independiente.jpg\" \/><\/p>\n<p><img decoding=\"async\" src=\"https:\/\/img.kiosko.net\/2026\/03\/10\/ar\/nueva_rioja.jpg\" \/><\/p>\n<p><img decoding=\"async\" src=\"https:\/\/img.kiosko.net\/2026\/03\/10\/ar\/ar_losandes.jpg\" \/><\/p>\n<p><img decoding=\"async\" src=\"https:\/\/img.kiosko.net\/2026\/03\/10\/ar\/ar_tribuno.jpg\" \/><\/p>\n<p><img decoding=\"async\" src=\"https:\/\/img.kiosko.net\/2026\/03\/10\/ar\/lea.jpg\" \/><\/p>\n<p><img decoding=\"async\" src=\"https:\/\/img.kiosko.net\/2026\/03\/10\/ar\/ar_nuevo_diario.jpg\" \/><\/p>\n<p><img decoding=\"async\" src=\"https:\/\/img.kiosko.net\/2026\/03\/10\/ar\/ar_diario_cuyo.jpg\" \/><\/p>\n<p><img decoding=\"async\" src=\"https:\/\/img.kiosko.net\/2026\/03\/10\/ar\/huarpe.jpg\" \/><\/p>\n<p><img decoding=\"async\" src=\"https:\/\/img.kiosko.net\/2026\/03\/10\/ar\/ar_diario_republica.jpg\" \/><\/p>\n<p><img decoding=\"async\" src=\"https:\/\/img.kiosko.net\/2026\/03\/10\/ar\/ar_litoral_sfe.jpg\" \/><\/p>\n<p><img decoding=\"async\" src=\"https:\/\/img.kiosko.net\/2026\/03\/10\/ar\/ciudadano.jpg\" \/><\/p>\n<p><img decoding=\"async\" src=\"https:\/\/img.kiosko.net\/2026\/03\/10\/ar\/ar_mirador_provincial.jpg\" \/><\/p>\n<p><img decoding=\"async\" src=\"https:\/\/img.kiosko.net\/2026\/03\/10\/ar\/ar_gaceta.jpg\" \/><\/p>\n<p><img decoding=\"async\" src=\"https:\/\/img.kiosko.net\/2026\/03\/10\/ar\/ar_cronica.jpg\" \/><\/p>\n<p><img decoding=\"async\" src=\"https:\/\/img.kiosko.net\/2026\/03\/10\/ar\/ar_clarin.jpg\" \/><\/p>\n<p><img decoding=\"async\" loading=\"lazy\" class=\"aligncenter size-full wp-image-696801\" src=\"https:\/\/www.diario5.com.ar\/wp-content\/uploads\/2026\/03\/nacion20260310.jpg\" width=\"700\" height=\"1082\" srcset=\"https:\/\/www.diario5.com.ar\/wp-content\/uploads\/2026\/03\/nacion20260310.jpg 700w, https:\/\/www.diario5.com.ar\/wp-content\/uploads\/2026\/03\/nacion20260310-194x300.jpg 194w, https:\/\/www.diario5.com.ar\/wp-content\/uploads\/2026\/03\/nacion20260310-662x1024.jpg 662w\" sizes=\"(max-width: 700px) 100vw, 700px\" \/><\/p>\n<p><img decoding=\"async\" src=\"https:\/\/img.kiosko.net\/2026\/03\/10\/ar\/ar_eco.jpg\" \/><\/p>\n<p><img decoding=\"async\" src=\"https:\/\/img.kiosko.net\/2026\/03\/10\/ar\/nuevo_diario.jpg\" \/><\/p>\n<p><img decoding=\"async\" src=\"https:\/\/img.kiosko.net\/2026\/03\/10\/ar\/sureno.jpg\" \/><\/p>\n<p><img decoding=\"async\" loading=\"lazy\" class=\"aligncenter size-full wp-image-696796\" src=\"https:\/\/www.diario5.com.ar\/wp-content\/uploads\/2026\/03\/ar_ancasti20260310.jpg\" width=\"700\" height=\"949\" srcset=\"https:\/\/www.diario5.com.ar\/wp-content\/uploads\/2026\/03\/ar_ancasti20260310.jpg 700w, https:\/\/www.diario5.com.ar\/wp-content\/uploads\/2026\/03\/ar_ancasti20260310-221x300.jpg 221w\" sizes=\"(max-width: 700px) 100vw, 700px\" \/><\/p>\n<p><img decoding=\"async\" src=\"https:\/\/img.kiosko.net\/2026\/03\/10\/ar\/tiempo_sur.jpg\" \/><\/p>\n<p><img decoding=\"async\" src=\"https:\/\/img.kiosko.net\/2026\/03\/10\/uy\/ar\/tiempo_argentino.jpg\" \/><\/p>\n<p><img decoding=\"async\" src=\"https:\/\/img.kiosko.net\/2026\/03\/10\/ar\/ar_epoca.jpg\" \/><\/p>\n<p><img decoding=\"async\" src=\"https:\/\/img.kiosko.net\/2026\/03\/10\/ar\/ar_elsol.jpg\" \/><\/p>\n<p><img decoding=\"async\" src=\"https:\/\/img.kiosko.net\/2026\/03\/10\/ar\/ar_01.jpg\" \/><\/p>\n<p><img decoding=\"async\" src=\"https:\/\/img.kiosko.net\/2026\/03\/10\/ar\/ar_02.jpg\" \/><\/p>\n<p><img decoding=\"async\" src=\"https:\/\/img.kiosko.net\/2026\/03\/10\/ar\/ar_03.jpg\" \/><\/p>\n<p><img decoding=\"async\" src=\"https:\/\/img.kiosko.net\/2026\/03\/10\/ar\/ar_04.jpg\" \/><\/p>\n<p><img decoding=\"async\" src=\"https:\/\/img.kiosko.net\/2026\/03\/10\/ar\/ar_05.jpg\" \/><\/p>\n<p>&nbsp;<\/p>","protected":false},"excerpt":{"rendered":"<p>El D\u00eda Mundial del Agua encontrar\u00e1 a Buenos Aires en una paradoja: mientras se multiplican las iniciativas educativas para concientizar sobre el cuidado del recurso, los problemas cotidianos con el suministro siguen siendo una de las principales quejas de los vecinos. Los especialistas en sostenibilidad y los militantes ecol\u00f3gicos nos recuerdan siempre que el futuro [&hellip;]<\/p>","protected":false},"author":5,"featured_media":696793,"comment_status":"open","ping_status":"open","sticky":false,"template":"","format":"standard","meta":[],"categories":[95,2062,56],"tags":[126,1271,1274,4895,474,1999,1491,27,1042,4882,4901,4239,1880,2269,761,4768,2073,4231,1683],"series":[],"_links":{"self":[{"href":"https:\/\/www.diario5.com.ar\/es\/wp-json\/wp\/v2\/posts\/692544"}],"collection":[{"href":"https:\/\/www.diario5.com.ar\/es\/wp-json\/wp\/v2\/posts"}],"about":[{"href":"https:\/\/www.diario5.com.ar\/es\/wp-json\/wp\/v2\/types\/post"}],"author":[{"embeddable":true,"href":"https:\/\/www.diario5.com.ar\/es\/wp-json\/wp\/v2\/users\/5"}],"replies":[{"embeddable":true,"href":"https:\/\/www.diario5.com.ar\/es\/wp-json\/wp\/v2\/comments?post=692544"}],"version-history":[{"count":3,"href":"https:\/\/www.diario5.com.ar\/es\/wp-json\/wp\/v2\/posts\/692544\/revisions"}],"predecessor-version":[{"id":696792,"href":"https:\/\/www.diario5.com.ar\/es\/wp-json\/wp\/v2\/posts\/692544\/revisions\/696792"}],"wp:featuredmedia":[{"embeddable":true,"href":"https:\/\/www.diario5.com.ar\/es\/wp-json\/wp\/v2\/media\/696793"}],"wp:attachment":[{"href":"https:\/\/www.diario5.com.ar\/es\/wp-json\/wp\/v2\/media?parent=692544"}],"wp:term":[{"taxonomy":"category","embeddable":true,"href":"https:\/\/www.diario5.com.ar\/es\/wp-json\/wp\/v2\/categories?post=692544"},{"taxonomy":"post_tag","embeddable":true,"href":"https:\/\/www.diario5.com.ar\/es\/wp-json\/wp\/v2\/tags?post=692544"},{"taxonomy":"series","embeddable":true,"href":"https:\/\/www.diario5.com.ar\/es\/wp-json\/wp\/v2\/series?post=692544"}],"curies":[{"name":"wp","href":"https:\/\/api.w.org\/{rel}","templated":true}]}}