{"id":692543,"date":"2026-03-09T06:52:00","date_gmt":"2026-03-09T09:52:00","guid":{"rendered":"http:\/\/diario5.com.ar\/?p=692543"},"modified":"2026-03-09T06:54:31","modified_gmt":"2026-03-09T09:54:31","slug":"692543","status":"publish","type":"post","link":"https:\/\/www.diario5.com.ar\/es\/692543\/","title":{"rendered":"Encuesta a Porte\u00f1os"},"content":{"rendered":"<h2 class=\"sub-title-primary\"><\/h2> <p><img decoding=\"async\" loading=\"lazy\" class=\"alignnone size-full wp-image-696781\" src=\"https:\/\/www.diario5.com.ar\/wp-content\/uploads\/2026\/03\/E19_encuesta_20260307-1.jpg\" alt=\"\" width=\"1181\" height=\"672\" srcset=\"https:\/\/www.diario5.com.ar\/wp-content\/uploads\/2026\/03\/E19_encuesta_20260307-1.jpg 1181w, https:\/\/www.diario5.com.ar\/wp-content\/uploads\/2026\/03\/E19_encuesta_20260307-1-300x171.jpg 300w, https:\/\/www.diario5.com.ar\/wp-content\/uploads\/2026\/03\/E19_encuesta_20260307-1-1024x583.jpg 1024w, https:\/\/www.diario5.com.ar\/wp-content\/uploads\/2026\/03\/E19_encuesta_20260307-1-768x437.jpg 768w\" sizes=\"(max-width: 1181px) 100vw, 1181px\" \/><\/p>\n<p>Las principales preocupaciones de la sociedad porte\u00f1a giran en torno a la seguridad, el transporte, la inflaci\u00f3n y el acceso a la vivienda. Estos temas se consolidan como los ejes centrales de la agenda ciudadana y pol\u00edtica en Buenos Aires en 2026.\u00a0En una consulta de Ensamble 19, se pueden identificar algunos puntos como los m\u00e1s relevantes para los habitantes de la Ciudad de Buenos Aires.<\/p>\n<p>La inseguridad aparece como la primera preocupaci\u00f3n. La presencia policial, el control del espacio p\u00fablico y las pol\u00edticas de prevenci\u00f3n del delito son temas que concentran la atenci\u00f3n de los vecinos. La Legislatura porte\u00f1a ha puesto en debate proyectos vinculados al orden p\u00fablico, como la regulaci\u00f3n de los \u201ctrapitos\u201d y programas de limpieza urbana.<\/p>\n<p>El transporte p\u00fablico y la congesti\u00f3n vehicular son otro eje de inquietud. La demanda por mejoras en el subte, la extensi\u00f3n de l\u00edneas y la eficiencia del sistema de colectivos se mantiene constante. La movilidad sustentable, con ciclov\u00edas y transporte el\u00e9ctrico, tambi\u00e9n forma parte de las expectativas de los porte\u00f1os.<\/p>\n<p>La situaci\u00f3n econ\u00f3mica nacional impacta directamente en la vida cotidiana de la Ciudad. La inflaci\u00f3n, el costo de vida y la presi\u00f3n impositiva son se\u00f1alados como problemas estructurales. La discusi\u00f3n sobre endeudamiento y revisi\u00f3n de impuestos en la Legislatura refleja esta preocupaci\u00f3n.<\/p>\n<p>El acceso a la vivienda y el valor de los alquileres son temas sensibles. Los porte\u00f1os consideran que la falta de pol\u00edticas de vivienda accesible y el encarecimiento del mercado inmobiliario afectan la calidad de vida.<\/p>\n<p>La salud mental y la calidad de los servicios hospitalarios forman parte de la agenda local. En educaci\u00f3n, se discuten proyectos de innovaci\u00f3n tecnol\u00f3gica y mejoras en infraestructura escolar.<\/p>\n<p>La limpieza urbana, el mantenimiento de plazas y parques, y la gesti\u00f3n de residuos son aspectos que los vecinos valoran como parte de su entorno inmediato.<\/p>\n<p>La sociedad porte\u00f1a coloca en primer plano la seguridad, la movilidad, la econom\u00eda y la vivienda, mientras que salud, educaci\u00f3n y medio ambiente completan el cuadro de preocupaciones. Estos temas siempre marcan la agenda pol\u00edtica de la Ciudad y reflejan las demandas cotidianas de los vecinos en febrero de 2026.<\/p>\n<p><!--googleoff: index--><br \/>\n<!--googleon: index--><br \/>\n<img decoding=\"async\" src=\"https:\/\/img.kiosko.net\/2026\/03\/09\/ar\/la_capital.jpg\" \/><\/p>\n<p><img decoding=\"async\" src=\"https:\/\/img.kiosko.net\/2026\/03\/09\/ar\/ar_nueva_provincia.jpg\" \/><\/p>\n<p><img decoding=\"async\" loading=\"lazy\" class=\"aligncenter size-full wp-image-696783\" src=\"https:\/\/www.diario5.com.ar\/wp-content\/uploads\/2026\/03\/ar_ancasti20260309.jpg\" width=\"700\" height=\"942\" srcset=\"https:\/\/www.diario5.com.ar\/wp-content\/uploads\/2026\/03\/ar_ancasti20260309.jpg 700w, https:\/\/www.diario5.com.ar\/wp-content\/uploads\/2026\/03\/ar_ancasti20260309-223x300.jpg 223w\" sizes=\"(max-width: 700px) 100vw, 700px\" \/><\/p>\n<p><img decoding=\"async\" src=\"https:\/\/img.kiosko.net\/2026\/03\/09\/ar\/ar_esquiu.jpg\" \/><\/p>\n<p><img decoding=\"async\" src=\"https:\/\/img.kiosko.net\/2026\/03\/09\/ar\/ar_diario_norte.jpg\" \/><\/p>\n<p><img decoding=\"async\" loading=\"lazy\" class=\"aligncenter size-full wp-image-696784\" src=\"https:\/\/www.diario5.com.ar\/wp-content\/uploads\/2026\/03\/voz_chaco20260309.jpg\" width=\"700\" height=\"816\" srcset=\"https:\/\/www.diario5.com.ar\/wp-content\/uploads\/2026\/03\/voz_chaco20260309.jpg 700w, https:\/\/www.diario5.com.ar\/wp-content\/uploads\/2026\/03\/voz_chaco20260309-257x300.jpg 257w\" sizes=\"(max-width: 700px) 100vw, 700px\" \/><\/p>\n<p><img decoding=\"async\" src=\"https:\/\/img.kiosko.net\/2026\/03\/09\/ar\/ar_diario_madryn.jpg\" \/><\/p>\n<p><img decoding=\"async\" src=\"https:\/\/img.kiosko.net\/2026\/03\/09\/ar\/ar_laprensa.jpg\" \/><\/p>\n<p><img decoding=\"async\" loading=\"lazy\" class=\"aligncenter size-full wp-image-696785\" src=\"https:\/\/www.diario5.com.ar\/wp-content\/uploads\/2026\/03\/ar_cronista20260309.jpg\" width=\"700\" height=\"997\" srcset=\"https:\/\/www.diario5.com.ar\/wp-content\/uploads\/2026\/03\/ar_cronista20260309.jpg 700w, https:\/\/www.diario5.com.ar\/wp-content\/uploads\/2026\/03\/ar_cronista20260309-211x300.jpg 211w\" sizes=\"(max-width: 700px) 100vw, 700px\" \/><\/p>\n<p><img decoding=\"async\" src=\"https:\/\/img.kiosko.net\/2026\/03\/09\/ar\/buenosaires_economico.jpg\" \/><\/p>\n<p><img decoding=\"async\" src=\"https:\/\/img.kiosko.net\/2026\/03\/09\/ar\/ar_perfil.jpg\" \/><\/p>\n<p><img decoding=\"async\" loading=\"lazy\" class=\"aligncenter size-full wp-image-696786\" src=\"https:\/\/www.diario5.com.ar\/wp-content\/uploads\/2026\/03\/ar_eldia20260309.jpg\" width=\"700\" height=\"1001\" srcset=\"https:\/\/www.diario5.com.ar\/wp-content\/uploads\/2026\/03\/ar_eldia20260309.jpg 700w, https:\/\/www.diario5.com.ar\/wp-content\/uploads\/2026\/03\/ar_eldia20260309-210x300.jpg 210w\" sizes=\"(max-width: 700px) 100vw, 700px\" \/><\/p>\n<p><img decoding=\"async\" src=\"https:\/\/img.kiosko.net\/2026\/03\/09\/ar\/ar_hoy.jpg\" \/><\/p>\n<p><img decoding=\"async\" src=\"https:\/\/img.kiosko.net\/2026\/03\/09\/ar\/ar_democracia.jpg\" \/><\/p>\n<p><img decoding=\"async\" loading=\"lazy\" class=\"aligncenter size-full wp-image-696787\" src=\"https:\/\/www.diario5.com.ar\/wp-content\/uploads\/2026\/03\/ar_chubut20260309.jpg\" width=\"700\" height=\"902\" srcset=\"https:\/\/www.diario5.com.ar\/wp-content\/uploads\/2026\/03\/ar_chubut20260309.jpg 700w, https:\/\/www.diario5.com.ar\/wp-content\/uploads\/2026\/03\/ar_chubut20260309-233x300.jpg 233w\" sizes=\"(max-width: 700px) 100vw, 700px\" \/><\/p>\n<p><img decoding=\"async\" src=\"https:\/\/img.kiosko.net\/2026\/03\/09\/ar\/ar_epoca.jpg\" \/><\/p>\n<p><img decoding=\"async\" src=\"https:\/\/img.kiosko.net\/2026\/03\/09\/ar\/ar_litoral.jpg\" \/><\/p>\n<p><img decoding=\"async\" src=\"https:\/\/img.kiosko.net\/2026\/03\/09\/ar\/ar_heraldo.jpg\" \/><\/p>\n<p><img decoding=\"async\" src=\"https:\/\/img.kiosko.net\/2026\/03\/09\/ar\/ar_manana_formosa.jpg\" \/><\/p>\n<p><img decoding=\"async\" src=\"https:\/\/img.kiosko.net\/2026\/03\/09\/ar\/ar_diario_pampa.jpg\" \/><\/p>\n<p><img decoding=\"async\" src=\"https:\/\/img.kiosko.net\/2026\/03\/09\/ar\/ar_pagina12.jpg\" \/><\/p>\n<p><img decoding=\"async\" src=\"https:\/\/img.kiosko.net\/2026\/03\/09\/ar\/ar_arena.jpg\" \/><\/p>\n<p><img decoding=\"async\" src=\"https:\/\/img.kiosko.net\/2026\/03\/09\/ar\/independiente.jpg\" \/><\/p>\n<p><img decoding=\"async\" src=\"https:\/\/img.kiosko.net\/2026\/03\/09\/ar\/nueva_rioja.jpg\" \/><\/p>\n<p><img decoding=\"async\" src=\"https:\/\/img.kiosko.net\/2026\/03\/09\/ar\/ar_losandes.jpg\" \/><\/p>\n<p><img decoding=\"async\" src=\"https:\/\/img.kiosko.net\/2026\/03\/09\/ar\/ar_tribuno.jpg\" \/><\/p>\n<p><img decoding=\"async\" src=\"https:\/\/img.kiosko.net\/2026\/03\/09\/ar\/lea.jpg\" \/><\/p>\n<p><img decoding=\"async\" src=\"https:\/\/img.kiosko.net\/2026\/03\/09\/ar\/ar_nuevo_diario.jpg\" \/><\/p>\n<p><img decoding=\"async\" src=\"https:\/\/img.kiosko.net\/2026\/03\/09\/ar\/ar_diario_cuyo.jpg\" \/><\/p>\n<p><img decoding=\"async\" src=\"https:\/\/img.kiosko.net\/2026\/03\/09\/ar\/huarpe.jpg\" \/><\/p>\n<p><img decoding=\"async\" src=\"https:\/\/img.kiosko.net\/2026\/03\/09\/ar\/ar_diario_republica.jpg\" \/><\/p>\n<p><img decoding=\"async\" src=\"https:\/\/img.kiosko.net\/2026\/03\/09\/ar\/ar_litoral_sfe.jpg\" \/><\/p>\n<p><img decoding=\"async\" src=\"https:\/\/img.kiosko.net\/2026\/03\/09\/ar\/ciudadano.jpg\" \/><\/p>\n<p><img decoding=\"async\" src=\"https:\/\/img.kiosko.net\/2026\/03\/09\/ar\/ar_mirador_provincial.jpg\" \/><\/p>\n<p><img decoding=\"async\" src=\"https:\/\/img.kiosko.net\/2026\/03\/09\/ar\/ar_gaceta.jpg\" \/><\/p>\n<p><img decoding=\"async\" src=\"https:\/\/img.kiosko.net\/2026\/03\/09\/ar\/ar_cronica.jpg\" \/><\/p>\n<p><img decoding=\"async\" src=\"https:\/\/img.kiosko.net\/2026\/03\/09\/ar\/ar_clarin.jpg\" \/><\/p>\n<p><img decoding=\"async\" loading=\"lazy\" class=\"aligncenter size-full wp-image-696788\" src=\"https:\/\/www.diario5.com.ar\/wp-content\/uploads\/2026\/03\/nacion20260309.jpg\" width=\"700\" height=\"1076\" srcset=\"https:\/\/www.diario5.com.ar\/wp-content\/uploads\/2026\/03\/nacion20260309.jpg 700w, https:\/\/www.diario5.com.ar\/wp-content\/uploads\/2026\/03\/nacion20260309-195x300.jpg 195w, https:\/\/www.diario5.com.ar\/wp-content\/uploads\/2026\/03\/nacion20260309-666x1024.jpg 666w\" sizes=\"(max-width: 700px) 100vw, 700px\" \/><\/p>\n<p><img decoding=\"async\" src=\"https:\/\/img.kiosko.net\/2026\/03\/09\/ar\/ar_eco.jpg\" \/><\/p>\n<p><img decoding=\"async\" src=\"https:\/\/img.kiosko.net\/2026\/03\/09\/ar\/nuevo_diario.jpg\" \/><\/p>\n<p><img decoding=\"async\" src=\"https:\/\/img.kiosko.net\/2026\/03\/09\/ar\/sureno.jpg\" \/><\/p>\n<p><img decoding=\"async\" loading=\"lazy\" class=\"aligncenter size-full wp-image-696783\" src=\"https:\/\/www.diario5.com.ar\/wp-content\/uploads\/2026\/03\/ar_ancasti20260309.jpg\" width=\"700\" height=\"942\" srcset=\"https:\/\/www.diario5.com.ar\/wp-content\/uploads\/2026\/03\/ar_ancasti20260309.jpg 700w, https:\/\/www.diario5.com.ar\/wp-content\/uploads\/2026\/03\/ar_ancasti20260309-223x300.jpg 223w\" sizes=\"(max-width: 700px) 100vw, 700px\" \/><\/p>\n<p><img decoding=\"async\" src=\"https:\/\/img.kiosko.net\/2026\/03\/09\/ar\/tiempo_sur.jpg\" \/><\/p>\n<p><img decoding=\"async\" src=\"https:\/\/img.kiosko.net\/2026\/03\/09\/uy\/ar\/tiempo_argentino.jpg\" \/><\/p>\n<p><img decoding=\"async\" src=\"https:\/\/img.kiosko.net\/2026\/03\/09\/ar\/ar_epoca.jpg\" \/><\/p>\n<p><img decoding=\"async\" src=\"https:\/\/img.kiosko.net\/2026\/03\/09\/ar\/ar_elsol.jpg\" \/><\/p>\n<p><img decoding=\"async\" src=\"https:\/\/img.kiosko.net\/2026\/03\/09\/ar\/ar_01.jpg\" \/><\/p>\n<p><img decoding=\"async\" src=\"https:\/\/img.kiosko.net\/2026\/03\/09\/ar\/ar_02.jpg\" \/><\/p>\n<p><img decoding=\"async\" src=\"https:\/\/img.kiosko.net\/2026\/03\/09\/ar\/ar_03.jpg\" \/><\/p>\n<p><img decoding=\"async\" src=\"https:\/\/img.kiosko.net\/2026\/03\/09\/ar\/ar_04.jpg\" \/><\/p>\n<p><img decoding=\"async\" src=\"https:\/\/img.kiosko.net\/2026\/03\/09\/ar\/ar_05.jpg\" \/><\/p>\n<p>&nbsp;<\/p>","protected":false},"excerpt":{"rendered":"<p>Las principales preocupaciones de la sociedad porte\u00f1a giran en torno a la seguridad, el transporte, la inflaci\u00f3n y el acceso a la vivienda. Estos temas se consolidan como los ejes centrales de la agenda ciudadana y pol\u00edtica en Buenos Aires en 2026.\u00a0En una consulta de Ensamble 19, se pueden identificar algunos puntos como los m\u00e1s [&hellip;]<\/p>","protected":false},"author":27,"featured_media":696781,"comment_status":"open","ping_status":"open","sticky":false,"template":"","format":"standard","meta":[],"categories":[3112,482,3113,52,56],"tags":[4714,4504,474,4426,630,87,3347,27,4701,3599,2026,4239,4905,4803,4628,3345,2879,2188,3767,2063,4691,2671,3099,4810,4597,4772,4300,4768,537,928,3356,4801,929,1683],"series":[],"_links":{"self":[{"href":"https:\/\/www.diario5.com.ar\/es\/wp-json\/wp\/v2\/posts\/692543"}],"collection":[{"href":"https:\/\/www.diario5.com.ar\/es\/wp-json\/wp\/v2\/posts"}],"about":[{"href":"https:\/\/www.diario5.com.ar\/es\/wp-json\/wp\/v2\/types\/post"}],"author":[{"embeddable":true,"href":"https:\/\/www.diario5.com.ar\/es\/wp-json\/wp\/v2\/users\/27"}],"replies":[{"embeddable":true,"href":"https:\/\/www.diario5.com.ar\/es\/wp-json\/wp\/v2\/comments?post=692543"}],"version-history":[{"count":3,"href":"https:\/\/www.diario5.com.ar\/es\/wp-json\/wp\/v2\/posts\/692543\/revisions"}],"predecessor-version":[{"id":696782,"href":"https:\/\/www.diario5.com.ar\/es\/wp-json\/wp\/v2\/posts\/692543\/revisions\/696782"}],"wp:featuredmedia":[{"embeddable":true,"href":"https:\/\/www.diario5.com.ar\/es\/wp-json\/wp\/v2\/media\/696781"}],"wp:attachment":[{"href":"https:\/\/www.diario5.com.ar\/es\/wp-json\/wp\/v2\/media?parent=692543"}],"wp:term":[{"taxonomy":"category","embeddable":true,"href":"https:\/\/www.diario5.com.ar\/es\/wp-json\/wp\/v2\/categories?post=692543"},{"taxonomy":"post_tag","embeddable":true,"href":"https:\/\/www.diario5.com.ar\/es\/wp-json\/wp\/v2\/tags?post=692543"},{"taxonomy":"series","embeddable":true,"href":"https:\/\/www.diario5.com.ar\/es\/wp-json\/wp\/v2\/series?post=692543"}],"curies":[{"name":"wp","href":"https:\/\/api.w.org\/{rel}","templated":true}]}}