{"id":692542,"date":"2026-03-08T06:52:00","date_gmt":"2026-03-08T09:52:00","guid":{"rendered":"http:\/\/diario5.com.ar\/?p=692542"},"modified":"2026-03-08T19:36:42","modified_gmt":"2026-03-08T22:36:42","slug":"692542","status":"publish","type":"post","link":"https:\/\/www.diario5.com.ar\/es\/692542\/","title":{"rendered":"La n\u00famero uno"},"content":{"rendered":"<h2 class=\"sub-title-primary\">No caben dudas de que la mujer m\u00e1s importante de la historia del espect\u00e1culo argentino fue Tita Merello. La simultaneidad de talentos art\u00edsticos m\u00faltiples, su capacidad de trascender a partir lo profundo de su pensamiento y una popularidad magn\u00e9tica motorizada por un temperamento arrasador, la mantienen como la m\u00e1xima exponente femenina del espect\u00e1culo en el pa\u00eds.<\/h2> <p><img decoding=\"async\" src=\"https:\/\/www.diario5.com.ar\/imgtapas\/tita_merello_2.jpg\" \/><\/div>\n<p>&nbsp;<\/p>\n<p>Fue, es y ser\u00e1 siempre la figura femenina m\u00e1s importante del espect\u00e1culo argentino. Su trayectoria marc\u00f3 un antes y un despu\u00e9s en la cultura popular, con una presencia que trascendi\u00f3 el cine, el teatro y la m\u00fasica.<\/p>\n<p>Encarn\u00f3 la fuerza de una mujer que no podr\u00e1 ser superada jam\u00e1s en c\u00f3mo abrirse camino en un medio dominado por hombres, imponer su talento y su car\u00e1cter y, con eso, llegar a lo m\u00e1s alto. M\u00e1s all\u00e1 de ciertos resultados desafortunados para su propia vida, todo lo que hizo lo hizo bien. Se destac\u00f3 en todo: como actriz, cantante y referente de una \u00e9poca que la convirti\u00f3 en s\u00edmbolo de autenticidad y pasi\u00f3n.<\/p>\n<p>&nbsp;<\/p>\n<p>Su voz \u00e1spera y profunda, su estilo interpretativo \u00fanico y su capacidad para transmitir emociones la hicieron inolvidable. Supo representar a la mujer trabajadora, a la mujer de barrio, y al mismo tiempo convertirse en \u00edcono de la escena nacional.<\/p>\n<p>En cada escenario y en cada pel\u00edcula, Tita Merello dej\u00f3 una huella imborrable. Su recuerdo late con el mismo fuego de su doliente creaci\u00f3n Llamarada Pasional dedicada al gran amor que sinti\u00f3 por un careta que jam\u00e1s la mereci\u00f3 y que hizo prevalecer su popularidad por encima de valorar a semejante mujer.<\/p>\n<p>Su legado se resignifica cada 8 de marzo, cuando se celebra la lucha y el aporte de las mujeres en todos los \u00e1mbitos. Ella, con su arte y su vida, demostr\u00f3 que la grandeza no necesita artificios: basta con talento, convicci\u00f3n y verdad.<\/p>\n<p>Tita permanece como la voz y la presencia que mejor simbolizan la fuerza de la mujer argentina en el espect\u00e1culo.<\/p>\n<p><img decoding=\"async\" loading=\"lazy\" class=\"aligncenter size-full wp-image-696774\" src=\"https:\/\/www.diario5.com.ar\/wp-content\/uploads\/2026\/03\/clarin20260308.jpg\" width=\"700\" height=\"1083\" \/><\/p>\n<p><img decoding=\"async\" loading=\"lazy\" class=\"aligncenter size-full wp-image-696771\" src=\"https:\/\/www.diario5.com.ar\/wp-content\/uploads\/2026\/03\/voz_chaco20260308.jpg\" width=\"700\" height=\"823\" srcset=\"https:\/\/www.diario5.com.ar\/wp-content\/uploads\/2026\/03\/voz_chaco20260308.jpg 700w, https:\/\/www.diario5.com.ar\/wp-content\/uploads\/2026\/03\/voz_chaco20260308-255x300.jpg 255w\" sizes=\"(max-width: 700px) 100vw, 700px\" \/><\/p>\n<p><img decoding=\"async\" loading=\"lazy\" class=\"aligncenter size-full wp-image-696772\" src=\"https:\/\/www.diario5.com.ar\/wp-content\/uploads\/2026\/03\/ar_eldia20260308.jpg\" width=\"700\" height=\"1025\" srcset=\"https:\/\/www.diario5.com.ar\/wp-content\/uploads\/2026\/03\/ar_eldia20260308.jpg 700w, https:\/\/www.diario5.com.ar\/wp-content\/uploads\/2026\/03\/ar_eldia20260308-205x300.jpg 205w\" sizes=\"(max-width: 700px) 100vw, 700px\" \/><\/p>\n<p><img decoding=\"async\" loading=\"lazy\" class=\"aligncenter size-full wp-image-696773\" src=\"https:\/\/www.diario5.com.ar\/wp-content\/uploads\/2026\/03\/ar_chubut20260308.jpg\" width=\"700\" height=\"903\" srcset=\"https:\/\/www.diario5.com.ar\/wp-content\/uploads\/2026\/03\/ar_chubut20260308.jpg 700w, https:\/\/www.diario5.com.ar\/wp-content\/uploads\/2026\/03\/ar_chubut20260308-233x300.jpg 233w\" sizes=\"(max-width: 700px) 100vw, 700px\" \/><\/p>\n<p><img decoding=\"async\" loading=\"lazy\" class=\"aligncenter size-full wp-image-696774\" src=\"https:\/\/www.diario5.com.ar\/wp-content\/uploads\/2026\/03\/nacion20260308.jpg\" width=\"700\" height=\"1083\" srcset=\"https:\/\/www.diario5.com.ar\/wp-content\/uploads\/2026\/03\/nacion20260308.jpg 700w, https:\/\/www.diario5.com.ar\/wp-content\/uploads\/2026\/03\/nacion20260308-194x300.jpg 194w, https:\/\/www.diario5.com.ar\/wp-content\/uploads\/2026\/03\/nacion20260308-662x1024.jpg 662w\" sizes=\"(max-width: 700px) 100vw, 700px\" \/><\/p>\n<p><img decoding=\"async\" loading=\"lazy\" class=\"aligncenter size-full wp-image-696770\" src=\"https:\/\/www.diario5.com.ar\/wp-content\/uploads\/2026\/03\/ar_ancasti20260308.jpg\" width=\"700\" height=\"942\" srcset=\"https:\/\/www.diario5.com.ar\/wp-content\/uploads\/2026\/03\/ar_ancasti20260308.jpg 700w, https:\/\/www.diario5.com.ar\/wp-content\/uploads\/2026\/03\/ar_ancasti20260308-223x300.jpg 223w\" sizes=\"(max-width: 700px) 100vw, 700px\" \/><\/p>","protected":false},"excerpt":{"rendered":"<p>No caben dudas de que la mujer m\u00e1s importante de la historia del espect\u00e1culo argentino fue Tita Merello. La simultaneidad de talentos art\u00edsticos m\u00faltiples, su capacidad de trascender a partir lo profundo de su pensamiento y una popularidad magn\u00e9tica motorizada por un temperamento arrasador, la mantienen como la m\u00e1xima exponente femenina del espect\u00e1culo en el [&hellip;]<\/p>","protected":false},"author":27,"featured_media":696768,"comment_status":"open","ping_status":"open","sticky":false,"template":"","format":"standard","meta":[],"categories":[75,5,16,1785,56],"tags":[1408,1177,1777,3535,3581,1774,4262,1859,2762],"series":[],"_links":{"self":[{"href":"https:\/\/www.diario5.com.ar\/es\/wp-json\/wp\/v2\/posts\/692542"}],"collection":[{"href":"https:\/\/www.diario5.com.ar\/es\/wp-json\/wp\/v2\/posts"}],"about":[{"href":"https:\/\/www.diario5.com.ar\/es\/wp-json\/wp\/v2\/types\/post"}],"author":[{"embeddable":true,"href":"https:\/\/www.diario5.com.ar\/es\/wp-json\/wp\/v2\/users\/27"}],"replies":[{"embeddable":true,"href":"https:\/\/www.diario5.com.ar\/es\/wp-json\/wp\/v2\/comments?post=692542"}],"version-history":[{"count":5,"href":"https:\/\/www.diario5.com.ar\/es\/wp-json\/wp\/v2\/posts\/692542\/revisions"}],"predecessor-version":[{"id":696776,"href":"https:\/\/www.diario5.com.ar\/es\/wp-json\/wp\/v2\/posts\/692542\/revisions\/696776"}],"wp:featuredmedia":[{"embeddable":true,"href":"https:\/\/www.diario5.com.ar\/es\/wp-json\/wp\/v2\/media\/696768"}],"wp:attachment":[{"href":"https:\/\/www.diario5.com.ar\/es\/wp-json\/wp\/v2\/media?parent=692542"}],"wp:term":[{"taxonomy":"category","embeddable":true,"href":"https:\/\/www.diario5.com.ar\/es\/wp-json\/wp\/v2\/categories?post=692542"},{"taxonomy":"post_tag","embeddable":true,"href":"https:\/\/www.diario5.com.ar\/es\/wp-json\/wp\/v2\/tags?post=692542"},{"taxonomy":"series","embeddable":true,"href":"https:\/\/www.diario5.com.ar\/es\/wp-json\/wp\/v2\/series?post=692542"}],"curies":[{"name":"wp","href":"https:\/\/api.w.org\/{rel}","templated":true}]}}