{"id":692536,"date":"2026-03-02T06:52:00","date_gmt":"2026-03-02T09:52:00","guid":{"rendered":"http:\/\/diario5.com.ar\/?p=692536"},"modified":"2026-03-02T23:37:59","modified_gmt":"2026-03-03T02:37:59","slug":"692536","status":"publish","type":"post","link":"https:\/\/www.diario5.com.ar\/es\/692536\/","title":{"rendered":"Tanta esperanza como agotamiento"},"content":{"rendered":"<h2 class=\"sub-title-primary\"><\/h2> <p>&nbsp;<\/p>\n<p><img decoding=\"async\" loading=\"lazy\" class=\"alignnone size-full wp-image-696689\" src=\"https:\/\/www.diario5.com.ar\/wp-content\/uploads\/2026\/03\/milei_villarruel_menem_d5.jpg\" alt=\"\" width=\"1920\" height=\"1080\" srcset=\"https:\/\/www.diario5.com.ar\/wp-content\/uploads\/2026\/03\/milei_villarruel_menem_d5.jpg 1920w, https:\/\/www.diario5.com.ar\/wp-content\/uploads\/2026\/03\/milei_villarruel_menem_d5-300x169.jpg 300w, https:\/\/www.diario5.com.ar\/wp-content\/uploads\/2026\/03\/milei_villarruel_menem_d5-1024x576.jpg 1024w, https:\/\/www.diario5.com.ar\/wp-content\/uploads\/2026\/03\/milei_villarruel_menem_d5-768x432.jpg 768w, https:\/\/www.diario5.com.ar\/wp-content\/uploads\/2026\/03\/milei_villarruel_menem_d5-1536x864.jpg 1536w\" sizes=\"(max-width: 1920px) 100vw, 1920px\" \/><\/p>\n<p>La extensa alocuci\u00f3n de apertura y la consecuente puesta en escena de Javier Milei en este 1 de marzo de 2026 amalgam\u00f3 el acto institucional con ecosistema pol\u00edtico en el que se siente c\u00f3modo, es decir, la fricci\u00f3n constante.<\/p>\n<p>El Presidente ingres\u00f3 al Congreso con la seguridad de quien cree haber domado a la \u00abfiera\u00bb de la inflaci\u00f3n, pero lo hizo en un clima de frialdad interna que las c\u00e1maras de la transmisi\u00f3n oficial intentaron, sin \u00e9xito, disimular. El saludo g\u00e9lido con Victoria Villarruel, reducido a una formalidad casi mec\u00e1nica frente al efusivo abrazo con Mart\u00edn Menem, fue la s\u00edntesis visual de un gobierno que ha decidido purgar sus propias filas mientras avanza en una transformaci\u00f3n estructural que no admite matices.<\/p>\n<p>Milei habl\u00f3 de una Argentina que crece al 10% y de una pobreza que retrocede a pasos agigantados, cifras que chocan de frente con una calle que todav\u00eda mastica el impacto de un ajuste que no da tregua y una opini\u00f3n p\u00fablica que, seg\u00fan los algunos de los \u00faltimos sondeos, parecer\u00eda estar perdiendo la paciencia del \u00abvoto blando\u00bb.<\/p>\n<p>El discurso oscil\u00f3 entre la contabilidad orgullosa de su super\u00e1vit y la \u00e9pica de un cruzado cultural que ya no s\u00f3lo pelea contra la \u00abcasta\u00bb dom\u00e9stica, sino que se abraza a la figura de Donald Trump como su gran validador global.<\/p>\n<p>Al proponer la \u00abmoral como pol\u00edtica de Estado\u00bb, Milei intent\u00f3 elevar el debate por encima de la econom\u00eda, buscando una legitimidad que -\u00e9l lo\u00a0 sabe m\u00e1s que nadie-\u00a0 los indicadores sociales todav\u00eda pelean por consolidar en el d\u00eda a d\u00eda de los argentinos.<\/p>\n<p>Hubo dardos envenenados para una oposici\u00f3n a la que llam\u00f3 \u00abtraidora\u00bb y referencias directas a l\u00edderes encarcelados, dejando entrever que para el presidente libertario la pacificaci\u00f3n nacional no ser\u00eda una opci\u00f3n si no es bajo sus propios t\u00e9rminos.<\/p>\n<p>Entre promesas de bajar la edad de imputabilidad y la eliminaci\u00f3n definitiva de las PASO, el mandatario deline\u00f3 un 2026 que pretende ser el a\u00f1o del \u00aborden definitivo\u00bb, aunque en el recinto legislativo haya quedado flotando la sensaci\u00f3n de que la verdadera batalla, m\u00e1s all\u00e1 de los n\u00fameros caputianos, sigue siendo por el alma de una sociedad que hoy lo mir\u00f3 con tanta esperanza como agotamiento.<\/p>\n<p><img decoding=\"async\" loading=\"lazy\" class=\"aligncenter size-full wp-image-696691\" src=\"https:\/\/www.diario5.com.ar\/wp-content\/uploads\/2026\/03\/voz_chaco20260302.jpg\" width=\"700\" height=\"816\" srcset=\"https:\/\/www.diario5.com.ar\/wp-content\/uploads\/2026\/03\/voz_chaco20260302.jpg 700w, https:\/\/www.diario5.com.ar\/wp-content\/uploads\/2026\/03\/voz_chaco20260302-257x300.jpg 257w\" sizes=\"(max-width: 700px) 100vw, 700px\" \/><\/p>\n<p><img decoding=\"async\" loading=\"lazy\" class=\"aligncenter size-full wp-image-696692\" src=\"https:\/\/www.diario5.com.ar\/wp-content\/uploads\/2026\/03\/ar_cronista20260302.jpg\" width=\"700\" height=\"1001\" srcset=\"https:\/\/www.diario5.com.ar\/wp-content\/uploads\/2026\/03\/ar_cronista20260302.jpg 700w, https:\/\/www.diario5.com.ar\/wp-content\/uploads\/2026\/03\/ar_cronista20260302-210x300.jpg 210w\" sizes=\"(max-width: 700px) 100vw, 700px\" \/><\/p>\n<p><img decoding=\"async\" loading=\"lazy\" class=\"aligncenter size-full wp-image-696693\" src=\"https:\/\/www.diario5.com.ar\/wp-content\/uploads\/2026\/03\/ar_eldia20260302.jpg\" width=\"700\" height=\"1001\" srcset=\"https:\/\/www.diario5.com.ar\/wp-content\/uploads\/2026\/03\/ar_eldia20260302.jpg 700w, https:\/\/www.diario5.com.ar\/wp-content\/uploads\/2026\/03\/ar_eldia20260302-210x300.jpg 210w\" sizes=\"(max-width: 700px) 100vw, 700px\" \/><\/p>\n<p><img decoding=\"async\" loading=\"lazy\" class=\"aligncenter size-full wp-image-696694\" src=\"https:\/\/www.diario5.com.ar\/wp-content\/uploads\/2026\/03\/ar_hoy20260302.jpg\" width=\"700\" height=\"922\" srcset=\"https:\/\/www.diario5.com.ar\/wp-content\/uploads\/2026\/03\/ar_hoy20260302.jpg 700w, https:\/\/www.diario5.com.ar\/wp-content\/uploads\/2026\/03\/ar_hoy20260302-228x300.jpg 228w\" sizes=\"(max-width: 700px) 100vw, 700px\" \/><\/p>\n<p><img decoding=\"async\" loading=\"lazy\" class=\"aligncenter size-full wp-image-696695\" src=\"https:\/\/www.diario5.com.ar\/wp-content\/uploads\/2026\/03\/ar_chubut20260302.jpg\" width=\"700\" height=\"902\" srcset=\"https:\/\/www.diario5.com.ar\/wp-content\/uploads\/2026\/03\/ar_chubut20260302.jpg 700w, https:\/\/www.diario5.com.ar\/wp-content\/uploads\/2026\/03\/ar_chubut20260302-233x300.jpg 233w\" sizes=\"(max-width: 700px) 100vw, 700px\" \/><\/p>\n<p><img decoding=\"async\" loading=\"lazy\" class=\"aligncenter size-full wp-image-696697\" src=\"https:\/\/www.diario5.com.ar\/wp-content\/uploads\/2026\/03\/ar_clarin20260302.jpg\" width=\"700\" height=\"964\" srcset=\"https:\/\/www.diario5.com.ar\/wp-content\/uploads\/2026\/03\/ar_clarin20260302.jpg 700w, https:\/\/www.diario5.com.ar\/wp-content\/uploads\/2026\/03\/ar_clarin20260302-218x300.jpg 218w\" sizes=\"(max-width: 700px) 100vw, 700px\" \/><\/p>\n<p><img decoding=\"async\" loading=\"lazy\" class=\"aligncenter size-full wp-image-696696\" src=\"https:\/\/www.diario5.com.ar\/wp-content\/uploads\/2026\/03\/nacion20260302.jpg\" width=\"700\" height=\"1082\" srcset=\"https:\/\/www.diario5.com.ar\/wp-content\/uploads\/2026\/03\/nacion20260302.jpg 700w, https:\/\/www.diario5.com.ar\/wp-content\/uploads\/2026\/03\/nacion20260302-194x300.jpg 194w, https:\/\/www.diario5.com.ar\/wp-content\/uploads\/2026\/03\/nacion20260302-662x1024.jpg 662w\" sizes=\"(max-width: 700px) 100vw, 700px\" \/><\/p>\n<p>&nbsp;<\/p>","protected":false},"excerpt":{"rendered":"<p>&nbsp; La extensa alocuci\u00f3n de apertura y la consecuente puesta en escena de Javier Milei en este 1 de marzo de 2026 amalgam\u00f3 el acto institucional con ecosistema pol\u00edtico en el que se siente c\u00f3modo, es decir, la fricci\u00f3n constante. El Presidente ingres\u00f3 al Congreso con la seguridad de quien cree haber domado a la [&hellip;]<\/p>","protected":false},"author":27,"featured_media":696689,"comment_status":"open","ping_status":"open","sticky":false,"template":"","format":"standard","meta":[],"categories":[45,56],"tags":[4714,1866,1177,1399,2839,2880,2655,3347,3618,3802,2794,2026,1030,144,1060,2465,4810,1495,3607,537],"series":[],"_links":{"self":[{"href":"https:\/\/www.diario5.com.ar\/es\/wp-json\/wp\/v2\/posts\/692536"}],"collection":[{"href":"https:\/\/www.diario5.com.ar\/es\/wp-json\/wp\/v2\/posts"}],"about":[{"href":"https:\/\/www.diario5.com.ar\/es\/wp-json\/wp\/v2\/types\/post"}],"author":[{"embeddable":true,"href":"https:\/\/www.diario5.com.ar\/es\/wp-json\/wp\/v2\/users\/27"}],"replies":[{"embeddable":true,"href":"https:\/\/www.diario5.com.ar\/es\/wp-json\/wp\/v2\/comments?post=692536"}],"version-history":[{"count":4,"href":"https:\/\/www.diario5.com.ar\/es\/wp-json\/wp\/v2\/posts\/692536\/revisions"}],"predecessor-version":[{"id":696698,"href":"https:\/\/www.diario5.com.ar\/es\/wp-json\/wp\/v2\/posts\/692536\/revisions\/696698"}],"wp:featuredmedia":[{"embeddable":true,"href":"https:\/\/www.diario5.com.ar\/es\/wp-json\/wp\/v2\/media\/696689"}],"wp:attachment":[{"href":"https:\/\/www.diario5.com.ar\/es\/wp-json\/wp\/v2\/media?parent=692536"}],"wp:term":[{"taxonomy":"category","embeddable":true,"href":"https:\/\/www.diario5.com.ar\/es\/wp-json\/wp\/v2\/categories?post=692536"},{"taxonomy":"post_tag","embeddable":true,"href":"https:\/\/www.diario5.com.ar\/es\/wp-json\/wp\/v2\/tags?post=692536"},{"taxonomy":"series","embeddable":true,"href":"https:\/\/www.diario5.com.ar\/es\/wp-json\/wp\/v2\/series?post=692536"}],"curies":[{"name":"wp","href":"https:\/\/api.w.org\/{rel}","templated":true}]}}