{"id":692534,"date":"2026-02-28T06:50:00","date_gmt":"2026-02-28T09:50:00","guid":{"rendered":"http:\/\/diario5.com.ar\/?p=692534"},"modified":"2026-02-28T22:19:29","modified_gmt":"2026-03-01T01:19:29","slug":"692534","status":"publish","type":"post","link":"https:\/\/www.diario5.com.ar\/es\/692534\/","title":{"rendered":"Ad\u00f3nde ir"},"content":{"rendered":"<h2 class=\"sub-title-primary\"><\/h2> <p><img decoding=\"async\" loading=\"lazy\" class=\"alignnone size-full wp-image-696660\" src=\"https:\/\/www.diario5.com.ar\/wp-content\/uploads\/2026\/02\/jorge_donn_d5.jpg\" alt=\"\" width=\"1920\" height=\"1080\" srcset=\"https:\/\/www.diario5.com.ar\/wp-content\/uploads\/2026\/02\/jorge_donn_d5.jpg 1920w, https:\/\/www.diario5.com.ar\/wp-content\/uploads\/2026\/02\/jorge_donn_d5-300x169.jpg 300w, https:\/\/www.diario5.com.ar\/wp-content\/uploads\/2026\/02\/jorge_donn_d5-1024x576.jpg 1024w, https:\/\/www.diario5.com.ar\/wp-content\/uploads\/2026\/02\/jorge_donn_d5-768x432.jpg 768w, https:\/\/www.diario5.com.ar\/wp-content\/uploads\/2026\/02\/jorge_donn_d5-1536x864.jpg 1536w\" sizes=\"(max-width: 1920px) 100vw, 1920px\" \/><\/p>\n<p>En recuerdo de Jorge Donn, el \u00e1mbito de la Danza en la Argentina celebra hoy el D\u00eda del Bailar\u00edn.<\/p>\n<p>La eterna disyuntiva en la que caen las familias de chicas y chicos que quieren estudiar ballet es: \u00bf Escuela Nacional de Danza o Instituto Superior de Arte del Teatro Col\u00f3n ?<\/p>\n<p>Las dos mejores respuestas, siempre, son:<\/p>\n<p>1. Averiguar todo sobre todas las academias (con internet hoy todo es f\u00e1cil)<br \/>\n2. Sostener la inclinaci\u00f3n art\u00edstica de los chicos todo lo que se pueda.<\/p>\n<p>&#8211; La Escuela Nacional de Danza A\u00edda Mastrazzi ofrece dos Profesorados de Danza: uno con orientaci\u00f3n en Danza Cl\u00e1sica y otro en Danza Contempor\u00e1nea. Pueden cursarse uno solo o ambos de forma simult\u00e1nea. Por supuesto, t\u00edtulos oficiales de validez nacional.<\/p>\n<p>&#8211; El caso del \u00e1rea de ballet del ISA del Teatro Col\u00f3n forma profesional coreogr\u00e1fico desde 1960, m\u00e1s el antecedente de la Academia de Baile del Teatro desde 1919 posicionando a nivel mundial.<\/p>\n<p>\u00bfD\u00f3nde m\u00e1s se puede estudiar?<\/p>\n<p>&#8211; UNA (Universidad Nacional de las Artes)<br \/>\n&#8211; Fundaci\u00f3n Julio Bocca<br \/>\n&#8211; Ballet Estudio (Marisa Ferri)<br \/>\n&#8211; Los m\u00e9todos \u00abtradicional ruso\u00bb y \u00abVaganova\u00bb se aplican en la Escuela Sudamericana de Ballet y Danza<br \/>\n&#8211; Otras formadoras de prestigio: Mariela Estr\u00e1baca, Claudia Smiguel, M\u00f3nica Stralci.<\/p>\n<p><!--googleoff: index--><\/p>\n<p><img decoding=\"async\" loading=\"lazy\" class=\"aligncenter size-full wp-image-696668\" src=\"https:\/\/www.diario5.com.ar\/wp-content\/uploads\/2026\/02\/ar_nueva_provincia20260228.jpg\" width=\"700\" height=\"970\" srcset=\"https:\/\/www.diario5.com.ar\/wp-content\/uploads\/2026\/02\/ar_nueva_provincia20260228.jpg 700w, https:\/\/www.diario5.com.ar\/wp-content\/uploads\/2026\/02\/ar_nueva_provincia20260228-216x300.jpg 216w\" sizes=\"(max-width: 700px) 100vw, 700px\" \/><\/p>\n<p><img decoding=\"async\" loading=\"lazy\" class=\"aligncenter size-full wp-image-696662\" src=\"https:\/\/www.diario5.com.ar\/wp-content\/uploads\/2026\/02\/ar_ancasti20260228.jpg\" width=\"700\" height=\"929\" srcset=\"https:\/\/www.diario5.com.ar\/wp-content\/uploads\/2026\/02\/ar_ancasti20260228.jpg 700w, https:\/\/www.diario5.com.ar\/wp-content\/uploads\/2026\/02\/ar_ancasti20260228-226x300.jpg 226w\" sizes=\"(max-width: 700px) 100vw, 700px\" \/><\/p>\n<p><img decoding=\"async\" loading=\"lazy\" class=\"aligncenter size-full wp-image-696669\" src=\"https:\/\/www.diario5.com.ar\/wp-content\/uploads\/2026\/02\/voz_chaco20260228.jpg\" width=\"700\" height=\"816\" srcset=\"https:\/\/www.diario5.com.ar\/wp-content\/uploads\/2026\/02\/voz_chaco20260228.jpg 700w, https:\/\/www.diario5.com.ar\/wp-content\/uploads\/2026\/02\/voz_chaco20260228-257x300.jpg 257w\" sizes=\"(max-width: 700px) 100vw, 700px\" \/><\/p>\n<p><img decoding=\"async\" loading=\"lazy\" class=\"aligncenter size-full wp-image-696663\" src=\"https:\/\/www.diario5.com.ar\/wp-content\/uploads\/2026\/02\/ar_eldia20260228.jpg\" width=\"700\" height=\"1001\" srcset=\"https:\/\/www.diario5.com.ar\/wp-content\/uploads\/2026\/02\/ar_eldia20260228.jpg 700w, https:\/\/www.diario5.com.ar\/wp-content\/uploads\/2026\/02\/ar_eldia20260228-210x300.jpg 210w\" sizes=\"(max-width: 700px) 100vw, 700px\" \/><\/p>\n<p><img decoding=\"async\" loading=\"lazy\" class=\"aligncenter size-full wp-image-696664\" src=\"https:\/\/www.diario5.com.ar\/wp-content\/uploads\/2026\/02\/ar_hoy20260228.jpg\" width=\"700\" height=\"923\" srcset=\"https:\/\/www.diario5.com.ar\/wp-content\/uploads\/2026\/02\/ar_hoy20260228.jpg 700w, https:\/\/www.diario5.com.ar\/wp-content\/uploads\/2026\/02\/ar_hoy20260228-228x300.jpg 228w\" sizes=\"(max-width: 700px) 100vw, 700px\" \/><\/p>\n<p><img decoding=\"async\" loading=\"lazy\" class=\"aligncenter size-full wp-image-696665\" src=\"https:\/\/www.diario5.com.ar\/wp-content\/uploads\/2026\/02\/ar_chubut20260228.jpg\" width=\"700\" height=\"905\" srcset=\"https:\/\/www.diario5.com.ar\/wp-content\/uploads\/2026\/02\/ar_chubut20260228.jpg 700w, https:\/\/www.diario5.com.ar\/wp-content\/uploads\/2026\/02\/ar_chubut20260228-232x300.jpg 232w\" sizes=\"(max-width: 700px) 100vw, 700px\" \/><\/p>\n<p><img decoding=\"async\" loading=\"lazy\" class=\"aligncenter size-full wp-image-696670\" src=\"https:\/\/www.diario5.com.ar\/wp-content\/uploads\/2026\/02\/ar_clarin20260228.jpg\" width=\"700\" height=\"969\" srcset=\"https:\/\/www.diario5.com.ar\/wp-content\/uploads\/2026\/02\/ar_clarin20260228.jpg 700w, https:\/\/www.diario5.com.ar\/wp-content\/uploads\/2026\/02\/ar_clarin20260228-217x300.jpg 217w\" sizes=\"(max-width: 700px) 100vw, 700px\" \/><\/p>\n<p><img decoding=\"async\" loading=\"lazy\" class=\"aligncenter size-full wp-image-696666\" src=\"https:\/\/www.diario5.com.ar\/wp-content\/uploads\/2026\/02\/nacion20260228.jpg\" width=\"700\" height=\"1081\" srcset=\"https:\/\/www.diario5.com.ar\/wp-content\/uploads\/2026\/02\/nacion20260228.jpg 700w, https:\/\/www.diario5.com.ar\/wp-content\/uploads\/2026\/02\/nacion20260228-194x300.jpg 194w, https:\/\/www.diario5.com.ar\/wp-content\/uploads\/2026\/02\/nacion20260228-663x1024.jpg 663w\" sizes=\"(max-width: 700px) 100vw, 700px\" \/><\/p>\n<p>&nbsp;<\/p>","protected":false},"excerpt":{"rendered":"<p>En recuerdo de Jorge Donn, el \u00e1mbito de la Danza en la Argentina celebra hoy el D\u00eda del Bailar\u00edn. La eterna disyuntiva en la que caen las familias de chicas y chicos que quieren estudiar ballet es: \u00bf Escuela Nacional de Danza o Instituto Superior de Arte del Teatro Col\u00f3n ? Las dos mejores respuestas, [&hellip;]<\/p>","protected":false},"author":9,"featured_media":696660,"comment_status":"open","ping_status":"open","sticky":false,"template":"","format":"standard","meta":[],"categories":[23,5,904],"tags":[1177,1777,2043,1775,4882,2369,3180,2332,1859,3115,3010],"series":[],"_links":{"self":[{"href":"https:\/\/www.diario5.com.ar\/es\/wp-json\/wp\/v2\/posts\/692534"}],"collection":[{"href":"https:\/\/www.diario5.com.ar\/es\/wp-json\/wp\/v2\/posts"}],"about":[{"href":"https:\/\/www.diario5.com.ar\/es\/wp-json\/wp\/v2\/types\/post"}],"author":[{"embeddable":true,"href":"https:\/\/www.diario5.com.ar\/es\/wp-json\/wp\/v2\/users\/9"}],"replies":[{"embeddable":true,"href":"https:\/\/www.diario5.com.ar\/es\/wp-json\/wp\/v2\/comments?post=692534"}],"version-history":[{"count":5,"href":"https:\/\/www.diario5.com.ar\/es\/wp-json\/wp\/v2\/posts\/692534\/revisions"}],"predecessor-version":[{"id":696672,"href":"https:\/\/www.diario5.com.ar\/es\/wp-json\/wp\/v2\/posts\/692534\/revisions\/696672"}],"wp:featuredmedia":[{"embeddable":true,"href":"https:\/\/www.diario5.com.ar\/es\/wp-json\/wp\/v2\/media\/696660"}],"wp:attachment":[{"href":"https:\/\/www.diario5.com.ar\/es\/wp-json\/wp\/v2\/media?parent=692534"}],"wp:term":[{"taxonomy":"category","embeddable":true,"href":"https:\/\/www.diario5.com.ar\/es\/wp-json\/wp\/v2\/categories?post=692534"},{"taxonomy":"post_tag","embeddable":true,"href":"https:\/\/www.diario5.com.ar\/es\/wp-json\/wp\/v2\/tags?post=692534"},{"taxonomy":"series","embeddable":true,"href":"https:\/\/www.diario5.com.ar\/es\/wp-json\/wp\/v2\/series?post=692534"}],"curies":[{"name":"wp","href":"https:\/\/api.w.org\/{rel}","templated":true}]}}