{"id":692532,"date":"2026-02-26T06:52:00","date_gmt":"2026-02-26T09:52:00","guid":{"rendered":"http:\/\/diario5.com.ar\/?p=692532"},"modified":"2026-02-26T06:55:33","modified_gmt":"2026-02-26T09:55:33","slug":"692532","status":"publish","type":"post","link":"https:\/\/www.diario5.com.ar\/es\/692532\/","title":{"rendered":"A su ritmo"},"content":{"rendered":"<h2 class=\"sub-title-primary\">La instalaci\u00f3n de la nuevas escaleras mec\u00e1nicas en el Hospital de Cl\u00ednicas Jos\u00e9 de San Mart\u00edn va lenta. Por ahora, apenas trabaja una persona a la vez y a un ritmo por dem\u00e1s casero.<\/h2> <p style=\"padding-left: 40px\"><img decoding=\"async\" loading=\"lazy\" class=\"alignnone size-full wp-image-696633\" src=\"https:\/\/www.diario5.com.ar\/wp-content\/uploads\/2026\/02\/IMG-20260225-WA0032.jpg\" alt=\"\" width=\"1600\" height=\"900\" srcset=\"https:\/\/www.diario5.com.ar\/wp-content\/uploads\/2026\/02\/IMG-20260225-WA0032.jpg 1600w, https:\/\/www.diario5.com.ar\/wp-content\/uploads\/2026\/02\/IMG-20260225-WA0032-300x169.jpg 300w, https:\/\/www.diario5.com.ar\/wp-content\/uploads\/2026\/02\/IMG-20260225-WA0032-1024x576.jpg 1024w, https:\/\/www.diario5.com.ar\/wp-content\/uploads\/2026\/02\/IMG-20260225-WA0032-768x432.jpg 768w, https:\/\/www.diario5.com.ar\/wp-content\/uploads\/2026\/02\/IMG-20260225-WA0032-1536x864.jpg 1536w\" sizes=\"(max-width: 1600px) 100vw, 1600px\" \/><\/p>\n<div class=\"pointer-events-none h-px w-px absolute top-0\" style=\"text-align: center\" aria-hidden=\"true\" data-edge=\"true\"><\/div>\n<div class=\"flex flex-col text-sm keyboard-open:pb-[calc(var(--composer-height,100px)+var(--screen-keyboard-height,0))] pb-25\">\n<article class=\"text-token-text-primary w-full focus:outline-none [--shadow-height:45px] has-data-writing-block:pointer-events-none has-data-writing-block:-mt-(--shadow-height) has-data-writing-block:pt-(--shadow-height) [&amp;:has([data-writing-block])&gt;*]:pointer-events-auto scroll-mt-[calc(var(--header-height)+min(200px,max(70px,20svh)))]\" dir=\"auto\" data-turn-id=\"request-WEB:edab3a5e-a3f6-4282-8914-8720275952fd-0\" data-testid=\"conversation-turn-2\" data-scroll-anchor=\"true\" data-turn=\"assistant\">\n<div class=\"text-base my-auto mx-auto pb-10 [--thread-content-margin:--spacing(4)] @w-sm\/main:[--thread-content-margin:--spacing(6)] @w-lg\/main:[--thread-content-margin:--spacing(16)] px-(--thread-content-margin)\">\n<div class=\"[--thread-content-max-width:40rem] @w-lg\/main:[--thread-content-max-width:48rem] mx-auto max-w-(--thread-content-max-width) flex-1 group\/turn-messages focus-visible:outline-hidden relative flex w-full min-w-0 flex-col agent-turn\">\n<div class=\"flex max-w-full flex-col grow\">\n<div class=\"min-h-8 text-message relative flex w-full flex-col items-end gap-2 text-start break-words whitespace-normal [.text-message+&amp;]:mt-1\" dir=\"auto\" data-message-author-role=\"assistant\" data-message-id=\"1f1ff932-12a6-437f-92a2-3a4c79f92be3\" data-message-model-slug=\"gpt-5-2\">\n<div class=\"flex w-full flex-col gap-1 empty:hidden first:pt-[1px]\">\n<div class=\"markdown prose dark:prose-invert w-full wrap-break-word light markdown-new-styling\">\n<p data-start=\"0\" data-end=\"363\">La obra avanza con demoras y sin un cronograma p\u00fablico actualizado. Seg\u00fan pudo constatar este medio, las tareas se concentran por ahora en un solo tramo y con intervenci\u00f3n manual en la mayor parte del proceso, lo que explica el ritmo lento que observan pacientes y trabajadores.<\/p>\n<p data-start=\"365\" data-end=\"770\">Desde la administraci\u00f3n del centro asistencial, que depende de la\u00a0<span class=\"hover:entity-accent entity-underline inline cursor-pointer align-baseline\"><span class=\"whitespace-normal\">Universidad de Buenos Aires<\/span><\/span>, indicaron de manera informal que la obra requiere adecuaciones estructurales y verificaciones de seguridad antes de cada etapa de montaje. Esos controles \u2014se\u00f1alan\u2014 buscan garantizar el funcionamiento continuo de un sistema clave para la circulaci\u00f3n interna, especialmente en horarios de alta demanda.<\/p>\n<p data-start=\"772\" data-end=\"1125\">Mientras tanto, usuarios y personal sanitario advierten que la falta de escaleras mec\u00e1nicas operativas complica los traslados entre pisos, en particular para personas con movilidad reducida y para el movimiento de insumos. \u201cEn horas pico se forman cuellos de botella en los ascensores\u201d, coment\u00f3 un trabajador del hospital que pidi\u00f3 reserva de identidad.<\/p>\n<p data-start=\"1127\" data-end=\"1472\">La obra forma parte de un plan de mejoras edilicias m\u00e1s amplio, que incluye la renovaci\u00f3n de accesos y la actualizaci\u00f3n de equipos de transporte vertical. Sin embargo, no hay una fecha oficial de finalizaci\u00f3n. Desde el hospital anticipan que, una vez completado el montaje, se realizar\u00e1 un per\u00edodo de pruebas antes de la habilitaci\u00f3n definitiva.<\/p>\n<p data-start=\"1474\" data-end=\"1799\" data-is-last-node=\"\" data-is-only-node=\"\">Por ahora, el avance sigue siendo paulatino y a la vista de todos: herramientas a mano, se\u00f1alizaci\u00f3n provisoria y un \u00fanico operario marcando el ritmo de una intervenci\u00f3n que, para muchos, deber\u00eda ser prioritaria. Si no hay cambios en la din\u00e1mica de trabajo, la normalizaci\u00f3n del servicio podr\u00eda extenderse m\u00e1s de lo previsto.<\/p>\n<\/div>\n<\/div>\n<\/div>\n<\/div>\n<\/div>\n<\/div>\n<\/article>\n<\/div>\n<p><!--googleoff: index--><br \/>\n<!--googleon: index--><br \/>\n<img decoding=\"async\" src=\"https:\/\/img.kiosko.net\/2026\/02\/26\/ar\/la_capital.jpg\" \/><\/p>\n<p><img decoding=\"async\" src=\"https:\/\/img.kiosko.net\/2026\/02\/26\/ar\/ar_nueva_provincia.jpg\" \/><\/p>\n<p><img decoding=\"async\" loading=\"lazy\" class=\"aligncenter size-full wp-image-696641\" src=\"https:\/\/www.diario5.com.ar\/wp-content\/uploads\/2026\/02\/ar_ancasti20260226.jpg\" width=\"700\" height=\"935\" srcset=\"https:\/\/www.diario5.com.ar\/wp-content\/uploads\/2026\/02\/ar_ancasti20260226.jpg 700w, https:\/\/www.diario5.com.ar\/wp-content\/uploads\/2026\/02\/ar_ancasti20260226-225x300.jpg 225w\" sizes=\"(max-width: 700px) 100vw, 700px\" \/><\/p>\n<p><img decoding=\"async\" src=\"https:\/\/img.kiosko.net\/2026\/02\/26\/ar\/ar_esquiu.jpg\" \/><\/p>\n<p><img decoding=\"async\" src=\"https:\/\/img.kiosko.net\/2026\/02\/26\/ar\/ar_diario_norte.jpg\" \/><\/p>\n<p><img decoding=\"async\" loading=\"lazy\" class=\"aligncenter size-full wp-image-696642\" src=\"https:\/\/www.diario5.com.ar\/wp-content\/uploads\/2026\/02\/voz_chaco20260226.jpg\" width=\"700\" height=\"816\" srcset=\"https:\/\/www.diario5.com.ar\/wp-content\/uploads\/2026\/02\/voz_chaco20260226.jpg 700w, https:\/\/www.diario5.com.ar\/wp-content\/uploads\/2026\/02\/voz_chaco20260226-257x300.jpg 257w\" sizes=\"(max-width: 700px) 100vw, 700px\" \/><\/p>\n<p><img decoding=\"async\" src=\"https:\/\/img.kiosko.net\/2026\/02\/26\/ar\/ar_diario_madryn.jpg\" \/><\/p>\n<p><img decoding=\"async\" src=\"https:\/\/img.kiosko.net\/2026\/02\/26\/ar\/ar_laprensa.jpg\" \/><\/p>\n<p><img decoding=\"async\" loading=\"lazy\" class=\"aligncenter size-full wp-image-696643\" src=\"https:\/\/www.diario5.com.ar\/wp-content\/uploads\/2026\/02\/ar_cronista20260226.jpg\" width=\"700\" height=\"993\" srcset=\"https:\/\/www.diario5.com.ar\/wp-content\/uploads\/2026\/02\/ar_cronista20260226.jpg 700w, https:\/\/www.diario5.com.ar\/wp-content\/uploads\/2026\/02\/ar_cronista20260226-211x300.jpg 211w\" sizes=\"(max-width: 700px) 100vw, 700px\" \/><\/p>\n<p><img decoding=\"async\" src=\"https:\/\/img.kiosko.net\/2026\/02\/26\/ar\/buenosaires_economico.jpg\" \/><\/p>\n<p><img decoding=\"async\" src=\"https:\/\/img.kiosko.net\/2026\/02\/26\/ar\/ar_perfil.jpg\" \/><\/p>\n<p><img decoding=\"async\" loading=\"lazy\" class=\"aligncenter size-full wp-image-696644\" src=\"https:\/\/www.diario5.com.ar\/wp-content\/uploads\/2026\/02\/ar_eldia20260226.jpg\" width=\"700\" height=\"1005\" srcset=\"https:\/\/www.diario5.com.ar\/wp-content\/uploads\/2026\/02\/ar_eldia20260226.jpg 700w, https:\/\/www.diario5.com.ar\/wp-content\/uploads\/2026\/02\/ar_eldia20260226-209x300.jpg 209w\" sizes=\"(max-width: 700px) 100vw, 700px\" \/><\/p>\n<p><img decoding=\"async\" src=\"https:\/\/img.kiosko.net\/2026\/02\/26\/ar\/ar_hoy.jpg\" \/><\/p>\n<p><img decoding=\"async\" src=\"https:\/\/img.kiosko.net\/2026\/02\/26\/ar\/ar_democracia.jpg\" \/><\/p>\n<p><img decoding=\"async\" loading=\"lazy\" class=\"aligncenter size-full wp-image-696645\" src=\"https:\/\/www.diario5.com.ar\/wp-content\/uploads\/2026\/02\/ar_chubut20260226.jpg\" width=\"700\" height=\"907\" srcset=\"https:\/\/www.diario5.com.ar\/wp-content\/uploads\/2026\/02\/ar_chubut20260226.jpg 700w, https:\/\/www.diario5.com.ar\/wp-content\/uploads\/2026\/02\/ar_chubut20260226-232x300.jpg 232w\" sizes=\"(max-width: 700px) 100vw, 700px\" \/><\/p>\n<p><img decoding=\"async\" src=\"https:\/\/img.kiosko.net\/2026\/02\/26\/ar\/ar_epoca.jpg\" \/><\/p>\n<p><img decoding=\"async\" src=\"https:\/\/img.kiosko.net\/2026\/02\/26\/ar\/ar_litoral.jpg\" \/><\/p>\n<p><img decoding=\"async\" src=\"https:\/\/img.kiosko.net\/2026\/02\/26\/ar\/ar_heraldo.jpg\" \/><\/p>\n<p><img decoding=\"async\" src=\"https:\/\/img.kiosko.net\/2026\/02\/26\/ar\/ar_manana_formosa.jpg\" \/><\/p>\n<p><img decoding=\"async\" src=\"https:\/\/img.kiosko.net\/2026\/02\/26\/ar\/ar_diario_pampa.jpg\" \/><\/p>\n<p><img decoding=\"async\" src=\"https:\/\/img.kiosko.net\/2026\/02\/26\/ar\/ar_pagina12.jpg\" \/><\/p>\n<p><img decoding=\"async\" src=\"https:\/\/img.kiosko.net\/2026\/02\/26\/ar\/ar_arena.jpg\" \/><\/p>\n<p><img decoding=\"async\" src=\"https:\/\/img.kiosko.net\/2026\/02\/26\/ar\/independiente.jpg\" \/><\/p>\n<p><img decoding=\"async\" src=\"https:\/\/img.kiosko.net\/2026\/02\/26\/ar\/nueva_rioja.jpg\" \/><\/p>\n<p><img decoding=\"async\" src=\"https:\/\/img.kiosko.net\/2026\/02\/26\/ar\/ar_losandes.jpg\" \/><\/p>\n<p><img decoding=\"async\" src=\"https:\/\/img.kiosko.net\/2026\/02\/26\/ar\/ar_tribuno.jpg\" \/><\/p>\n<p><img decoding=\"async\" src=\"https:\/\/img.kiosko.net\/2026\/02\/26\/ar\/lea.jpg\" \/><\/p>\n<p><img decoding=\"async\" src=\"https:\/\/img.kiosko.net\/2026\/02\/26\/ar\/ar_nuevo_diario.jpg\" \/><\/p>\n<p><img decoding=\"async\" src=\"https:\/\/img.kiosko.net\/2026\/02\/26\/ar\/ar_diario_cuyo.jpg\" \/><\/p>\n<p><img decoding=\"async\" src=\"https:\/\/img.kiosko.net\/2026\/02\/26\/ar\/huarpe.jpg\" \/><\/p>\n<p><img decoding=\"async\" src=\"https:\/\/img.kiosko.net\/2026\/02\/26\/ar\/ar_diario_republica.jpg\" \/><\/p>\n<p><img decoding=\"async\" src=\"https:\/\/img.kiosko.net\/2026\/02\/26\/ar\/ar_litoral_sfe.jpg\" \/><\/p>\n<p><img decoding=\"async\" src=\"https:\/\/img.kiosko.net\/2026\/02\/26\/ar\/ciudadano.jpg\" \/><\/p>\n<p><img decoding=\"async\" src=\"https:\/\/img.kiosko.net\/2026\/02\/26\/ar\/ar_mirador_provincial.jpg\" \/><\/p>\n<p><img decoding=\"async\" src=\"https:\/\/img.kiosko.net\/2026\/02\/26\/ar\/ar_gaceta.jpg\" \/><\/p>\n<p><img decoding=\"async\" src=\"https:\/\/img.kiosko.net\/2026\/02\/26\/ar\/ar_cronica.jpg\" \/><\/p>\n<p><img decoding=\"async\" src=\"https:\/\/img.kiosko.net\/2026\/02\/26\/ar\/ar_clarin.jpg\" \/><\/p>\n<p><img decoding=\"async\" loading=\"lazy\" class=\"aligncenter size-full wp-image-696646\" src=\"https:\/\/www.diario5.com.ar\/wp-content\/uploads\/2026\/02\/nacion20260226.jpg\" width=\"700\" height=\"1085\" srcset=\"https:\/\/www.diario5.com.ar\/wp-content\/uploads\/2026\/02\/nacion20260226.jpg 700w, https:\/\/www.diario5.com.ar\/wp-content\/uploads\/2026\/02\/nacion20260226-194x300.jpg 194w, https:\/\/www.diario5.com.ar\/wp-content\/uploads\/2026\/02\/nacion20260226-661x1024.jpg 661w\" sizes=\"(max-width: 700px) 100vw, 700px\" \/><\/p>\n<p><img decoding=\"async\" src=\"https:\/\/img.kiosko.net\/2026\/02\/26\/ar\/ar_eco.jpg\" \/><\/p>\n<p><img decoding=\"async\" src=\"https:\/\/img.kiosko.net\/2026\/02\/26\/ar\/nuevo_diario.jpg\" \/><\/p>\n<p><img decoding=\"async\" src=\"https:\/\/img.kiosko.net\/2026\/02\/26\/ar\/sureno.jpg\" \/><\/p>\n<p><img decoding=\"async\" loading=\"lazy\" class=\"aligncenter size-full wp-image-696641\" src=\"https:\/\/www.diario5.com.ar\/wp-content\/uploads\/2026\/02\/ar_ancasti20260226.jpg\" width=\"700\" height=\"935\" srcset=\"https:\/\/www.diario5.com.ar\/wp-content\/uploads\/2026\/02\/ar_ancasti20260226.jpg 700w, https:\/\/www.diario5.com.ar\/wp-content\/uploads\/2026\/02\/ar_ancasti20260226-225x300.jpg 225w\" sizes=\"(max-width: 700px) 100vw, 700px\" \/><\/p>\n<p><img decoding=\"async\" src=\"https:\/\/img.kiosko.net\/2026\/02\/26\/ar\/tiempo_sur.jpg\" \/><\/p>\n<p><img decoding=\"async\" src=\"https:\/\/img.kiosko.net\/2026\/02\/26\/uy\/ar\/tiempo_argentino.jpg\" \/><\/p>\n<p><img decoding=\"async\" src=\"https:\/\/img.kiosko.net\/2026\/02\/26\/ar\/ar_epoca.jpg\" \/><\/p>\n<p><img decoding=\"async\" src=\"https:\/\/img.kiosko.net\/2026\/02\/26\/ar\/ar_elsol.jpg\" \/><\/p>\n<p><img decoding=\"async\" src=\"https:\/\/img.kiosko.net\/2026\/02\/26\/ar\/ar_01.jpg\" \/><\/p>\n<p><img decoding=\"async\" src=\"https:\/\/img.kiosko.net\/2026\/02\/26\/ar\/ar_02.jpg\" \/><\/p>\n<p><img decoding=\"async\" src=\"https:\/\/img.kiosko.net\/2026\/02\/26\/ar\/ar_03.jpg\" \/><\/p>\n<p><img decoding=\"async\" src=\"https:\/\/img.kiosko.net\/2026\/02\/26\/ar\/ar_04.jpg\" \/><\/p>\n<p><img decoding=\"async\" src=\"https:\/\/img.kiosko.net\/2026\/02\/26\/ar\/ar_05.jpg\" \/><\/p>\n<p>&nbsp;<\/p>","protected":false},"excerpt":{"rendered":"<p>La instalaci\u00f3n de la nuevas escaleras mec\u00e1nicas en el Hospital de Cl\u00ednicas Jos\u00e9 de San Mart\u00edn va lenta. Por ahora, apenas trabaja una persona a la vez y a un ritmo por dem\u00e1s casero. La obra avanza con demoras y sin un cronograma p\u00fablico actualizado. Seg\u00fan pudo constatar este medio, las tareas se concentran por [&hellip;]<\/p>","protected":false},"author":1,"featured_media":696633,"comment_status":"open","ping_status":"open","sticky":false,"template":"","format":"standard","meta":[],"categories":[3092,56],"tags":[474,2715,4795,2671,817,537,1685,3356,3010,1209,4771],"series":[],"_links":{"self":[{"href":"https:\/\/www.diario5.com.ar\/es\/wp-json\/wp\/v2\/posts\/692532"}],"collection":[{"href":"https:\/\/www.diario5.com.ar\/es\/wp-json\/wp\/v2\/posts"}],"about":[{"href":"https:\/\/www.diario5.com.ar\/es\/wp-json\/wp\/v2\/types\/post"}],"author":[{"embeddable":true,"href":"https:\/\/www.diario5.com.ar\/es\/wp-json\/wp\/v2\/users\/1"}],"replies":[{"embeddable":true,"href":"https:\/\/www.diario5.com.ar\/es\/wp-json\/wp\/v2\/comments?post=692532"}],"version-history":[{"count":3,"href":"https:\/\/www.diario5.com.ar\/es\/wp-json\/wp\/v2\/posts\/692532\/revisions"}],"predecessor-version":[{"id":696634,"href":"https:\/\/www.diario5.com.ar\/es\/wp-json\/wp\/v2\/posts\/692532\/revisions\/696634"}],"wp:featuredmedia":[{"embeddable":true,"href":"https:\/\/www.diario5.com.ar\/es\/wp-json\/wp\/v2\/media\/696633"}],"wp:attachment":[{"href":"https:\/\/www.diario5.com.ar\/es\/wp-json\/wp\/v2\/media?parent=692532"}],"wp:term":[{"taxonomy":"category","embeddable":true,"href":"https:\/\/www.diario5.com.ar\/es\/wp-json\/wp\/v2\/categories?post=692532"},{"taxonomy":"post_tag","embeddable":true,"href":"https:\/\/www.diario5.com.ar\/es\/wp-json\/wp\/v2\/tags?post=692532"},{"taxonomy":"series","embeddable":true,"href":"https:\/\/www.diario5.com.ar\/es\/wp-json\/wp\/v2\/series?post=692532"}],"curies":[{"name":"wp","href":"https:\/\/api.w.org\/{rel}","templated":true}]}}