{"id":692531,"date":"2026-02-25T06:50:00","date_gmt":"2026-02-25T09:50:00","guid":{"rendered":"http:\/\/diario5.com.ar\/?p=692531"},"modified":"2026-02-25T12:06:38","modified_gmt":"2026-02-25T15:06:38","slug":"692531","status":"publish","type":"post","link":"https:\/\/www.diario5.com.ar\/es\/692531\/","title":{"rendered":"Qu\u00e9 es el etiquetado de viviendas"},"content":{"rendered":"<h2 class=\"sub-title-primary\"><\/h2> <p>&nbsp;<\/p>\n<p>El concepto de etiquetado de viviendas apunta a saber cu\u00e1nta energ\u00eda consume una casa y qu\u00e9 tan eficiente es. Dl modo en que los electrodom\u00e9sticos tienen una etiqueta que indica si gastan m\u00e1s o menos electricidad, las viviendas pueden clasificarse seg\u00fan su nivel de eficiencia energ\u00e9tica. Esa informaci\u00f3n permite comparar, entender el impacto ambiental y tambi\u00e9n calcular cu\u00e1nto puede costar mantener un hogar en t\u00e9rminos de consumo.<\/p>\n<p>La idea es que el etiquetado sea una herramienta clara para vecinos, inquilinos y compradores.<\/p>\n<p>\u00bfQu\u00e9 datos podr\u00edan visibilizarse?<\/p>\n<p>Cu\u00e1nto calor pierde una casa en invierno, cu\u00e1nto se recalienta en verano, qu\u00e9 tan bien aprovecha la luz natural o si necesita m\u00e1s energ\u00eda de la que deber\u00eda para funcionar. Esa informaci\u00f3n podr\u00eda ser una base para que las familias tomen decisiones m\u00e1s conscientes y -supuestamente- los gobiernos pueden orientar pol\u00edticas de ahorro y sustentabilidad.<\/p>\n<p>Hay algo cierto en comparaci\u00f3n con la instancia anterior, es decir, la cl\u00e1sica forma de administrar los gastos de una vivienda. Y es que ya est\u00e1 comprobado que con el etiquetado de viviendas, el consumo energ\u00e9tico deja de ser \u00abinvisible\u00bb. No sabemos si todos los ciudadanos que ocupan una vivienda, sean propietarios o inquilinos consigan mejoras en sus administraciones, pero en el futuro estar\u00e1 abiert ala posibilidad de que los hogares puedan ser evaluados con criterios simples y comparables.<\/p>\n<div>La noticia tratada por el GCBA:<\/div>\n<div>\n<div class=\"bg-light pt-4 pb-3 mb-5 px-1 _none\">\n<div class=\"container\">\n<div class=\"layout row layout-builder__layout\">\n<div class=\"col-lg-8 col-md-12 col-12\">\n<div class=\"_none mb-3 block block-layout-builder block-field-blocknodearticletitle\">\n<div class=\"content\">\n<h1 class=\"mb-3\">La Ciudad de Buenos Aires adhiri\u00f3 al Programa Nacional de Etiquetado de Viviendas<\/h1>\n<\/div>\n<\/div>\n<div class=\"_none block block-layout-builder block-field-blocknodearticlefield-summary\">\n<div class=\"content\">\n<p class=\"lead\">Este acuerdo refuerza el compromiso de la Ciudad con la eficiencia energ\u00e9tica en el sector residencial<\/p>\n<\/div>\n<\/div>\n<\/div>\n<\/div>\n<\/div>\n<\/div>\n<div class=\"_none\">\n<div class=\"container\">\n<div class=\"layout row layout-builder__layout\">\n<div class=\"col-12\"><\/div>\n<\/div>\n<\/div>\n<\/div>\n<div class=\"_none\">\n<div class=\"container\">\n<div class=\"layout row layout-builder__layout\">\n<div class=\"col-lg-8 col-md-8 col-12\">\n<div class=\"_none block block-layout-builder block-field-blocknodearticlebody\">\n<div class=\"content\">\n<div class=\"clearfix text-formatted field field--name-body field--type-text-with-summary field--label-hidden field__item\">\n<p>A\u00a0<strong>trav\u00e9s de un convenio firmado entre la\u00a0<a href=\"https:\/\/buenosaires.gob.ar\/gcaba_historico\/vicejefatura\/ambiente\">Subsecretar\u00eda de Ambiente de la Ciudad<\/a>\u00a0y la\u00a0<a href=\"https:\/\/www.argentina.gob.ar\/economia\/energia\">Secretar\u00eda de Energ\u00eda de la Naci\u00f3n<\/a>, CABA adhiri\u00f3 al\u00a0<a href=\"https:\/\/www.argentina.gob.ar\/economia\/energia\/eficiencia-energetica\/eficiencia-energetica-en-edificaciones\/pronev-programa-nacional-de-etiquetado-de-viviendas\">Programa Nacional de Etiquetado de Viviendas (PRONEV)<\/a><\/strong>. De este modo,<strong>\u00a0se suma a las 16 provincias que ya forman parte de esta estrategia,<\/strong>\u00a0algunas de ellas son C\u00f3rdoba, Santa Fe, Mendoza y Salta.<\/p>\n<p>En dicho encuentro estuvieron presentes, por el Gobierno de la Ciudad, Natalia Persini, Subsecretaria de Ambiente, Carolina Theler, Directora de Pol\u00edtica y Estrategia Ambiental, Andrea Visciglio, Gerente Operativa de Gesti\u00f3n Energ\u00e9tica y Mariano Reobo, asesor t\u00e9cnico en construcci\u00f3n y vivienda sostenible. Por el Gobierno Nacional, Antonio Milanese, Subsecretario de Transici\u00f3n y Planeamiento Energ\u00e9tico de la Secretar\u00eda de Energ\u00eda, Horacio Marcelo Risso, Director Nacional de Eficiencia Energ\u00e9tica, Paola Sandoval y Blanca Caffaro, asesoras t\u00e9cnicas en el PRONEV.<\/p>\n<p><img decoding=\"async\" loading=\"lazy\" class=\"aligncenter size-full wp-image-696627\" src=\"https:\/\/www.diario5.com.ar\/wp-content\/uploads\/2026\/02\/WhatsApp-Image-2026-02-23-at-14.34.4620260225.jpeg\" alt=\"Fotos GCBA\" width=\"700\" height=\"466\" srcset=\"https:\/\/www.diario5.com.ar\/wp-content\/uploads\/2026\/02\/WhatsApp-Image-2026-02-23-at-14.34.4620260225.jpeg 700w, https:\/\/www.diario5.com.ar\/wp-content\/uploads\/2026\/02\/WhatsApp-Image-2026-02-23-at-14.34.4620260225-300x200.jpeg 300w\" sizes=\"(max-width: 700px) 100vw, 700px\" \/><\/p>\n<p>El\u00a0<strong>objetivo del PRONEV es implementar un sistema de etiquetado de eficiencia energ\u00e9tica de viviendas unificado para todo el territorio nacional<\/strong>. Esta herramienta informa a la ciudadan\u00eda sobre el nivel de eficiencia energ\u00e9tica de una vivienda. La etiqueta permite cuantificar el requerimiento energ\u00e9tico de las mismas, independientemente de su uso, para poder compararlas entre s\u00ed bajo un criterio t\u00e9cnico estandarizado y unificado para todo el pa\u00eds.<\/p>\n<p>La Etiqueta de Eficiencia Energ\u00e9tica es un documento en el que figura una escala de letras asociada a colores desde la \u201cA\u201d (de color verde, indica mayor nivel de eficiencia energ\u00e9tica) hasta la \u201cG\u201d (de color rojo, indica menor nivel de eficiencia energ\u00e9tica), similar a las etiquetas que tienen los electrodom\u00e9sticos.<\/p>\n<p><strong>Para la Ciudad, la incorporaci\u00f3n de la etiqueta de eficiencia energ\u00e9tica en viviendas representa un avance estrat\u00e9gico en materia de sostenibilidad.<\/strong>\u00a0En primer lugar, constituye un instrumento de pol\u00edtica p\u00fablica que permite estandarizar y visibilizar el consumo energ\u00e9tico del sector residencial, facilitando el dise\u00f1o de programas de eficiencia y contribuir a la reducci\u00f3n de emisiones de gases de efecto invernadero, en l\u00ednea con los compromisos del\u00a0<a href=\"https:\/\/buenosaires.gob.ar\/gcaba_historico\/planes-de-accion-climatica-de-la-ciudad\/tercer-plan-de-accion-climatica-2050-2021-2025\">Plan de Acci\u00f3n Clim\u00e1tica 2050<\/a>.<\/p>\n<p>Por otro lado,<strong>\u00a0otorga a la ciudadan\u00eda informaci\u00f3n clara y comparable sobre el desempe\u00f1o energ\u00e9tico de sus viviendas, empoderando la toma de decisiones y generando incentivos para mejorar la calidad constructiva<\/strong>. A su vez, permite vincular dicha informaci\u00f3n con el impacto que genera en las emisiones de gases de efecto invernadero.<\/p>\n<p>La adhesi\u00f3n al Programa es voluntaria. Los vecinos que quieran recibir la etiqueta deben contactar con un etiquetador habilitado. Para m\u00e1s informaci\u00f3n enviar un mail a etiquetadodeviviendas@buenosaires.gob.ar<\/p>\n<p><img decoding=\"async\" loading=\"lazy\" class=\"aligncenter size-full wp-image-696628\" src=\"https:\/\/www.diario5.com.ar\/wp-content\/uploads\/2026\/02\/WhatsApp-Image-2026-02-23-at-14.35.1420260225.jpeg\" alt=\"Fotos GCBA\" width=\"700\" height=\"466\" srcset=\"https:\/\/www.diario5.com.ar\/wp-content\/uploads\/2026\/02\/WhatsApp-Image-2026-02-23-at-14.35.1420260225.jpeg 700w, https:\/\/www.diario5.com.ar\/wp-content\/uploads\/2026\/02\/WhatsApp-Image-2026-02-23-at-14.35.1420260225-300x200.jpeg 300w\" sizes=\"(max-width: 700px) 100vw, 700px\" \/><\/p>\n<\/div>\n<\/div>\n<\/div>\n<\/div>\n<\/div>\n<\/div>\n<\/div>\n<\/div>\n<p>&nbsp;<\/p>\n<p>&nbsp;<\/p>\n<p><img decoding=\"async\" loading=\"lazy\" class=\"aligncenter size-full wp-image-696629\" src=\"https:\/\/www.diario5.com.ar\/wp-content\/uploads\/2026\/02\/voz_chaco20260225.jpg\" width=\"700\" height=\"816\" srcset=\"https:\/\/www.diario5.com.ar\/wp-content\/uploads\/2026\/02\/voz_chaco20260225.jpg 700w, https:\/\/www.diario5.com.ar\/wp-content\/uploads\/2026\/02\/voz_chaco20260225-257x300.jpg 257w\" sizes=\"(max-width: 700px) 100vw, 700px\" \/><\/p>\n<p><img decoding=\"async\" loading=\"lazy\" class=\"aligncenter size-full wp-image-696637\" src=\"https:\/\/www.diario5.com.ar\/wp-content\/uploads\/2026\/02\/ar_cronista20260225.jpg\" width=\"700\" height=\"996\" srcset=\"https:\/\/www.diario5.com.ar\/wp-content\/uploads\/2026\/02\/ar_cronista20260225.jpg 700w, https:\/\/www.diario5.com.ar\/wp-content\/uploads\/2026\/02\/ar_cronista20260225-211x300.jpg 211w\" sizes=\"(max-width: 700px) 100vw, 700px\" \/><\/p>\n<p><img decoding=\"async\" loading=\"lazy\" class=\"aligncenter size-full wp-image-696630\" src=\"https:\/\/www.diario5.com.ar\/wp-content\/uploads\/2026\/02\/ar_eldia20260225.jpg\" width=\"700\" height=\"999\" srcset=\"https:\/\/www.diario5.com.ar\/wp-content\/uploads\/2026\/02\/ar_eldia20260225.jpg 700w, https:\/\/www.diario5.com.ar\/wp-content\/uploads\/2026\/02\/ar_eldia20260225-210x300.jpg 210w\" sizes=\"(max-width: 700px) 100vw, 700px\" \/><\/p>\n<p><img decoding=\"async\" loading=\"lazy\" class=\"aligncenter size-full wp-image-696631\" src=\"https:\/\/www.diario5.com.ar\/wp-content\/uploads\/2026\/02\/ar_chubut20260225.jpg\" width=\"700\" height=\"905\" srcset=\"https:\/\/www.diario5.com.ar\/wp-content\/uploads\/2026\/02\/ar_chubut20260225.jpg 700w, https:\/\/www.diario5.com.ar\/wp-content\/uploads\/2026\/02\/ar_chubut20260225-232x300.jpg 232w\" sizes=\"(max-width: 700px) 100vw, 700px\" \/><\/p>\n<p><img decoding=\"async\" loading=\"lazy\" class=\"aligncenter size-full wp-image-696638\" src=\"https:\/\/www.diario5.com.ar\/wp-content\/uploads\/2026\/02\/ar_clarin20260225.jpg\" width=\"700\" height=\"982\" srcset=\"https:\/\/www.diario5.com.ar\/wp-content\/uploads\/2026\/02\/ar_clarin20260225.jpg 700w, https:\/\/www.diario5.com.ar\/wp-content\/uploads\/2026\/02\/ar_clarin20260225-214x300.jpg 214w\" sizes=\"(max-width: 700px) 100vw, 700px\" \/><\/p>\n<p><img decoding=\"async\" loading=\"lazy\" class=\"aligncenter size-full wp-image-696632\" src=\"https:\/\/www.diario5.com.ar\/wp-content\/uploads\/2026\/02\/nacion20260225.jpg\" width=\"700\" height=\"1081\" srcset=\"https:\/\/www.diario5.com.ar\/wp-content\/uploads\/2026\/02\/nacion20260225.jpg 700w, https:\/\/www.diario5.com.ar\/wp-content\/uploads\/2026\/02\/nacion20260225-194x300.jpg 194w, https:\/\/www.diario5.com.ar\/wp-content\/uploads\/2026\/02\/nacion20260225-663x1024.jpg 663w\" sizes=\"(max-width: 700px) 100vw, 700px\" \/><\/p>\n<p><img decoding=\"async\" loading=\"lazy\" class=\"aligncenter size-full wp-image-696639\" src=\"https:\/\/www.diario5.com.ar\/wp-content\/uploads\/2026\/02\/ar_ancasti20260225.jpg\" width=\"700\" height=\"942\" srcset=\"https:\/\/www.diario5.com.ar\/wp-content\/uploads\/2026\/02\/ar_ancasti20260225.jpg 700w, https:\/\/www.diario5.com.ar\/wp-content\/uploads\/2026\/02\/ar_ancasti20260225-223x300.jpg 223w\" sizes=\"(max-width: 700px) 100vw, 700px\" \/><\/p>","protected":false},"excerpt":{"rendered":"<p>&nbsp; El concepto de etiquetado de viviendas apunta a saber cu\u00e1nta energ\u00eda consume una casa y qu\u00e9 tan eficiente es. Dl modo en que los electrodom\u00e9sticos tienen una etiqueta que indica si gastan m\u00e1s o menos electricidad, las viviendas pueden clasificarse seg\u00fan su nivel de eficiencia energ\u00e9tica. Esa informaci\u00f3n permite comparar, entender el impacto ambiental [&hellip;]<\/p>","protected":false},"author":5,"featured_media":696627,"comment_status":"open","ping_status":"open","sticky":false,"template":"","format":"standard","meta":[],"categories":[95,56,2903],"tags":[4903,474,4805,2065,1145,630,3242,4191,4900,934,527,4873,4902,4899,4882,3613,1631,2794,2931,4901,1952,2063,937,2382,1873,4810,3427,1874,942,943,2073,275,2493,4789,1459,2112],"series":[],"_links":{"self":[{"href":"https:\/\/www.diario5.com.ar\/es\/wp-json\/wp\/v2\/posts\/692531"}],"collection":[{"href":"https:\/\/www.diario5.com.ar\/es\/wp-json\/wp\/v2\/posts"}],"about":[{"href":"https:\/\/www.diario5.com.ar\/es\/wp-json\/wp\/v2\/types\/post"}],"author":[{"embeddable":true,"href":"https:\/\/www.diario5.com.ar\/es\/wp-json\/wp\/v2\/users\/5"}],"replies":[{"embeddable":true,"href":"https:\/\/www.diario5.com.ar\/es\/wp-json\/wp\/v2\/comments?post=692531"}],"version-history":[{"count":3,"href":"https:\/\/www.diario5.com.ar\/es\/wp-json\/wp\/v2\/posts\/692531\/revisions"}],"predecessor-version":[{"id":696640,"href":"https:\/\/www.diario5.com.ar\/es\/wp-json\/wp\/v2\/posts\/692531\/revisions\/696640"}],"wp:featuredmedia":[{"embeddable":true,"href":"https:\/\/www.diario5.com.ar\/es\/wp-json\/wp\/v2\/media\/696627"}],"wp:attachment":[{"href":"https:\/\/www.diario5.com.ar\/es\/wp-json\/wp\/v2\/media?parent=692531"}],"wp:term":[{"taxonomy":"category","embeddable":true,"href":"https:\/\/www.diario5.com.ar\/es\/wp-json\/wp\/v2\/categories?post=692531"},{"taxonomy":"post_tag","embeddable":true,"href":"https:\/\/www.diario5.com.ar\/es\/wp-json\/wp\/v2\/tags?post=692531"},{"taxonomy":"series","embeddable":true,"href":"https:\/\/www.diario5.com.ar\/es\/wp-json\/wp\/v2\/series?post=692531"}],"curies":[{"name":"wp","href":"https:\/\/api.w.org\/{rel}","templated":true}]}}