{"id":692530,"date":"2026-02-24T06:49:00","date_gmt":"2026-02-24T09:49:00","guid":{"rendered":"http:\/\/diario5.com.ar\/?p=692530"},"modified":"2026-02-24T06:51:11","modified_gmt":"2026-02-24T09:51:11","slug":"692530","status":"publish","type":"post","link":"https:\/\/www.diario5.com.ar\/es\/692530\/","title":{"rendered":"La ambig\u00fcedad"},"content":{"rendered":"<h2 class=\"sub-title-primary\"><\/h2> <p><img decoding=\"async\" loading=\"lazy\" class=\"alignnone size-full wp-image-696621\" src=\"https:\/\/www.diario5.com.ar\/wp-content\/uploads\/2026\/02\/arbol_ausente.jpg\" alt=\"\" width=\"1280\" height=\"720\" srcset=\"https:\/\/www.diario5.com.ar\/wp-content\/uploads\/2026\/02\/arbol_ausente.jpg 1280w, https:\/\/www.diario5.com.ar\/wp-content\/uploads\/2026\/02\/arbol_ausente-300x169.jpg 300w, https:\/\/www.diario5.com.ar\/wp-content\/uploads\/2026\/02\/arbol_ausente-1024x576.jpg 1024w, https:\/\/www.diario5.com.ar\/wp-content\/uploads\/2026\/02\/arbol_ausente-768x432.jpg 768w\" sizes=\"(max-width: 1280px) 100vw, 1280px\" \/><\/p>\n<p>El Gobierno porte\u00f1o anunci\u00f3 que super\u00f3 la meta anual de plantaci\u00f3n de \u00e1rboles con m\u00e1s de 16.500 ejemplares nuevos en 2025. El comunicado habla de porcentajes de cumplimiento y de un plan maestro que busca recomponer el arbolado urbano en todas las comunas. Sin embargo, la experiencia concreta muestra otra cara: en la vereda de Diario 5, tras el retiro de un \u00e1rbol seco, nunca respondieron al pedido de reposici\u00f3n.<\/p>\n<p>El contraste es evidente. Mientras se difunden cifras y porcentajes que suenan a \u00e9xito administrativo, en la pr\u00e1ctica hay lugares donde la pol\u00edtica de arbolado no llega. La falta de respuesta en casos puntuales revela que el plan puede cumplir metas en los papeles, pero no necesariamente en la vida cotidiana de los vecinos.<\/p>\n<p>La discusi\u00f3n sobre el arbolado urbano no deber\u00eda limitarse a estad\u00edsticas de plantaci\u00f3n, sino a la capacidad de atender las necesidades reales de cada barrio. Un \u00e1rbol faltante en una vereda es m\u00e1s visible para los vecinos que cualquier n\u00famero en un informe oficial.<\/p>\n<p>&nbsp;<\/p>\n<p><img decoding=\"async\" src=\"https:\/\/img.kiosko.net\/2026\/02\/24\/ar\/la_capital.jpg\" \/><\/p>\n<p><img decoding=\"async\" src=\"https:\/\/img.kiosko.net\/2026\/02\/24\/ar\/ar_nueva_provincia.jpg\" \/><\/p>\n<p><img decoding=\"async\" src=\"https:\/\/img.kiosko.net\/2026\/02\/24\/ar\/ar_ancasti.jpg\" \/><\/p>\n<p><img decoding=\"async\" src=\"https:\/\/img.kiosko.net\/2026\/02\/24\/ar\/ar_esquiu.jpg\" \/><\/p>\n<p><img decoding=\"async\" src=\"https:\/\/img.kiosko.net\/2026\/02\/24\/ar\/ar_diario_norte.jpg\" \/><\/p>\n<p><img decoding=\"async\" src=\"https:\/\/img.kiosko.net\/2026\/02\/24\/ar\/voz_chaco.jpg\" \/><\/p>\n<p><img decoding=\"async\" src=\"https:\/\/img.kiosko.net\/2026\/02\/24\/ar\/ar_diario_madryn.jpg\" \/><\/p>\n<p><img decoding=\"async\" src=\"https:\/\/img.kiosko.net\/2026\/02\/24\/ar\/ar_laprensa.jpg\" \/><\/p>\n<p><img decoding=\"async\" src=\"https:\/\/img.kiosko.net\/2026\/02\/24\/ar\/ar_cronista.jpg\" \/><\/p>\n<p><img decoding=\"async\" src=\"https:\/\/img.kiosko.net\/2026\/02\/24\/ar\/buenosaires_economico.jpg\" \/><\/p>\n<p><img decoding=\"async\" src=\"https:\/\/img.kiosko.net\/2026\/02\/24\/ar\/ar_perfil.jpg\" \/><\/p>\n<p><img decoding=\"async\" loading=\"lazy\" class=\"aligncenter size-full wp-image-696623\" src=\"https:\/\/www.diario5.com.ar\/wp-content\/uploads\/2026\/02\/ar_eldia20260224.jpg\" width=\"700\" height=\"1001\" srcset=\"https:\/\/www.diario5.com.ar\/wp-content\/uploads\/2026\/02\/ar_eldia20260224.jpg 700w, https:\/\/www.diario5.com.ar\/wp-content\/uploads\/2026\/02\/ar_eldia20260224-210x300.jpg 210w\" sizes=\"(max-width: 700px) 100vw, 700px\" \/><\/p>\n<p><img decoding=\"async\" src=\"https:\/\/img.kiosko.net\/2026\/02\/24\/ar\/ar_hoy.jpg\" \/><\/p>\n<p><img decoding=\"async\" src=\"https:\/\/img.kiosko.net\/2026\/02\/24\/ar\/ar_democracia.jpg\" \/><\/p>\n<p><img decoding=\"async\" loading=\"lazy\" class=\"aligncenter size-full wp-image-696624\" src=\"https:\/\/www.diario5.com.ar\/wp-content\/uploads\/2026\/02\/ar_chubut20260224.jpg\" width=\"700\" height=\"909\" srcset=\"https:\/\/www.diario5.com.ar\/wp-content\/uploads\/2026\/02\/ar_chubut20260224.jpg 700w, https:\/\/www.diario5.com.ar\/wp-content\/uploads\/2026\/02\/ar_chubut20260224-231x300.jpg 231w\" sizes=\"(max-width: 700px) 100vw, 700px\" \/><\/p>\n<p><img decoding=\"async\" src=\"https:\/\/img.kiosko.net\/2026\/02\/24\/ar\/ar_epoca.jpg\" \/><\/p>\n<p><img decoding=\"async\" src=\"https:\/\/img.kiosko.net\/2026\/02\/24\/ar\/ar_litoral.jpg\" \/><\/p>\n<p><img decoding=\"async\" src=\"https:\/\/img.kiosko.net\/2026\/02\/24\/ar\/ar_heraldo.jpg\" \/><\/p>\n<p><img decoding=\"async\" src=\"https:\/\/img.kiosko.net\/2026\/02\/24\/ar\/ar_manana_formosa.jpg\" \/><\/p>\n<p><img decoding=\"async\" src=\"https:\/\/img.kiosko.net\/2026\/02\/24\/ar\/ar_diario_pampa.jpg\" \/><\/p>\n<p><img decoding=\"async\" src=\"https:\/\/img.kiosko.net\/2026\/02\/24\/ar\/ar_pagina12.jpg\" \/><\/p>\n<p><img decoding=\"async\" src=\"https:\/\/img.kiosko.net\/2026\/02\/24\/ar\/ar_arena.jpg\" \/><\/p>\n<p><img decoding=\"async\" src=\"https:\/\/img.kiosko.net\/2026\/02\/24\/ar\/independiente.jpg\" \/><\/p>\n<p><img decoding=\"async\" src=\"https:\/\/img.kiosko.net\/2026\/02\/24\/ar\/nueva_rioja.jpg\" \/><\/p>\n<p><img decoding=\"async\" src=\"https:\/\/img.kiosko.net\/2026\/02\/24\/ar\/ar_losandes.jpg\" \/><\/p>\n<p><img decoding=\"async\" src=\"https:\/\/img.kiosko.net\/2026\/02\/24\/ar\/ar_tribuno.jpg\" \/><\/p>\n<p><img decoding=\"async\" src=\"https:\/\/img.kiosko.net\/2026\/02\/24\/ar\/lea.jpg\" \/><\/p>\n<p><img decoding=\"async\" src=\"https:\/\/img.kiosko.net\/2026\/02\/24\/ar\/ar_nuevo_diario.jpg\" \/><\/p>\n<p><img decoding=\"async\" src=\"https:\/\/img.kiosko.net\/2026\/02\/24\/ar\/ar_diario_cuyo.jpg\" \/><\/p>\n<p><img decoding=\"async\" src=\"https:\/\/img.kiosko.net\/2026\/02\/24\/ar\/huarpe.jpg\" \/><\/p>\n<p><img decoding=\"async\" src=\"https:\/\/img.kiosko.net\/2026\/02\/24\/ar\/ar_diario_republica.jpg\" \/><\/p>\n<p><img decoding=\"async\" src=\"https:\/\/img.kiosko.net\/2026\/02\/24\/ar\/ar_litoral_sfe.jpg\" \/><\/p>\n<p><img decoding=\"async\" src=\"https:\/\/img.kiosko.net\/2026\/02\/24\/ar\/ciudadano.jpg\" \/><\/p>\n<p><img decoding=\"async\" src=\"https:\/\/img.kiosko.net\/2026\/02\/24\/ar\/ar_mirador_provincial.jpg\" \/><\/p>\n<p><img decoding=\"async\" src=\"https:\/\/img.kiosko.net\/2026\/02\/24\/ar\/ar_gaceta.jpg\" \/><\/p>\n<p><img decoding=\"async\" src=\"https:\/\/img.kiosko.net\/2026\/02\/24\/ar\/ar_cronica.jpg\" \/><\/p>\n<p><img decoding=\"async\" src=\"https:\/\/img.kiosko.net\/2026\/02\/24\/ar\/ar_clarin.jpg\" \/><\/p>\n<p><img decoding=\"async\" src=\"https:\/\/img.kiosko.net\/2026\/02\/24\/ar\/nacion.jpg\" \/><\/p>\n<p><img decoding=\"async\" src=\"https:\/\/img.kiosko.net\/2026\/02\/24\/ar\/ar_eco.jpg\" \/><\/p>\n<p><img decoding=\"async\" src=\"https:\/\/img.kiosko.net\/2026\/02\/24\/ar\/nuevo_diario.jpg\" \/><\/p>\n<p><img decoding=\"async\" src=\"https:\/\/img.kiosko.net\/2026\/02\/24\/ar\/sureno.jpg\" \/><\/p>\n<p><img decoding=\"async\" src=\"https:\/\/img.kiosko.net\/2026\/02\/24\/ar\/ar_ancasti.jpg\" \/><\/p>\n<p><img decoding=\"async\" src=\"https:\/\/img.kiosko.net\/2026\/02\/24\/ar\/tiempo_sur.jpg\" \/><\/p>\n<p><img decoding=\"async\" src=\"https:\/\/img.kiosko.net\/2026\/02\/24\/uy\/ar\/tiempo_argentino.jpg\" \/><\/p>\n<p><img decoding=\"async\" src=\"https:\/\/img.kiosko.net\/2026\/02\/24\/ar\/ar_epoca.jpg\" \/><\/p>\n<p><img decoding=\"async\" src=\"https:\/\/img.kiosko.net\/2026\/02\/24\/ar\/ar_elsol.jpg\" \/><\/p>\n<p><img decoding=\"async\" src=\"https:\/\/img.kiosko.net\/2026\/02\/24\/ar\/ar_01.jpg\" \/><\/p>\n<p><img decoding=\"async\" src=\"https:\/\/img.kiosko.net\/2026\/02\/24\/ar\/ar_02.jpg\" \/><\/p>\n<p><img decoding=\"async\" src=\"https:\/\/img.kiosko.net\/2026\/02\/24\/ar\/ar_03.jpg\" \/><\/p>\n<p><img decoding=\"async\" src=\"https:\/\/img.kiosko.net\/2026\/02\/24\/ar\/ar_04.jpg\" \/><\/p>\n<p><img decoding=\"async\" src=\"https:\/\/img.kiosko.net\/2026\/02\/24\/ar\/ar_05.jpg\" \/><\/p>\n<p>&nbsp;<\/p>","protected":false},"excerpt":{"rendered":"<p>El Gobierno porte\u00f1o anunci\u00f3 que super\u00f3 la meta anual de plantaci\u00f3n de \u00e1rboles con m\u00e1s de 16.500 ejemplares nuevos en 2025. El comunicado habla de porcentajes de cumplimiento y de un plan maestro que busca recomponer el arbolado urbano en todas las comunas. Sin embargo, la experiencia concreta muestra otra cara: en la vereda de [&hellip;]<\/p>","protected":false},"author":5,"featured_media":696621,"comment_status":"open","ping_status":"open","sticky":false,"template":"","format":"standard","meta":[],"categories":[1795,75,95,56],"tags":[2872,3844,424,4895,630,4897,1283,2115,4893,2794,4345,4896,1860,4898,4891,4892,4810,2223,4894],"series":[],"_links":{"self":[{"href":"https:\/\/www.diario5.com.ar\/es\/wp-json\/wp\/v2\/posts\/692530"}],"collection":[{"href":"https:\/\/www.diario5.com.ar\/es\/wp-json\/wp\/v2\/posts"}],"about":[{"href":"https:\/\/www.diario5.com.ar\/es\/wp-json\/wp\/v2\/types\/post"}],"author":[{"embeddable":true,"href":"https:\/\/www.diario5.com.ar\/es\/wp-json\/wp\/v2\/users\/5"}],"replies":[{"embeddable":true,"href":"https:\/\/www.diario5.com.ar\/es\/wp-json\/wp\/v2\/comments?post=692530"}],"version-history":[{"count":2,"href":"https:\/\/www.diario5.com.ar\/es\/wp-json\/wp\/v2\/posts\/692530\/revisions"}],"predecessor-version":[{"id":696620,"href":"https:\/\/www.diario5.com.ar\/es\/wp-json\/wp\/v2\/posts\/692530\/revisions\/696620"}],"wp:featuredmedia":[{"embeddable":true,"href":"https:\/\/www.diario5.com.ar\/es\/wp-json\/wp\/v2\/media\/696621"}],"wp:attachment":[{"href":"https:\/\/www.diario5.com.ar\/es\/wp-json\/wp\/v2\/media?parent=692530"}],"wp:term":[{"taxonomy":"category","embeddable":true,"href":"https:\/\/www.diario5.com.ar\/es\/wp-json\/wp\/v2\/categories?post=692530"},{"taxonomy":"post_tag","embeddable":true,"href":"https:\/\/www.diario5.com.ar\/es\/wp-json\/wp\/v2\/tags?post=692530"},{"taxonomy":"series","embeddable":true,"href":"https:\/\/www.diario5.com.ar\/es\/wp-json\/wp\/v2\/series?post=692530"}],"curies":[{"name":"wp","href":"https:\/\/api.w.org\/{rel}","templated":true}]}}