{"id":692529,"date":"2026-02-23T06:52:00","date_gmt":"2026-02-23T09:52:00","guid":{"rendered":"http:\/\/diario5.com.ar\/?p=692529"},"modified":"2026-02-23T14:36:26","modified_gmt":"2026-02-23T17:36:26","slug":"692529","status":"publish","type":"post","link":"https:\/\/www.diario5.com.ar\/es\/692529\/","title":{"rendered":"S\u00f3lo 20 ausencias anuales"},"content":{"rendered":"<h2 class=\"sub-title-primary\"><\/h2> <p><img decoding=\"async\" loading=\"lazy\" class=\"aligncenter size-full wp-image-696607\" src=\"https:\/\/www.diario5.com.ar\/wp-content\/uploads\/2026\/02\/WhatsApp-Image-2026-02-18-at-16.16.2420260223-1.jpeg\" alt=\"JM\" width=\"700\" height=\"466\" srcset=\"https:\/\/www.diario5.com.ar\/wp-content\/uploads\/2026\/02\/WhatsApp-Image-2026-02-18-at-16.16.2420260223-1.jpeg 700w, https:\/\/www.diario5.com.ar\/wp-content\/uploads\/2026\/02\/WhatsApp-Image-2026-02-18-at-16.16.2420260223-1-300x200.jpeg 300w\" sizes=\"(max-width: 700px) 100vw, 700px\" \/><\/p>\n<p>La Ciudad de Buenos Aires decidi\u00f3 reducir la cantidad de faltas permitidas en la secundaria. Hasta ahora los estudiantes pod\u00edan faltar 25 veces en el a\u00f1o; desde este ciclo lectivo el l\u00edmite ser\u00e1 de 20, tanto en escuelas p\u00fablicas como privadas. La medida forma parte del Plan Buenos Aires Aprende y busca enfrentar el ausentismo, que seg\u00fan datos oficiales alcanza al 19,6% de los alumnos y en el 90% de los casos no tiene justificaci\u00f3n.<\/p>\n<p>El nuevo reglamento elimina las excepciones que antes permit\u00edan cierta flexibilidad y establece que, desde la segunda falta sin justificar, se notificar\u00e1 a las familias. La decisi\u00f3n impacta en unos 200 mil estudiantes y apunta a que la presencia en el aula sea m\u00e1s constante, con la idea de mejorar el rendimiento acad\u00e9mico y evitar el abandono escolar.<\/p>\n<p>&nbsp;<\/p>\n<p><!--googleoff: index--><br \/>\n<!--googleon: index--><br \/>\n<img decoding=\"async\" loading=\"lazy\" class=\"aligncenter size-full wp-image-696608\" src=\"https:\/\/www.diario5.com.ar\/wp-content\/uploads\/2026\/02\/la_capital20260223-1.jpg\" width=\"700\" height=\"941\" srcset=\"https:\/\/www.diario5.com.ar\/wp-content\/uploads\/2026\/02\/la_capital20260223-1.jpg 700w, https:\/\/www.diario5.com.ar\/wp-content\/uploads\/2026\/02\/la_capital20260223-1-223x300.jpg 223w\" sizes=\"(max-width: 700px) 100vw, 700px\" \/><\/p>\n<p><img decoding=\"async\" loading=\"lazy\" class=\"aligncenter size-full wp-image-696609\" src=\"https:\/\/www.diario5.com.ar\/wp-content\/uploads\/2026\/02\/ar_ancasti20260223-2.jpg\" width=\"700\" height=\"942\" srcset=\"https:\/\/www.diario5.com.ar\/wp-content\/uploads\/2026\/02\/ar_ancasti20260223-2.jpg 700w, https:\/\/www.diario5.com.ar\/wp-content\/uploads\/2026\/02\/ar_ancasti20260223-2-223x300.jpg 223w\" sizes=\"(max-width: 700px) 100vw, 700px\" \/><\/p>\n<p><img decoding=\"async\" loading=\"lazy\" class=\"aligncenter size-full wp-image-696610\" src=\"https:\/\/www.diario5.com.ar\/wp-content\/uploads\/2026\/02\/voz_chaco20260223-1.jpg\" width=\"700\" height=\"816\" srcset=\"https:\/\/www.diario5.com.ar\/wp-content\/uploads\/2026\/02\/voz_chaco20260223-1.jpg 700w, https:\/\/www.diario5.com.ar\/wp-content\/uploads\/2026\/02\/voz_chaco20260223-1-257x300.jpg 257w\" sizes=\"(max-width: 700px) 100vw, 700px\" \/><\/p>\n<p><img decoding=\"async\" loading=\"lazy\" class=\"aligncenter size-full wp-image-696611\" src=\"https:\/\/www.diario5.com.ar\/wp-content\/uploads\/2026\/02\/ar_cronista20260223-2.jpg\" width=\"700\" height=\"991\" srcset=\"https:\/\/www.diario5.com.ar\/wp-content\/uploads\/2026\/02\/ar_cronista20260223-2.jpg 700w, https:\/\/www.diario5.com.ar\/wp-content\/uploads\/2026\/02\/ar_cronista20260223-2-212x300.jpg 212w\" sizes=\"(max-width: 700px) 100vw, 700px\" \/><\/p>\n<p><img decoding=\"async\" loading=\"lazy\" class=\"aligncenter size-full wp-image-696612\" src=\"https:\/\/www.diario5.com.ar\/wp-content\/uploads\/2026\/02\/ar_eldia20260223-1.jpg\" width=\"700\" height=\"1001\" srcset=\"https:\/\/www.diario5.com.ar\/wp-content\/uploads\/2026\/02\/ar_eldia20260223-1.jpg 700w, https:\/\/www.diario5.com.ar\/wp-content\/uploads\/2026\/02\/ar_eldia20260223-1-210x300.jpg 210w\" sizes=\"(max-width: 700px) 100vw, 700px\" \/><\/p>\n<p><img decoding=\"async\" loading=\"lazy\" class=\"aligncenter size-full wp-image-696613\" src=\"https:\/\/www.diario5.com.ar\/wp-content\/uploads\/2026\/02\/ar_chubut20260223-1.jpg\" width=\"700\" height=\"905\" srcset=\"https:\/\/www.diario5.com.ar\/wp-content\/uploads\/2026\/02\/ar_chubut20260223-1.jpg 700w, https:\/\/www.diario5.com.ar\/wp-content\/uploads\/2026\/02\/ar_chubut20260223-1-232x300.jpg 232w\" sizes=\"(max-width: 700px) 100vw, 700px\" \/><\/p>\n<p><img decoding=\"async\" loading=\"lazy\" class=\"aligncenter size-full wp-image-696614\" src=\"https:\/\/www.diario5.com.ar\/wp-content\/uploads\/2026\/02\/ar_clarin20260223-1.jpg\" width=\"700\" height=\"975\" srcset=\"https:\/\/www.diario5.com.ar\/wp-content\/uploads\/2026\/02\/ar_clarin20260223-1.jpg 700w, https:\/\/www.diario5.com.ar\/wp-content\/uploads\/2026\/02\/ar_clarin20260223-1-215x300.jpg 215w\" sizes=\"(max-width: 700px) 100vw, 700px\" \/><\/p>\n<p><img decoding=\"async\" loading=\"lazy\" class=\"aligncenter size-full wp-image-696615\" src=\"https:\/\/www.diario5.com.ar\/wp-content\/uploads\/2026\/02\/nacion20260223-1.jpg\" width=\"700\" height=\"1083\" srcset=\"https:\/\/www.diario5.com.ar\/wp-content\/uploads\/2026\/02\/nacion20260223-1.jpg 700w, https:\/\/www.diario5.com.ar\/wp-content\/uploads\/2026\/02\/nacion20260223-1-194x300.jpg 194w, https:\/\/www.diario5.com.ar\/wp-content\/uploads\/2026\/02\/nacion20260223-1-662x1024.jpg 662w\" sizes=\"(max-width: 700px) 100vw, 700px\" \/><\/p>\n<p><img decoding=\"async\" loading=\"lazy\" class=\"aligncenter size-full wp-image-696609\" src=\"https:\/\/www.diario5.com.ar\/wp-content\/uploads\/2026\/02\/ar_ancasti20260223-2.jpg\" width=\"700\" height=\"942\" srcset=\"https:\/\/www.diario5.com.ar\/wp-content\/uploads\/2026\/02\/ar_ancasti20260223-2.jpg 700w, https:\/\/www.diario5.com.ar\/wp-content\/uploads\/2026\/02\/ar_ancasti20260223-2-223x300.jpg 223w\" sizes=\"(max-width: 700px) 100vw, 700px\" \/><\/p>","protected":false},"excerpt":{"rendered":"<p>La Ciudad de Buenos Aires decidi\u00f3 reducir la cantidad de faltas permitidas en la secundaria. Hasta ahora los estudiantes pod\u00edan faltar 25 veces en el a\u00f1o; desde este ciclo lectivo el l\u00edmite ser\u00e1 de 20, tanto en escuelas p\u00fablicas como privadas. La medida forma parte del Plan Buenos Aires Aprende y busca enfrentar el ausentismo, [&hellip;]<\/p>","protected":false},"author":5,"featured_media":696607,"comment_status":"open","ping_status":"open","sticky":false,"template":"","format":"standard","meta":[],"categories":[26,56],"tags":[4887,474,3417,630,27,2114,4228,4227,1042,4886,4882,4890,4888,4889,3873,3572],"series":[],"_links":{"self":[{"href":"https:\/\/www.diario5.com.ar\/es\/wp-json\/wp\/v2\/posts\/692529"}],"collection":[{"href":"https:\/\/www.diario5.com.ar\/es\/wp-json\/wp\/v2\/posts"}],"about":[{"href":"https:\/\/www.diario5.com.ar\/es\/wp-json\/wp\/v2\/types\/post"}],"author":[{"embeddable":true,"href":"https:\/\/www.diario5.com.ar\/es\/wp-json\/wp\/v2\/users\/5"}],"replies":[{"embeddable":true,"href":"https:\/\/www.diario5.com.ar\/es\/wp-json\/wp\/v2\/comments?post=692529"}],"version-history":[{"count":4,"href":"https:\/\/www.diario5.com.ar\/es\/wp-json\/wp\/v2\/posts\/692529\/revisions"}],"predecessor-version":[{"id":696618,"href":"https:\/\/www.diario5.com.ar\/es\/wp-json\/wp\/v2\/posts\/692529\/revisions\/696618"}],"wp:featuredmedia":[{"embeddable":true,"href":"https:\/\/www.diario5.com.ar\/es\/wp-json\/wp\/v2\/media\/696607"}],"wp:attachment":[{"href":"https:\/\/www.diario5.com.ar\/es\/wp-json\/wp\/v2\/media?parent=692529"}],"wp:term":[{"taxonomy":"category","embeddable":true,"href":"https:\/\/www.diario5.com.ar\/es\/wp-json\/wp\/v2\/categories?post=692529"},{"taxonomy":"post_tag","embeddable":true,"href":"https:\/\/www.diario5.com.ar\/es\/wp-json\/wp\/v2\/tags?post=692529"},{"taxonomy":"series","embeddable":true,"href":"https:\/\/www.diario5.com.ar\/es\/wp-json\/wp\/v2\/series?post=692529"}],"curies":[{"name":"wp","href":"https:\/\/api.w.org\/{rel}","templated":true}]}}