{"id":692528,"date":"2026-02-22T06:50:00","date_gmt":"2026-02-22T09:50:00","guid":{"rendered":"http:\/\/diario5.com.ar\/?p=692528"},"modified":"2026-02-23T00:51:10","modified_gmt":"2026-02-23T03:51:10","slug":"692528","status":"publish","type":"post","link":"https:\/\/www.diario5.com.ar\/es\/692528\/","title":{"rendered":"Fomentar uso responsable"},"content":{"rendered":"<h2 class=\"sub-title-primary\"><\/h2> <p><img decoding=\"async\" loading=\"lazy\" class=\"aligncenter size-full wp-image-696587\" src=\"https:\/\/www.diario5.com.ar\/wp-content\/uploads\/2026\/02\/IF-Article-March20260223.jpg\" width=\"700\" height=\"393\" srcset=\"https:\/\/www.diario5.com.ar\/wp-content\/uploads\/2026\/02\/IF-Article-March20260223.jpg 700w, https:\/\/www.diario5.com.ar\/wp-content\/uploads\/2026\/02\/IF-Article-March20260223-300x168.jpg 300w\" sizes=\"(max-width: 700px) 100vw, 700px\" \/><\/p>\n<p>Esta vez, el Ministerio de Educaci\u00f3n convoc\u00f3 a familias, cooperadoras y especialistas para discutir el uso de celulares en las escuelas. La reuni\u00f3n puso en debate el impacto que tiene el exceso de pantallas en la vida de chicos y adolescentes y c\u00f3mo afecta al aprendizaje, al juego y a los v\u00ednculos sociales.<\/p>\n<p>Se habl\u00f3 de la necesidad de regular el uso de dispositivos en el \u00e1mbito escolar y de construir acuerdos con las familias para acompa\u00f1ar a los estudiantes en una etapa marcada por la tecnolog\u00eda. Los participantes coincidieron en que el tiempo frente a la pantalla desplaza actividades esenciales como el deporte, la conversaci\u00f3n y la convivencia.<\/p>\n<p>El encuentro se inscribe en una agenda que busca promover un uso responsable de la tecnolog\u00eda y reforzar el trabajo conjunto entre escuela y hogar, con el objetivo de cuidar el bienestar socioemocional de los alumnos y evitar que la vida digital se convierta en un obst\u00e1culo para su desarrollo.<\/p>\n<p><img decoding=\"async\" loading=\"lazy\" class=\"aligncenter size-full wp-image-696588\" src=\"https:\/\/www.diario5.com.ar\/wp-content\/uploads\/2026\/02\/WhatsApp-Image-2026-02-19-at-15.30.2420260223.jpeg\" width=\"700\" height=\"400\" srcset=\"https:\/\/www.diario5.com.ar\/wp-content\/uploads\/2026\/02\/WhatsApp-Image-2026-02-19-at-15.30.2420260223.jpeg 700w, https:\/\/www.diario5.com.ar\/wp-content\/uploads\/2026\/02\/WhatsApp-Image-2026-02-19-at-15.30.2420260223-300x171.jpeg 300w\" sizes=\"(max-width: 700px) 100vw, 700px\" \/><\/p>\n<p>&nbsp;<\/p>\n<p><img decoding=\"async\" loading=\"lazy\" class=\"aligncenter size-full wp-image-696578\" src=\"https:\/\/www.diario5.com.ar\/wp-content\/uploads\/2026\/02\/ar_hoy20260222.jpg\" width=\"700\" height=\"926\" srcset=\"https:\/\/www.diario5.com.ar\/wp-content\/uploads\/2026\/02\/ar_hoy20260222.jpg 700w, https:\/\/www.diario5.com.ar\/wp-content\/uploads\/2026\/02\/ar_hoy20260222-227x300.jpg 227w\" sizes=\"(max-width: 700px) 100vw, 700px\" \/><\/p>\n<p><img decoding=\"async\" loading=\"lazy\" class=\"aligncenter size-full wp-image-696579\" src=\"https:\/\/www.diario5.com.ar\/wp-content\/uploads\/2026\/02\/ar_chubut20260222.jpg\" width=\"700\" height=\"906\" srcset=\"https:\/\/www.diario5.com.ar\/wp-content\/uploads\/2026\/02\/ar_chubut20260222.jpg 700w, https:\/\/www.diario5.com.ar\/wp-content\/uploads\/2026\/02\/ar_chubut20260222-232x300.jpg 232w\" sizes=\"(max-width: 700px) 100vw, 700px\" \/><\/p>\n<p>&nbsp;<\/p>\n<p><img decoding=\"async\" loading=\"lazy\" class=\"aligncenter size-full wp-image-696580\" src=\"https:\/\/www.diario5.com.ar\/wp-content\/uploads\/2026\/02\/nacion20260222.jpg\" width=\"700\" height=\"1081\" srcset=\"https:\/\/www.diario5.com.ar\/wp-content\/uploads\/2026\/02\/nacion20260222.jpg 700w, https:\/\/www.diario5.com.ar\/wp-content\/uploads\/2026\/02\/nacion20260222-194x300.jpg 194w, https:\/\/www.diario5.com.ar\/wp-content\/uploads\/2026\/02\/nacion20260222-663x1024.jpg 663w\" sizes=\"(max-width: 700px) 100vw, 700px\" \/><\/p>\n<p><img decoding=\"async\" loading=\"lazy\" class=\"aligncenter size-full wp-image-696577\" src=\"https:\/\/www.diario5.com.ar\/wp-content\/uploads\/2026\/02\/ar_ancasti20260222.jpg\" width=\"700\" height=\"950\" srcset=\"https:\/\/www.diario5.com.ar\/wp-content\/uploads\/2026\/02\/ar_ancasti20260222.jpg 700w, https:\/\/www.diario5.com.ar\/wp-content\/uploads\/2026\/02\/ar_ancasti20260222-221x300.jpg 221w\" sizes=\"(max-width: 700px) 100vw, 700px\" \/><\/p>\n<p>&nbsp;<\/p>","protected":false},"excerpt":{"rendered":"<p>Esta vez, el Ministerio de Educaci\u00f3n convoc\u00f3 a familias, cooperadoras y especialistas para discutir el uso de celulares en las escuelas. La reuni\u00f3n puso en debate el impacto que tiene el exceso de pantallas en la vida de chicos y adolescentes y c\u00f3mo afecta al aprendizaje, al juego y a los v\u00ednculos sociales. Se habl\u00f3 [&hellip;]<\/p>","protected":false},"author":5,"featured_media":696587,"comment_status":"open","ping_status":"open","sticky":false,"template":"","format":"standard","meta":[],"categories":[26,56,98],"tags":[4877,3571,4881,2375,4248,630,4883,4884,125,27,2114,1042,4882,4415,2269,3810,4879,3653,4885,1685,4880,4231],"series":[],"_links":{"self":[{"href":"https:\/\/www.diario5.com.ar\/es\/wp-json\/wp\/v2\/posts\/692528"}],"collection":[{"href":"https:\/\/www.diario5.com.ar\/es\/wp-json\/wp\/v2\/posts"}],"about":[{"href":"https:\/\/www.diario5.com.ar\/es\/wp-json\/wp\/v2\/types\/post"}],"author":[{"embeddable":true,"href":"https:\/\/www.diario5.com.ar\/es\/wp-json\/wp\/v2\/users\/5"}],"replies":[{"embeddable":true,"href":"https:\/\/www.diario5.com.ar\/es\/wp-json\/wp\/v2\/comments?post=692528"}],"version-history":[{"count":3,"href":"https:\/\/www.diario5.com.ar\/es\/wp-json\/wp\/v2\/posts\/692528\/revisions"}],"predecessor-version":[{"id":696589,"href":"https:\/\/www.diario5.com.ar\/es\/wp-json\/wp\/v2\/posts\/692528\/revisions\/696589"}],"wp:featuredmedia":[{"embeddable":true,"href":"https:\/\/www.diario5.com.ar\/es\/wp-json\/wp\/v2\/media\/696587"}],"wp:attachment":[{"href":"https:\/\/www.diario5.com.ar\/es\/wp-json\/wp\/v2\/media?parent=692528"}],"wp:term":[{"taxonomy":"category","embeddable":true,"href":"https:\/\/www.diario5.com.ar\/es\/wp-json\/wp\/v2\/categories?post=692528"},{"taxonomy":"post_tag","embeddable":true,"href":"https:\/\/www.diario5.com.ar\/es\/wp-json\/wp\/v2\/tags?post=692528"},{"taxonomy":"series","embeddable":true,"href":"https:\/\/www.diario5.com.ar\/es\/wp-json\/wp\/v2\/series?post=692528"}],"curies":[{"name":"wp","href":"https:\/\/api.w.org\/{rel}","templated":true}]}}