{"id":692526,"date":"2026-02-20T06:50:00","date_gmt":"2026-02-20T09:50:00","guid":{"rendered":"http:\/\/diario5.com.ar\/?p=692526"},"modified":"2026-02-20T06:52:42","modified_gmt":"2026-02-20T09:52:42","slug":"692526","status":"publish","type":"post","link":"https:\/\/www.diario5.com.ar\/es\/692526\/","title":{"rendered":"Debate sobre celulares en escuelas"},"content":{"rendered":"<h2 class=\"sub-title-primary\"><\/h2> <p><img decoding=\"async\" src=\"https:\/\/www.diario5.com.ar\/imgtapas\/celu_clase.jpg\" \/><\/p>\n<p>El Ministerio de Educaci\u00f3n organiz\u00f3 un encuentro con familias, cooperadoras y especialistas para discutir el uso de celulares en las escuelas. La reuni\u00f3n busc\u00f3 poner sobre la mesa un tema que atraviesa la vida cotidiana de chicos y adolescentes: el impacto del tiempo frente a las pantallas y c\u00f3mo afecta al aprendizaje, al juego y a los v\u00ednculos.<\/p>\n<p>La conversaci\u00f3n gir\u00f3 en torno a la necesidad de regular el uso de dispositivos en el \u00e1mbito escolar y de construir acuerdos con las familias para acompa\u00f1ar a los estudiantes en una etapa marcada por la tecnolog\u00eda. Los participantes coincidieron en que el exceso de pantallas desplaza actividades esenciales como el deporte, la charla y la convivencia.<\/p>\n<p>El encuentro se inscribe en una agenda m\u00e1s amplia que apunta a promover un uso responsable de la tecnolog\u00eda y a reforzar el trabajo conjunto entre escuela y hogar. La idea es que el cuidado del bienestar socioemocional de los alumnos sea parte de la pol\u00edtica educativa y no quede reducido a un problema individual.<\/p>\n<p><!--googleoff: index--><br \/>\n<!--googleon: index--><br \/>\n<img decoding=\"async\" src=\"https:\/\/img.kiosko.net\/2026\/02\/20\/ar\/la_capital.jpg\" \/><\/p>\n<p><img decoding=\"async\" src=\"https:\/\/img.kiosko.net\/2026\/02\/20\/ar\/ar_nueva_provincia.jpg\" \/><\/p>\n<p><img decoding=\"async\" loading=\"lazy\" class=\"aligncenter size-full wp-image-696556\" src=\"https:\/\/www.diario5.com.ar\/wp-content\/uploads\/2026\/02\/ar_ancasti20260220.jpg\" width=\"700\" height=\"928\" srcset=\"https:\/\/www.diario5.com.ar\/wp-content\/uploads\/2026\/02\/ar_ancasti20260220.jpg 700w, https:\/\/www.diario5.com.ar\/wp-content\/uploads\/2026\/02\/ar_ancasti20260220-226x300.jpg 226w\" sizes=\"(max-width: 700px) 100vw, 700px\" \/><\/p>\n<p><img decoding=\"async\" src=\"https:\/\/img.kiosko.net\/2026\/02\/20\/ar\/ar_esquiu.jpg\" \/><\/p>\n<p><img decoding=\"async\" src=\"https:\/\/img.kiosko.net\/2026\/02\/20\/ar\/ar_diario_norte.jpg\" \/><\/p>\n<p><img decoding=\"async\" loading=\"lazy\" class=\"aligncenter size-full wp-image-696557\" src=\"https:\/\/www.diario5.com.ar\/wp-content\/uploads\/2026\/02\/voz_chaco20260220.jpg\" width=\"700\" height=\"816\" srcset=\"https:\/\/www.diario5.com.ar\/wp-content\/uploads\/2026\/02\/voz_chaco20260220.jpg 700w, https:\/\/www.diario5.com.ar\/wp-content\/uploads\/2026\/02\/voz_chaco20260220-257x300.jpg 257w\" sizes=\"(max-width: 700px) 100vw, 700px\" \/><\/p>\n<p><img decoding=\"async\" src=\"https:\/\/img.kiosko.net\/2026\/02\/20\/ar\/ar_diario_madryn.jpg\" \/><\/p>\n<p><img decoding=\"async\" src=\"https:\/\/img.kiosko.net\/2026\/02\/20\/ar\/ar_laprensa.jpg\" \/><\/p>\n<p><img decoding=\"async\" src=\"https:\/\/img.kiosko.net\/2026\/02\/20\/ar\/ar_cronista.jpg\" \/><\/p>\n<p><img decoding=\"async\" src=\"https:\/\/img.kiosko.net\/2026\/02\/20\/ar\/buenosaires_economico.jpg\" \/><\/p>\n<p><img decoding=\"async\" src=\"https:\/\/img.kiosko.net\/2026\/02\/20\/ar\/ar_perfil.jpg\" \/><\/p>\n<p><img decoding=\"async\" loading=\"lazy\" class=\"aligncenter size-full wp-image-696558\" src=\"https:\/\/www.diario5.com.ar\/wp-content\/uploads\/2026\/02\/ar_eldia20260220.jpg\" width=\"700\" height=\"999\" srcset=\"https:\/\/www.diario5.com.ar\/wp-content\/uploads\/2026\/02\/ar_eldia20260220.jpg 700w, https:\/\/www.diario5.com.ar\/wp-content\/uploads\/2026\/02\/ar_eldia20260220-210x300.jpg 210w\" sizes=\"(max-width: 700px) 100vw, 700px\" \/><\/p>\n<p><img decoding=\"async\" loading=\"lazy\" class=\"aligncenter size-full wp-image-696559\" src=\"https:\/\/www.diario5.com.ar\/wp-content\/uploads\/2026\/02\/ar_hoy20260220.jpg\" width=\"700\" height=\"923\" srcset=\"https:\/\/www.diario5.com.ar\/wp-content\/uploads\/2026\/02\/ar_hoy20260220.jpg 700w, https:\/\/www.diario5.com.ar\/wp-content\/uploads\/2026\/02\/ar_hoy20260220-228x300.jpg 228w\" sizes=\"(max-width: 700px) 100vw, 700px\" \/><\/p>\n<p><img decoding=\"async\" src=\"https:\/\/img.kiosko.net\/2026\/02\/20\/ar\/ar_democracia.jpg\" \/><\/p>\n<p><img decoding=\"async\" loading=\"lazy\" class=\"aligncenter size-full wp-image-696560\" src=\"https:\/\/www.diario5.com.ar\/wp-content\/uploads\/2026\/02\/ar_chubut20260220.jpg\" width=\"700\" height=\"905\" srcset=\"https:\/\/www.diario5.com.ar\/wp-content\/uploads\/2026\/02\/ar_chubut20260220.jpg 700w, https:\/\/www.diario5.com.ar\/wp-content\/uploads\/2026\/02\/ar_chubut20260220-232x300.jpg 232w\" sizes=\"(max-width: 700px) 100vw, 700px\" \/><\/p>\n<p><img decoding=\"async\" src=\"https:\/\/img.kiosko.net\/2026\/02\/20\/ar\/ar_epoca.jpg\" \/><\/p>\n<p><img decoding=\"async\" src=\"https:\/\/img.kiosko.net\/2026\/02\/20\/ar\/ar_litoral.jpg\" \/><\/p>\n<p><img decoding=\"async\" src=\"https:\/\/img.kiosko.net\/2026\/02\/20\/ar\/ar_heraldo.jpg\" \/><\/p>\n<p><img decoding=\"async\" src=\"https:\/\/img.kiosko.net\/2026\/02\/20\/ar\/ar_manana_formosa.jpg\" \/><\/p>\n<p><img decoding=\"async\" src=\"https:\/\/img.kiosko.net\/2026\/02\/20\/ar\/ar_diario_pampa.jpg\" \/><\/p>\n<p><img decoding=\"async\" src=\"https:\/\/img.kiosko.net\/2026\/02\/20\/ar\/ar_pagina12.jpg\" \/><\/p>\n<p><img decoding=\"async\" src=\"https:\/\/img.kiosko.net\/2026\/02\/20\/ar\/ar_arena.jpg\" \/><\/p>\n<p><img decoding=\"async\" src=\"https:\/\/img.kiosko.net\/2026\/02\/20\/ar\/independiente.jpg\" \/><\/p>\n<p><img decoding=\"async\" src=\"https:\/\/img.kiosko.net\/2026\/02\/20\/ar\/nueva_rioja.jpg\" \/><\/p>\n<p><img decoding=\"async\" src=\"https:\/\/img.kiosko.net\/2026\/02\/20\/ar\/ar_losandes.jpg\" \/><\/p>\n<p><img decoding=\"async\" src=\"https:\/\/img.kiosko.net\/2026\/02\/20\/ar\/ar_tribuno.jpg\" \/><\/p>\n<p><img decoding=\"async\" src=\"https:\/\/img.kiosko.net\/2026\/02\/20\/ar\/lea.jpg\" \/><\/p>\n<p><img decoding=\"async\" src=\"https:\/\/img.kiosko.net\/2026\/02\/20\/ar\/ar_nuevo_diario.jpg\" \/><\/p>\n<p><img decoding=\"async\" src=\"https:\/\/img.kiosko.net\/2026\/02\/20\/ar\/ar_diario_cuyo.jpg\" \/><\/p>\n<p><img decoding=\"async\" src=\"https:\/\/img.kiosko.net\/2026\/02\/20\/ar\/huarpe.jpg\" \/><\/p>\n<p><img decoding=\"async\" src=\"https:\/\/img.kiosko.net\/2026\/02\/20\/ar\/ar_diario_republica.jpg\" \/><\/p>\n<p><img decoding=\"async\" src=\"https:\/\/img.kiosko.net\/2026\/02\/20\/ar\/ar_litoral_sfe.jpg\" \/><\/p>\n<p><img decoding=\"async\" src=\"https:\/\/img.kiosko.net\/2026\/02\/20\/ar\/ciudadano.jpg\" \/><\/p>\n<p><img decoding=\"async\" src=\"https:\/\/img.kiosko.net\/2026\/02\/20\/ar\/ar_mirador_provincial.jpg\" \/><\/p>\n<p><img decoding=\"async\" src=\"https:\/\/img.kiosko.net\/2026\/02\/20\/ar\/ar_gaceta.jpg\" \/><\/p>\n<p><img decoding=\"async\" src=\"https:\/\/img.kiosko.net\/2026\/02\/20\/ar\/ar_cronica.jpg\" \/><\/p>\n<p><img decoding=\"async\" src=\"https:\/\/img.kiosko.net\/2026\/02\/20\/ar\/ar_clarin.jpg\" \/><\/p>\n<p><img decoding=\"async\" loading=\"lazy\" class=\"aligncenter size-full wp-image-696561\" src=\"https:\/\/www.diario5.com.ar\/wp-content\/uploads\/2026\/02\/nacion20260220.jpg\" width=\"699\" height=\"1075\" srcset=\"https:\/\/www.diario5.com.ar\/wp-content\/uploads\/2026\/02\/nacion20260220.jpg 699w, https:\/\/www.diario5.com.ar\/wp-content\/uploads\/2026\/02\/nacion20260220-195x300.jpg 195w, https:\/\/www.diario5.com.ar\/wp-content\/uploads\/2026\/02\/nacion20260220-666x1024.jpg 666w\" sizes=\"(max-width: 699px) 100vw, 699px\" \/><\/p>\n<p><img decoding=\"async\" src=\"https:\/\/img.kiosko.net\/2026\/02\/20\/ar\/ar_eco.jpg\" \/><\/p>\n<p><img decoding=\"async\" src=\"https:\/\/img.kiosko.net\/2026\/02\/20\/ar\/nuevo_diario.jpg\" \/><\/p>\n<p><img decoding=\"async\" src=\"https:\/\/img.kiosko.net\/2026\/02\/20\/ar\/sureno.jpg\" \/><\/p>\n<p><img decoding=\"async\" loading=\"lazy\" class=\"aligncenter size-full wp-image-696556\" src=\"https:\/\/www.diario5.com.ar\/wp-content\/uploads\/2026\/02\/ar_ancasti20260220.jpg\" width=\"700\" height=\"928\" srcset=\"https:\/\/www.diario5.com.ar\/wp-content\/uploads\/2026\/02\/ar_ancasti20260220.jpg 700w, https:\/\/www.diario5.com.ar\/wp-content\/uploads\/2026\/02\/ar_ancasti20260220-226x300.jpg 226w\" sizes=\"(max-width: 700px) 100vw, 700px\" \/><\/p>\n<p><img decoding=\"async\" src=\"https:\/\/img.kiosko.net\/2026\/02\/20\/ar\/tiempo_sur.jpg\" \/><\/p>\n<p><img decoding=\"async\" src=\"https:\/\/img.kiosko.net\/2026\/02\/20\/uy\/ar\/tiempo_argentino.jpg\" \/><\/p>\n<p><img decoding=\"async\" src=\"https:\/\/img.kiosko.net\/2026\/02\/20\/ar\/ar_epoca.jpg\" \/><\/p>\n<p><img decoding=\"async\" src=\"https:\/\/img.kiosko.net\/2026\/02\/20\/ar\/ar_elsol.jpg\" \/><\/p>\n<p><img decoding=\"async\" src=\"https:\/\/img.kiosko.net\/2026\/02\/20\/ar\/ar_01.jpg\" \/><\/p>\n<p><img decoding=\"async\" src=\"https:\/\/img.kiosko.net\/2026\/02\/20\/ar\/ar_02.jpg\" \/><\/p>\n<p><img decoding=\"async\" src=\"https:\/\/img.kiosko.net\/2026\/02\/20\/ar\/ar_03.jpg\" \/><\/p>\n<p><img decoding=\"async\" src=\"https:\/\/img.kiosko.net\/2026\/02\/20\/ar\/ar_04.jpg\" \/><\/p>\n<p><img decoding=\"async\" src=\"https:\/\/img.kiosko.net\/2026\/02\/20\/ar\/ar_05.jpg\" \/><\/p>\n<p>&nbsp;<\/p>","protected":false},"excerpt":{"rendered":"<p>El Ministerio de Educaci\u00f3n organiz\u00f3 un encuentro con familias, cooperadoras y especialistas para discutir el uso de celulares en las escuelas. La reuni\u00f3n busc\u00f3 poner sobre la mesa un tema que atraviesa la vida cotidiana de chicos y adolescentes: el impacto del tiempo frente a las pantallas y c\u00f3mo afecta al aprendizaje, al juego y [&hellip;]<\/p>","protected":false},"author":5,"featured_media":696555,"comment_status":"open","ping_status":"open","sticky":false,"template":"","format":"standard","meta":[],"categories":[26,56,98],"tags":[4877,3571,4881,2375,4248,630,4883,4884,125,27,2114,1042,4882,4415,1860,2269,3810,4810,4857,4879,3653,4885,1685,4880,4231],"series":[],"_links":{"self":[{"href":"https:\/\/www.diario5.com.ar\/es\/wp-json\/wp\/v2\/posts\/692526"}],"collection":[{"href":"https:\/\/www.diario5.com.ar\/es\/wp-json\/wp\/v2\/posts"}],"about":[{"href":"https:\/\/www.diario5.com.ar\/es\/wp-json\/wp\/v2\/types\/post"}],"author":[{"embeddable":true,"href":"https:\/\/www.diario5.com.ar\/es\/wp-json\/wp\/v2\/users\/5"}],"replies":[{"embeddable":true,"href":"https:\/\/www.diario5.com.ar\/es\/wp-json\/wp\/v2\/comments?post=692526"}],"version-history":[{"count":2,"href":"https:\/\/www.diario5.com.ar\/es\/wp-json\/wp\/v2\/posts\/692526\/revisions"}],"predecessor-version":[{"id":696553,"href":"https:\/\/www.diario5.com.ar\/es\/wp-json\/wp\/v2\/posts\/692526\/revisions\/696553"}],"wp:featuredmedia":[{"embeddable":true,"href":"https:\/\/www.diario5.com.ar\/es\/wp-json\/wp\/v2\/media\/696555"}],"wp:attachment":[{"href":"https:\/\/www.diario5.com.ar\/es\/wp-json\/wp\/v2\/media?parent=692526"}],"wp:term":[{"taxonomy":"category","embeddable":true,"href":"https:\/\/www.diario5.com.ar\/es\/wp-json\/wp\/v2\/categories?post=692526"},{"taxonomy":"post_tag","embeddable":true,"href":"https:\/\/www.diario5.com.ar\/es\/wp-json\/wp\/v2\/tags?post=692526"},{"taxonomy":"series","embeddable":true,"href":"https:\/\/www.diario5.com.ar\/es\/wp-json\/wp\/v2\/series?post=692526"}],"curies":[{"name":"wp","href":"https:\/\/api.w.org\/{rel}","templated":true}]}}