{"id":692525,"date":"2026-02-19T06:51:00","date_gmt":"2026-02-19T09:51:00","guid":{"rendered":"http:\/\/diario5.com.ar\/?p=692525"},"modified":"2026-02-19T06:54:31","modified_gmt":"2026-02-19T09:54:31","slug":"692525","status":"publish","type":"post","link":"https:\/\/www.diario5.com.ar\/es\/692525\/","title":{"rendered":"Ecolog\u00eda y barrio"},"content":{"rendered":"<h2 class=\"sub-title-primary\">Con el cronograma a mano y memorizado, los resultados de la ayuda de los Puntos Verdes M\u00f3viles pueden crecer.<\/h2> <h2><img decoding=\"async\" loading=\"lazy\" class=\"aligncenter size-full wp-image-696544\" src=\"https:\/\/www.diario5.com.ar\/wp-content\/uploads\/2026\/02\/Cooking-oil-20260219.jpg\" width=\"699\" height=\"460\" srcset=\"https:\/\/www.diario5.com.ar\/wp-content\/uploads\/2026\/02\/Cooking-oil-20260219.jpg 699w, https:\/\/www.diario5.com.ar\/wp-content\/uploads\/2026\/02\/Cooking-oil-20260219-300x197.jpg 300w\" sizes=\"(max-width: 699px) 100vw, 699px\" \/><\/h2>\n<p>Adem\u00e1s de los puntos fijos, en la Ciudad de Buenos Aires\u00a0 los <strong>Puntos Verdes M\u00f3viles (PVM)<\/strong> recorren las comunas para acercar la recolecci\u00f3n de residuos especiales a cada barrio. Estos m\u00f3viles permiten que los vecinos dispongan de un servicio cercano y rotativo, evitando que tengan que trasladarse largas distancias.<\/p>\n<p>En los PVM se reciben residuos que no deben ir a la basura com\u00fan, como peque\u00f1os aparatos el\u00e9ctricos y electr\u00f3nicos, pilas, l\u00e1mparas, aceite vegetal usado y cartuchos de tinta. Al recolectarlos de manera diferenciada, se evita que contaminen el suelo y el agua, y se promueve su reciclaje o disposici\u00f3n segura. La iniciativa busca fomentar h\u00e1bitos responsables y facilitar la participaci\u00f3n ciudadana en la gesti\u00f3n ambiental.<\/p>\n<p>Recordamos el cronograma:<\/p>\n<p><strong>COMUNA 1<\/strong> Retiro: Mi\u00e9rcoles de 9 a 13 h \u2013 Plaza Libertad (Cerrito y Marcelo T. de Alvear).<\/p>\n<p><strong>COMUNA 2<\/strong> Recoleta: Jueves de 9 a 13 h \u2013 Parque Vicente L\u00f3pez y Planes (Paran\u00e1 y Juncal).<\/p>\n<p><strong>COMUNA 3<\/strong> Balvanera: S\u00e1bados de 9 a 13 h \u2013 Plaza Primero de Mayo (Hip\u00f3lito Yrigoyen entre Pasco y Pichincha).<\/p>\n<p><strong>COMUNA 4<\/strong> Parque Patricios: Mi\u00e9rcoles de 9 a 13 h \u2013 Parque Patricios (Monteagudo y Patagones). <em>Cancelado.<\/em><\/p>\n<p><strong>COMUNA 5<\/strong> Boedo: Lunes de 9 a 13 h \u2013 FIAB Boedo (S\u00e1nchez de Loria 1000 entre Carlos Calvo y Estados Unidos).<\/p>\n<p><strong>COMUNA 6<\/strong> Caballito: Martes de 9 a 13 h \u2013 Plaza Irlanda (Av. Gaona y Segu\u00ed).<\/p>\n<p><strong>COMUNA 7<\/strong> Parque Chacabuco: Domingos de 9 a 17 h \u2013 Parque Chacabuco (Av. Asamblea y Emilio Mitre).<\/p>\n<p><strong>COMUNA 8<\/strong> Villa Riachuelo: Viernes de 9 a 13 h \u2013 Plaza Sudamericana (Av. Piedra Buena y Av. de la Cruz).<\/p>\n<p><strong>COMUNA 9<\/strong> Parque Avellaneda: Martes de 9 a 13 h \u2013 Parque Avellaneda (Av. Directorio y Lacarra).<\/p>\n<p><strong>COMUNA 10<\/strong> Villa Luro: Jueves de 9 a 13 h \u2013 Plaza Ej\u00e9rcito de los Andes (FIAB).<\/p>\n<p><strong>COMUNA 11<\/strong> Villa Devoto: S\u00e1bados de 14 a 17 h \u2013 Parque Tte. Gral. Pablo Ricchieri (Quevedo entre P. Varela y Beir\u00f3).<\/p>\n<p><strong>COMUNA 12<\/strong> Saavedra: Domingos de 14 a 17 h \u2013 Parque Saavedra (Av. Garc\u00eda del R\u00edo y Pinto).<\/p>\n<p><strong>COMUNA 13<\/strong> N\u00fa\u00f1ez: Domingos de 9 a 13 h \u2013 Plaza Balcarce (Manzanares y Vuelta de Obligado).<\/p>\n<p><strong>COMUNA 14<\/strong> Palermo: S\u00e1bados de 9 a 17 h \u2013 Plaza Armenia (Nicaragua y Malabia).<\/p>\n<p><strong>COMUNA 15<\/strong> Parque Chas: Viernes de 9 a 13 h \u2013 Plaza Dr. Alfredo Nobel (Hamburgo 3300 entre Bucarest y Burela).<\/p>\n<p><!--googleoff: index--><br \/>\n<!--googleon: index--><br \/>\n<img decoding=\"async\" src=\"https:\/\/img.kiosko.net\/2026\/02\/19\/ar\/la_capital.jpg\" \/><\/p>\n<p><img decoding=\"async\" src=\"https:\/\/img.kiosko.net\/2026\/02\/19\/ar\/ar_nueva_provincia.jpg\" \/><\/p>\n<p><img decoding=\"async\" loading=\"lazy\" class=\"aligncenter size-full wp-image-696545\" src=\"https:\/\/www.diario5.com.ar\/wp-content\/uploads\/2026\/02\/ar_ancasti20260219.jpg\" width=\"700\" height=\"942\" srcset=\"https:\/\/www.diario5.com.ar\/wp-content\/uploads\/2026\/02\/ar_ancasti20260219.jpg 700w, https:\/\/www.diario5.com.ar\/wp-content\/uploads\/2026\/02\/ar_ancasti20260219-223x300.jpg 223w\" sizes=\"(max-width: 700px) 100vw, 700px\" \/><\/p>\n<p><img decoding=\"async\" src=\"https:\/\/img.kiosko.net\/2026\/02\/19\/ar\/ar_esquiu.jpg\" \/><\/p>\n<p><img decoding=\"async\" src=\"https:\/\/img.kiosko.net\/2026\/02\/19\/ar\/ar_diario_norte.jpg\" \/><\/p>\n<p><img decoding=\"async\" loading=\"lazy\" class=\"aligncenter size-full wp-image-696546\" src=\"https:\/\/www.diario5.com.ar\/wp-content\/uploads\/2026\/02\/voz_chaco20260219.jpg\" width=\"700\" height=\"816\" srcset=\"https:\/\/www.diario5.com.ar\/wp-content\/uploads\/2026\/02\/voz_chaco20260219.jpg 700w, https:\/\/www.diario5.com.ar\/wp-content\/uploads\/2026\/02\/voz_chaco20260219-257x300.jpg 257w\" sizes=\"(max-width: 700px) 100vw, 700px\" \/><\/p>\n<p><img decoding=\"async\" src=\"https:\/\/img.kiosko.net\/2026\/02\/19\/ar\/ar_diario_madryn.jpg\" \/><\/p>\n<p><img decoding=\"async\" src=\"https:\/\/img.kiosko.net\/2026\/02\/19\/ar\/ar_laprensa.jpg\" \/><\/p>\n<p><img decoding=\"async\" loading=\"lazy\" class=\"aligncenter size-full wp-image-696547\" src=\"https:\/\/www.diario5.com.ar\/wp-content\/uploads\/2026\/02\/ar_cronista20260219.jpg\" width=\"700\" height=\"994\" srcset=\"https:\/\/www.diario5.com.ar\/wp-content\/uploads\/2026\/02\/ar_cronista20260219.jpg 700w, https:\/\/www.diario5.com.ar\/wp-content\/uploads\/2026\/02\/ar_cronista20260219-211x300.jpg 211w\" sizes=\"(max-width: 700px) 100vw, 700px\" \/><\/p>\n<p><img decoding=\"async\" src=\"https:\/\/img.kiosko.net\/2026\/02\/19\/ar\/buenosaires_economico.jpg\" \/><\/p>\n<p><img decoding=\"async\" src=\"https:\/\/img.kiosko.net\/2026\/02\/19\/ar\/ar_perfil.jpg\" \/><\/p>\n<p><img decoding=\"async\" loading=\"lazy\" class=\"aligncenter size-full wp-image-696548\" src=\"https:\/\/www.diario5.com.ar\/wp-content\/uploads\/2026\/02\/ar_eldia20260219.jpg\" width=\"700\" height=\"981\" srcset=\"https:\/\/www.diario5.com.ar\/wp-content\/uploads\/2026\/02\/ar_eldia20260219.jpg 700w, https:\/\/www.diario5.com.ar\/wp-content\/uploads\/2026\/02\/ar_eldia20260219-214x300.jpg 214w\" sizes=\"(max-width: 700px) 100vw, 700px\" \/><\/p>\n<p><img decoding=\"async\" loading=\"lazy\" class=\"aligncenter size-full wp-image-696549\" src=\"https:\/\/www.diario5.com.ar\/wp-content\/uploads\/2026\/02\/ar_hoy20260219.jpg\" width=\"700\" height=\"912\" srcset=\"https:\/\/www.diario5.com.ar\/wp-content\/uploads\/2026\/02\/ar_hoy20260219.jpg 700w, https:\/\/www.diario5.com.ar\/wp-content\/uploads\/2026\/02\/ar_hoy20260219-230x300.jpg 230w\" sizes=\"(max-width: 700px) 100vw, 700px\" \/><\/p>\n<p><img decoding=\"async\" src=\"https:\/\/img.kiosko.net\/2026\/02\/19\/ar\/ar_democracia.jpg\" \/><\/p>\n<p><img decoding=\"async\" loading=\"lazy\" class=\"aligncenter size-full wp-image-696550\" src=\"https:\/\/www.diario5.com.ar\/wp-content\/uploads\/2026\/02\/ar_chubut20260219.jpg\" width=\"700\" height=\"909\" srcset=\"https:\/\/www.diario5.com.ar\/wp-content\/uploads\/2026\/02\/ar_chubut20260219.jpg 700w, https:\/\/www.diario5.com.ar\/wp-content\/uploads\/2026\/02\/ar_chubut20260219-231x300.jpg 231w\" sizes=\"(max-width: 700px) 100vw, 700px\" \/><\/p>\n<p><img decoding=\"async\" src=\"https:\/\/img.kiosko.net\/2026\/02\/19\/ar\/ar_epoca.jpg\" \/><\/p>\n<p><img decoding=\"async\" src=\"https:\/\/img.kiosko.net\/2026\/02\/19\/ar\/ar_litoral.jpg\" \/><\/p>\n<p><img decoding=\"async\" src=\"https:\/\/img.kiosko.net\/2026\/02\/19\/ar\/ar_heraldo.jpg\" \/><\/p>\n<p><img decoding=\"async\" src=\"https:\/\/img.kiosko.net\/2026\/02\/19\/ar\/ar_manana_formosa.jpg\" \/><\/p>\n<p><img decoding=\"async\" src=\"https:\/\/img.kiosko.net\/2026\/02\/19\/ar\/ar_diario_pampa.jpg\" \/><\/p>\n<p><img decoding=\"async\" src=\"https:\/\/img.kiosko.net\/2026\/02\/19\/ar\/ar_pagina12.jpg\" \/><\/p>\n<p><img decoding=\"async\" src=\"https:\/\/img.kiosko.net\/2026\/02\/19\/ar\/ar_arena.jpg\" \/><\/p>\n<p><img decoding=\"async\" src=\"https:\/\/img.kiosko.net\/2026\/02\/19\/ar\/independiente.jpg\" \/><\/p>\n<p><img decoding=\"async\" src=\"https:\/\/img.kiosko.net\/2026\/02\/19\/ar\/nueva_rioja.jpg\" \/><\/p>\n<p><img decoding=\"async\" src=\"https:\/\/img.kiosko.net\/2026\/02\/19\/ar\/ar_losandes.jpg\" \/><\/p>\n<p><img decoding=\"async\" src=\"https:\/\/img.kiosko.net\/2026\/02\/19\/ar\/ar_tribuno.jpg\" \/><\/p>\n<p><img decoding=\"async\" src=\"https:\/\/img.kiosko.net\/2026\/02\/19\/ar\/lea.jpg\" \/><\/p>\n<p><img decoding=\"async\" src=\"https:\/\/img.kiosko.net\/2026\/02\/19\/ar\/ar_nuevo_diario.jpg\" \/><\/p>\n<p><img decoding=\"async\" src=\"https:\/\/img.kiosko.net\/2026\/02\/19\/ar\/ar_diario_cuyo.jpg\" \/><\/p>\n<p><img decoding=\"async\" src=\"https:\/\/img.kiosko.net\/2026\/02\/19\/ar\/huarpe.jpg\" \/><\/p>\n<p><img decoding=\"async\" src=\"https:\/\/img.kiosko.net\/2026\/02\/19\/ar\/ar_diario_republica.jpg\" \/><\/p>\n<p><img decoding=\"async\" src=\"https:\/\/img.kiosko.net\/2026\/02\/19\/ar\/ar_litoral_sfe.jpg\" \/><\/p>\n<p><img decoding=\"async\" src=\"https:\/\/img.kiosko.net\/2026\/02\/19\/ar\/ciudadano.jpg\" \/><\/p>\n<p><img decoding=\"async\" src=\"https:\/\/img.kiosko.net\/2026\/02\/19\/ar\/ar_mirador_provincial.jpg\" \/><\/p>\n<p><img decoding=\"async\" src=\"https:\/\/img.kiosko.net\/2026\/02\/19\/ar\/ar_gaceta.jpg\" \/><\/p>\n<p><img decoding=\"async\" src=\"https:\/\/img.kiosko.net\/2026\/02\/19\/ar\/ar_cronica.jpg\" \/><\/p>\n<p><img decoding=\"async\" src=\"https:\/\/img.kiosko.net\/2026\/02\/19\/ar\/ar_clarin.jpg\" \/><\/p>\n<p><img decoding=\"async\" loading=\"lazy\" class=\"aligncenter size-full wp-image-696551\" src=\"https:\/\/www.diario5.com.ar\/wp-content\/uploads\/2026\/02\/nacion20260219.jpg\" width=\"700\" height=\"1082\" srcset=\"https:\/\/www.diario5.com.ar\/wp-content\/uploads\/2026\/02\/nacion20260219.jpg 700w, https:\/\/www.diario5.com.ar\/wp-content\/uploads\/2026\/02\/nacion20260219-194x300.jpg 194w, https:\/\/www.diario5.com.ar\/wp-content\/uploads\/2026\/02\/nacion20260219-662x1024.jpg 662w\" sizes=\"(max-width: 700px) 100vw, 700px\" \/><\/p>\n<p><img decoding=\"async\" src=\"https:\/\/img.kiosko.net\/2026\/02\/19\/ar\/ar_eco.jpg\" \/><\/p>\n<p><img decoding=\"async\" src=\"https:\/\/img.kiosko.net\/2026\/02\/19\/ar\/nuevo_diario.jpg\" \/><\/p>\n<p><img decoding=\"async\" src=\"https:\/\/img.kiosko.net\/2026\/02\/19\/ar\/sureno.jpg\" \/><\/p>\n<p><img decoding=\"async\" loading=\"lazy\" class=\"aligncenter size-full wp-image-696545\" src=\"https:\/\/www.diario5.com.ar\/wp-content\/uploads\/2026\/02\/ar_ancasti20260219.jpg\" width=\"700\" height=\"942\" srcset=\"https:\/\/www.diario5.com.ar\/wp-content\/uploads\/2026\/02\/ar_ancasti20260219.jpg 700w, https:\/\/www.diario5.com.ar\/wp-content\/uploads\/2026\/02\/ar_ancasti20260219-223x300.jpg 223w\" sizes=\"(max-width: 700px) 100vw, 700px\" \/><\/p>\n<p><img decoding=\"async\" src=\"https:\/\/img.kiosko.net\/2026\/02\/19\/ar\/tiempo_sur.jpg\" \/><\/p>\n<p><img decoding=\"async\" src=\"https:\/\/img.kiosko.net\/2026\/02\/19\/uy\/ar\/tiempo_argentino.jpg\" \/><\/p>\n<p><img decoding=\"async\" src=\"https:\/\/img.kiosko.net\/2026\/02\/19\/ar\/ar_epoca.jpg\" \/><\/p>\n<p><img decoding=\"async\" src=\"https:\/\/img.kiosko.net\/2026\/02\/19\/ar\/ar_elsol.jpg\" \/><\/p>\n<p><img decoding=\"async\" src=\"https:\/\/img.kiosko.net\/2026\/02\/19\/ar\/ar_01.jpg\" \/><\/p>\n<p><img decoding=\"async\" src=\"https:\/\/img.kiosko.net\/2026\/02\/19\/ar\/ar_02.jpg\" \/><\/p>\n<p><img decoding=\"async\" src=\"https:\/\/img.kiosko.net\/2026\/02\/19\/ar\/ar_03.jpg\" \/><\/p>\n<p><img decoding=\"async\" src=\"https:\/\/img.kiosko.net\/2026\/02\/19\/ar\/ar_04.jpg\" \/><\/p>\n<p><img decoding=\"async\" src=\"https:\/\/img.kiosko.net\/2026\/02\/19\/ar\/ar_05.jpg\" \/><\/p>\n<p>&nbsp;<\/p>","protected":false},"excerpt":{"rendered":"<p>Con el cronograma a mano y memorizado, los resultados de la ayuda de los Puntos Verdes M\u00f3viles pueden crecer. Adem\u00e1s de los puntos fijos, en la Ciudad de Buenos Aires\u00a0 los Puntos Verdes M\u00f3viles (PVM) recorren las comunas para acercar la recolecci\u00f3n de residuos especiales a cada barrio. Estos m\u00f3viles permiten que los vecinos dispongan [&hellip;]<\/p>","protected":false},"author":5,"featured_media":696544,"comment_status":"open","ping_status":"open","sticky":false,"template":"","format":"standard","meta":[],"categories":[95,2020,56],"tags":[126,367,957,959,474,2708,630,3686,3167,3168,2399,564,3790,994,4791,3856,4874,2529,2060,2063,1362,939,3895,960,3969,4788,4350,2021,2426,4300,4790,2223,1043,2401,4789,1083,2351,4233,1713,2260],"series":[],"_links":{"self":[{"href":"https:\/\/www.diario5.com.ar\/es\/wp-json\/wp\/v2\/posts\/692525"}],"collection":[{"href":"https:\/\/www.diario5.com.ar\/es\/wp-json\/wp\/v2\/posts"}],"about":[{"href":"https:\/\/www.diario5.com.ar\/es\/wp-json\/wp\/v2\/types\/post"}],"author":[{"embeddable":true,"href":"https:\/\/www.diario5.com.ar\/es\/wp-json\/wp\/v2\/users\/5"}],"replies":[{"embeddable":true,"href":"https:\/\/www.diario5.com.ar\/es\/wp-json\/wp\/v2\/comments?post=692525"}],"version-history":[{"count":2,"href":"https:\/\/www.diario5.com.ar\/es\/wp-json\/wp\/v2\/posts\/692525\/revisions"}],"predecessor-version":[{"id":696209,"href":"https:\/\/www.diario5.com.ar\/es\/wp-json\/wp\/v2\/posts\/692525\/revisions\/696209"}],"wp:featuredmedia":[{"embeddable":true,"href":"https:\/\/www.diario5.com.ar\/es\/wp-json\/wp\/v2\/media\/696544"}],"wp:attachment":[{"href":"https:\/\/www.diario5.com.ar\/es\/wp-json\/wp\/v2\/media?parent=692525"}],"wp:term":[{"taxonomy":"category","embeddable":true,"href":"https:\/\/www.diario5.com.ar\/es\/wp-json\/wp\/v2\/categories?post=692525"},{"taxonomy":"post_tag","embeddable":true,"href":"https:\/\/www.diario5.com.ar\/es\/wp-json\/wp\/v2\/tags?post=692525"},{"taxonomy":"series","embeddable":true,"href":"https:\/\/www.diario5.com.ar\/es\/wp-json\/wp\/v2\/series?post=692525"}],"curies":[{"name":"wp","href":"https:\/\/api.w.org\/{rel}","templated":true}]}}