{"id":692510,"date":"2026-02-04T06:53:00","date_gmt":"2026-02-04T09:52:00","guid":{"rendered":"http:\/\/diario5.com.ar\/?p=692510"},"modified":"2026-02-04T16:38:36","modified_gmt":"2026-02-04T19:38:36","slug":"692510","status":"publish","type":"post","link":"https:\/\/www.diario5.com.ar\/es\/692510\/","title":{"rendered":"Abarcar m\u00e1s"},"content":{"rendered":"<h2 class=\"sub-title-primary\">La Agencia de Habilidades para el Futuro se presenta como un puente entre la educaci\u00f3n y el trabajo. Los planes abarcan capacitaci\u00f3n t\u00e9cnica y formaciones m\u00faltiples, incluida la acad\u00e9mica superior. Es una apuesta. Nos preguntamos \u00bfconstruye esto un futuro m\u00e1s inclusivo? Nos respondemos: aporta mucho. Entendemos que el derecho de cada persona de poder capacitarse, crecer y alcanzar sus metas tiene en programas como \u00e9ste, un camino m\u00e1s iluminado que el del asistencialismo ciego.<\/h2> <p><img decoding=\"async\" src=\"https:\/\/www.diario5.com.ar\/imgtapas\/taller:ctro_simulacion.jpg\" \/><\/p>\n<p>Completaremos hoy el anticipo de Diario 5 de s\u00e1bado 31 de enero respecto de que la Ciudad de Buenos Aires impulsa, a trav\u00e9s de la Agencia de Habilidades para el Futuro, una pol\u00edtica educativa para \u00abredondear\u00bb formaciones y ampliar las oportunidades empleo para j\u00f3venes y adultos.<\/p>\n<p>Suman m\u00e1s de 670 propuestas educativas. La oferta incluye cursos, capacitaciones laborales y carreras terciarias. Quiz\u00e1s las redes sociales deber\u00edan amplificar el posible efecto de este llamado. Ser\u00eda tonto no ver que hay una gran cantidad de personas que no parecen estar dispuestas a aprovecharlas para su desarrollo personal, porque -sencillamente- \u00abno la ven\u00bb.<\/p>\n<p>Ahora, bien: \u00bfQu\u00e9 corresponde hacer?<\/p>\n<p>\u00bfPedir la restauraci\u00f3n del asistencialismo puro y duro?<\/p>\n<p>\u00bfO los que est\u00e1n en condiciones de hacerlo, pues, asumir el nuevo tiempo?<\/p>\n<p>No es una noticia que el mercado laboral es cada vez m\u00e1s competitivo. La empleabilidad tiene una tasa que a\u00fan no cambia y Es baj\u00edsimia.\u00a0 \u00bfCambiar\u00eda si la ley sobre la vida laboral que se impulsa desde el gobierno prosperara? A nadie le gusta dar una respuesta a semejante pregunta, sabiendo que los cap\u00edtulos que se deber\u00e1n atravesar para obtener resultados satisfactorios no se condicen con la versi\u00f3n que dice que tal normativa lo har\u00eda, m\u00e1gicamente, todo. Aclarada tal conducta universal, a nosotros tampoco nos gusta hacerlo.<\/p>\n<p>Desde algunos sectores vociferan que la situaci\u00f3n social general va rumbo a empeorar porque el Estado ya no cumple los mismos roles que antes, cuando cubr\u00eda con asistencia muchos de los agujeros de la econom\u00eda, la cultura y la vida de las personas.<\/p>\n<p>La posibilidad de una formaci\u00f3n profesional debe ser aprovechada por quienes ven que el futuro les queda algo lejos. Incluso aqu\u00ed flota la solidaridad que podr\u00eda erigirse en quienes conforman el entorno de alguien que -a ojos vista- necesite entrar en este programa. Y no hay dudas de que s\u00ed, efectivamente, se comparar\u00eda con ese apoyo\u00a0 que les dan cuando los ven sumergidos en adicciones o \u00e1mbitos delictivos,\u00a0 antesalas naturales a depresiones, agresiones y decenas de rutas al abtimiento personal.<\/p>\n<p>El plan de estudios promete herramientas concretas para mejorar las pr\u00e1cticas de trabajo y \u00abactualizar competencias\u00bb. En paralelo, el programa <em>Talento Tech<\/em> ofrece cursos gratuitos de programaci\u00f3n y tecnolog\u00eda. Esta \u00e1rea es tentadora, pero la puerta al mundo digital superior -el del trabajo inform\u00e1tico y no el saber operar un celular o una <em>Play Station-<\/em>\u00a0es para quienes desean iniciarse o perfeccionarse en ese campo.<\/p>\n<p>A ver las madres, las parejas y los\u00a0 buenos amigos: si en este momento se est\u00e1n enterando de que la iniciativa <em>Constru\u00ed tu futuro<\/em> propone recursos interactivos y tests personalizados para que cada persona pueda descubrir sus intereses y competencias, ya deber\u00edan estar estimulando a sus sres queridos.<\/p>\n<p>Hay m\u00e1s: <em>SecundarT<\/em> es para que mayores de 25 a\u00f1os que trabajan, terminen el secundario <em>con orientaci\u00f3n laboral<\/em>. \u00bfMejor imposible? No lo sabemos. Pero es una buena oportunidad. Lo m\u00e1s conocido hasta ahora era la Educaci\u00f3n Profesional Secundaria (EPS) para estudiantes de 15 a 18 a\u00f1os, que combina la finalizaci\u00f3n de la escuela con formaci\u00f3n profesional.<\/p>\n<p>Ahora todos quedan abarcados.<\/p>\n<p>\u00bfY se puede ir por m\u00e1s a\u00fan?<\/p>\n<p>Insistimos: la solidaridad es la difusi\u00f3n de la posibilidad de educar en el siglo XXI, la eEl Centro de Simulaci\u00f3n (CETESAL) utiliza simuladores de realidad virtual y f\u00edsicos para estas pr\u00e1cticas de profesionalizaci\u00f3n. A esto se suma el programa Ciudad Biling\u00fce, que ofrece cursos gratuitos de ingl\u00e9s en modalidad online y asincr\u00f3nica, y Licenciate BA, pensado para quienes terminaron una tecnicatura en instituciones estatales y sue\u00f1an con obtener un t\u00edtulo universitario.<\/p>\n<p>&nbsp;<\/p>\n<p><img decoding=\"async\" loading=\"lazy\" class=\"aligncenter size-full wp-image-696412\" src=\"https:\/\/www.diario5.com.ar\/wp-content\/uploads\/2026\/02\/voz_chaco20260204.jpg\" width=\"700\" height=\"815\" srcset=\"https:\/\/www.diario5.com.ar\/wp-content\/uploads\/2026\/02\/voz_chaco20260204.jpg 700w, https:\/\/www.diario5.com.ar\/wp-content\/uploads\/2026\/02\/voz_chaco20260204-258x300.jpg 258w\" sizes=\"(max-width: 700px) 100vw, 700px\" \/><\/p>\n<p><img decoding=\"async\" loading=\"lazy\" class=\"aligncenter size-full wp-image-696413\" src=\"https:\/\/www.diario5.com.ar\/wp-content\/uploads\/2026\/02\/ar_cronista20260204.jpg\" width=\"700\" height=\"990\" srcset=\"https:\/\/www.diario5.com.ar\/wp-content\/uploads\/2026\/02\/ar_cronista20260204.jpg 700w, https:\/\/www.diario5.com.ar\/wp-content\/uploads\/2026\/02\/ar_cronista20260204-212x300.jpg 212w\" sizes=\"(max-width: 700px) 100vw, 700px\" \/><\/p>\n<p><img decoding=\"async\" loading=\"lazy\" class=\"aligncenter size-full wp-image-696414\" src=\"https:\/\/www.diario5.com.ar\/wp-content\/uploads\/2026\/02\/ar_eldia20260204.jpg\" width=\"700\" height=\"1005\" srcset=\"https:\/\/www.diario5.com.ar\/wp-content\/uploads\/2026\/02\/ar_eldia20260204.jpg 700w, https:\/\/www.diario5.com.ar\/wp-content\/uploads\/2026\/02\/ar_eldia20260204-209x300.jpg 209w\" sizes=\"(max-width: 700px) 100vw, 700px\" \/><\/p>\n<p><img decoding=\"async\" loading=\"lazy\" class=\"aligncenter size-full wp-image-696415\" src=\"https:\/\/www.diario5.com.ar\/wp-content\/uploads\/2026\/02\/ar_chubut20260204.jpg\" width=\"700\" height=\"908\" srcset=\"https:\/\/www.diario5.com.ar\/wp-content\/uploads\/2026\/02\/ar_chubut20260204.jpg 700w, https:\/\/www.diario5.com.ar\/wp-content\/uploads\/2026\/02\/ar_chubut20260204-231x300.jpg 231w\" sizes=\"(max-width: 700px) 100vw, 700px\" \/><\/p>\n<p><img decoding=\"async\" loading=\"lazy\" class=\"aligncenter size-full wp-image-696418\" src=\"https:\/\/www.diario5.com.ar\/wp-content\/uploads\/2026\/02\/ar_clarin20260204.jpg\" width=\"700\" height=\"964\" srcset=\"https:\/\/www.diario5.com.ar\/wp-content\/uploads\/2026\/02\/ar_clarin20260204.jpg 700w, https:\/\/www.diario5.com.ar\/wp-content\/uploads\/2026\/02\/ar_clarin20260204-218x300.jpg 218w\" sizes=\"(max-width: 700px) 100vw, 700px\" \/><\/p>\n<p><img decoding=\"async\" loading=\"lazy\" class=\"aligncenter size-full wp-image-696416\" src=\"https:\/\/www.diario5.com.ar\/wp-content\/uploads\/2026\/02\/nacion20260204.jpg\" width=\"700\" height=\"1082\" srcset=\"https:\/\/www.diario5.com.ar\/wp-content\/uploads\/2026\/02\/nacion20260204.jpg 700w, https:\/\/www.diario5.com.ar\/wp-content\/uploads\/2026\/02\/nacion20260204-194x300.jpg 194w, https:\/\/www.diario5.com.ar\/wp-content\/uploads\/2026\/02\/nacion20260204-662x1024.jpg 662w\" sizes=\"(max-width: 700px) 100vw, 700px\" \/><\/p>\n<p><img decoding=\"async\" loading=\"lazy\" class=\"aligncenter size-full wp-image-696411\" src=\"https:\/\/www.diario5.com.ar\/wp-content\/uploads\/2026\/02\/ar_ancasti20260204.jpg\" width=\"700\" height=\"949\" srcset=\"https:\/\/www.diario5.com.ar\/wp-content\/uploads\/2026\/02\/ar_ancasti20260204.jpg 700w, https:\/\/www.diario5.com.ar\/wp-content\/uploads\/2026\/02\/ar_ancasti20260204-221x300.jpg 221w\" sizes=\"(max-width: 700px) 100vw, 700px\" \/><\/p>","protected":false},"excerpt":{"rendered":"<p>La Agencia de Habilidades para el Futuro se presenta como un puente entre la educaci\u00f3n y el trabajo. Los planes abarcan capacitaci\u00f3n t\u00e9cnica y formaciones m\u00faltiples, incluida la acad\u00e9mica superior. Es una apuesta. Nos preguntamos \u00bfconstruye esto un futuro m\u00e1s inclusivo? Nos respondemos: aporta mucho. Entendemos que el derecho de cada persona de poder capacitarse, [&hellip;]<\/p>","protected":false},"author":5,"featured_media":696410,"comment_status":"open","ping_status":"open","sticky":false,"template":"","format":"standard","meta":[],"categories":[75,4247,26,56],"tags":[3110,474,4838,4842,4843,630,4839,3535,4268,1283,3347,27,4845,1370,4263,4260,4841,3802,1042,4272,4063,2794,3453,4319,4844,4267,4846,4810,3422,567,3572,4840,4192,4262,3419,3653,1685],"series":[],"_links":{"self":[{"href":"https:\/\/www.diario5.com.ar\/es\/wp-json\/wp\/v2\/posts\/692510"}],"collection":[{"href":"https:\/\/www.diario5.com.ar\/es\/wp-json\/wp\/v2\/posts"}],"about":[{"href":"https:\/\/www.diario5.com.ar\/es\/wp-json\/wp\/v2\/types\/post"}],"author":[{"embeddable":true,"href":"https:\/\/www.diario5.com.ar\/es\/wp-json\/wp\/v2\/users\/5"}],"replies":[{"embeddable":true,"href":"https:\/\/www.diario5.com.ar\/es\/wp-json\/wp\/v2\/comments?post=692510"}],"version-history":[{"count":3,"href":"https:\/\/www.diario5.com.ar\/es\/wp-json\/wp\/v2\/posts\/692510\/revisions"}],"predecessor-version":[{"id":696419,"href":"https:\/\/www.diario5.com.ar\/es\/wp-json\/wp\/v2\/posts\/692510\/revisions\/696419"}],"wp:featuredmedia":[{"embeddable":true,"href":"https:\/\/www.diario5.com.ar\/es\/wp-json\/wp\/v2\/media\/696410"}],"wp:attachment":[{"href":"https:\/\/www.diario5.com.ar\/es\/wp-json\/wp\/v2\/media?parent=692510"}],"wp:term":[{"taxonomy":"category","embeddable":true,"href":"https:\/\/www.diario5.com.ar\/es\/wp-json\/wp\/v2\/categories?post=692510"},{"taxonomy":"post_tag","embeddable":true,"href":"https:\/\/www.diario5.com.ar\/es\/wp-json\/wp\/v2\/tags?post=692510"},{"taxonomy":"series","embeddable":true,"href":"https:\/\/www.diario5.com.ar\/es\/wp-json\/wp\/v2\/series?post=692510"}],"curies":[{"name":"wp","href":"https:\/\/api.w.org\/{rel}","templated":true}]}}