{"id":692504,"date":"2026-01-29T06:50:00","date_gmt":"2026-01-29T09:50:00","guid":{"rendered":"http:\/\/diario5.com.ar\/?p=692504"},"modified":"2026-01-29T06:53:10","modified_gmt":"2026-01-29T09:53:10","slug":"692504","status":"publish","type":"post","link":"https:\/\/www.diario5.com.ar\/es\/692504\/","title":{"rendered":"Aut\u00f3dromo"},"content":{"rendered":"<h2 class=\"sub-title-primary\"><\/h2> <p><img decoding=\"async\" loading=\"lazy\" class=\"aligncenter size-full wp-image-696331\" src=\"https:\/\/www.diario5.com.ar\/wp-content\/uploads\/2026\/01\/WhatsApp-Image-2026-01-20-at-18.21.1520260129.jpeg\" width=\"700\" height=\"525\" alt=\"JM\" srcset=\"https:\/\/www.diario5.com.ar\/wp-content\/uploads\/2026\/01\/WhatsApp-Image-2026-01-20-at-18.21.1520260129.jpeg 700w, https:\/\/www.diario5.com.ar\/wp-content\/uploads\/2026\/01\/WhatsApp-Image-2026-01-20-at-18.21.1520260129-300x225.jpeg 300w\" sizes=\"(max-width: 700px) 100vw, 700px\" \/><\/p>\n<p>El Gobierno de la Ciudad anunci\u00f3 con entusiasmo el inicio de las obras de modernizaci\u00f3n del Aut\u00f3dromo Oscar y Juan G\u00e1lvez, con la promesa de devolverle \u201cnivel mundial\u201d y hasta la posibilidad de recibir nuevamente a la F\u00f3rmula 1. La gacetilla oficial se autohalaga: boxes nuevos, torre de control, paddock moderno, pista ensanchada y tecnolog\u00eda homologada por FIA y FIM. Todo suena impecable en los papeles y, en lo inmediato, es positivo que el circuito mejore para albergar categor\u00edas nacionales y regionales, que son las que sostienen la actividad semana a semana.<\/p>\n<p>Ahora bien, cuando se menciona la F1, la ilusi\u00f3n choca con la realidad. Traer la m\u00e1xima categor\u00eda no depende solo de tener boxes relucientes o curvas redise\u00f1adas. El canon que exige la F\u00f3rmula 1 para organizar un Gran Premio supera los 50 millones de d\u00f3lares anuales, cifra que no se cubre con entradas ni sponsors locales y que suele requerir aportes estatales muy fuertes. A eso se suma la infraestructura urbana: accesos, hoteler\u00eda, transporte y log\u00edstica internacional que deben estar a la altura de un evento que mueve miles de personas y equipos de alt\u00edsima complejidad. Buenos Aires tiene tradici\u00f3n automovil\u00edstica, pero hoy no cuenta con un esquema financiero ni pol\u00edtico que garantice semejante desembolso.<\/p>\n<p>El MotoGP, en cambio, aparece como un objetivo m\u00e1s realista. Ya corri\u00f3 en el pa\u00eds en Termas de R\u00edo Hondo y tiene costos de organizaci\u00f3n bastante menores. Recuperar esa categor\u00eda en el G\u00e1lvez ser\u00eda un logro concreto y alcanzable, que adem\u00e1s dar\u00eda trabajo y visibilidad internacional sin comprometer las cuentas p\u00fablicas en niveles imposibles.<\/p>\n<p>En definitiva, modernizar el aut\u00f3dromo es una buena noticia. Y podr\u00eda ser buen\u00edsima para el automovilismo argentino y para los que disfrutan de las carreras. Pero no ser\u00edamos honestos si no advirti\u00e9ramos que prometer la F\u00f3rmula 1 hoy se parece m\u00e1s al olvidado gesto de marketing pol\u00edtico del menemismo que un proyecto viable. La Ciudad, por entonces, era un distrito dependiente de la presidencia. La aparici\u00f3n de una empresa privada que consigui\u00f3 el permiso para explotar el aut\u00f3dromo a modo de concesi\u00f3n, desapareci\u00f3 apenas conform\u00f3 que la parte del Estado \u00abya no iba a estar\u00bb.<\/p>\n<p>El G\u00e1lvez puede apuntar a fortalecer las categor\u00edas nacionales y regionales. Y si el d\u00eda de ma\u00f1ana se dan las condiciones econ\u00f3micas y log\u00edsticas un poco m\u00e1s s\u00f3lidas, reci\u00e9n entonces pensar en volver a recibir a las categor\u00edas rutilantes. Mientras tanto, celebrar las mejoras, sin alimentar ilusiones que dif\u00edcilmente puedan financiarse.<\/p>\n<p>&nbsp;<\/p>\n<p><!--googleoff: index--><br \/>\n<!--googleon: index--><br \/>\n<img decoding=\"async\" src=\"https:\/\/img.kiosko.net\/2026\/01\/29\/ar\/la_capital.jpg\" \/><\/p>\n<p><img decoding=\"async\" src=\"https:\/\/img.kiosko.net\/2026\/01\/29\/ar\/ar_nueva_provincia.jpg\" \/><\/p>\n<p><img decoding=\"async\" loading=\"lazy\" class=\"aligncenter size-full wp-image-696332\" src=\"https:\/\/www.diario5.com.ar\/wp-content\/uploads\/2026\/01\/ar_ancasti20260129.jpg\" width=\"700\" height=\"949\" srcset=\"https:\/\/www.diario5.com.ar\/wp-content\/uploads\/2026\/01\/ar_ancasti20260129.jpg 700w, https:\/\/www.diario5.com.ar\/wp-content\/uploads\/2026\/01\/ar_ancasti20260129-221x300.jpg 221w\" sizes=\"(max-width: 700px) 100vw, 700px\" \/><\/p>\n<p><img decoding=\"async\" src=\"https:\/\/img.kiosko.net\/2026\/01\/29\/ar\/ar_esquiu.jpg\" \/><\/p>\n<p><img decoding=\"async\" src=\"https:\/\/img.kiosko.net\/2026\/01\/29\/ar\/ar_diario_norte.jpg\" \/><\/p>\n<p><img decoding=\"async\" loading=\"lazy\" class=\"aligncenter size-full wp-image-696333\" src=\"https:\/\/www.diario5.com.ar\/wp-content\/uploads\/2026\/01\/voz_chaco20260129.jpg\" width=\"700\" height=\"823\" srcset=\"https:\/\/www.diario5.com.ar\/wp-content\/uploads\/2026\/01\/voz_chaco20260129.jpg 700w, https:\/\/www.diario5.com.ar\/wp-content\/uploads\/2026\/01\/voz_chaco20260129-255x300.jpg 255w\" sizes=\"(max-width: 700px) 100vw, 700px\" \/><\/p>\n<p><img decoding=\"async\" src=\"https:\/\/img.kiosko.net\/2026\/01\/29\/ar\/ar_diario_madryn.jpg\" \/><\/p>\n<p><img decoding=\"async\" src=\"https:\/\/img.kiosko.net\/2026\/01\/29\/ar\/ar_laprensa.jpg\" \/><\/p>\n<p><img decoding=\"async\" src=\"https:\/\/img.kiosko.net\/2026\/01\/29\/ar\/ar_cronista.jpg\" \/><\/p>\n<p><img decoding=\"async\" src=\"https:\/\/img.kiosko.net\/2026\/01\/29\/ar\/buenosaires_economico.jpg\" \/><\/p>\n<p><img decoding=\"async\" src=\"https:\/\/img.kiosko.net\/2026\/01\/29\/ar\/ar_perfil.jpg\" \/><\/p>\n<p><img decoding=\"async\" loading=\"lazy\" class=\"aligncenter size-full wp-image-696334\" src=\"https:\/\/www.diario5.com.ar\/wp-content\/uploads\/2026\/01\/ar_eldia20260129.jpg\" width=\"700\" height=\"999\" srcset=\"https:\/\/www.diario5.com.ar\/wp-content\/uploads\/2026\/01\/ar_eldia20260129.jpg 700w, https:\/\/www.diario5.com.ar\/wp-content\/uploads\/2026\/01\/ar_eldia20260129-210x300.jpg 210w\" sizes=\"(max-width: 700px) 100vw, 700px\" \/><\/p>\n<p><img decoding=\"async\" loading=\"lazy\" class=\"aligncenter size-full wp-image-696335\" src=\"https:\/\/www.diario5.com.ar\/wp-content\/uploads\/2026\/01\/ar_hoy20260129.jpg\" width=\"700\" height=\"896\" srcset=\"https:\/\/www.diario5.com.ar\/wp-content\/uploads\/2026\/01\/ar_hoy20260129.jpg 700w, https:\/\/www.diario5.com.ar\/wp-content\/uploads\/2026\/01\/ar_hoy20260129-234x300.jpg 234w\" sizes=\"(max-width: 700px) 100vw, 700px\" \/><\/p>\n<p><img decoding=\"async\" src=\"https:\/\/img.kiosko.net\/2026\/01\/29\/ar\/ar_democracia.jpg\" \/><\/p>\n<p><img decoding=\"async\" loading=\"lazy\" class=\"aligncenter size-full wp-image-696336\" src=\"https:\/\/www.diario5.com.ar\/wp-content\/uploads\/2026\/01\/ar_chubut20260129.jpg\" width=\"700\" height=\"904\" srcset=\"https:\/\/www.diario5.com.ar\/wp-content\/uploads\/2026\/01\/ar_chubut20260129.jpg 700w, https:\/\/www.diario5.com.ar\/wp-content\/uploads\/2026\/01\/ar_chubut20260129-232x300.jpg 232w\" sizes=\"(max-width: 700px) 100vw, 700px\" \/><\/p>\n<p><img decoding=\"async\" src=\"https:\/\/img.kiosko.net\/2026\/01\/29\/ar\/ar_epoca.jpg\" \/><\/p>\n<p><img decoding=\"async\" src=\"https:\/\/img.kiosko.net\/2026\/01\/29\/ar\/ar_litoral.jpg\" \/><\/p>\n<p><img decoding=\"async\" src=\"https:\/\/img.kiosko.net\/2026\/01\/29\/ar\/ar_heraldo.jpg\" \/><\/p>\n<p><img decoding=\"async\" src=\"https:\/\/img.kiosko.net\/2026\/01\/29\/ar\/ar_manana_formosa.jpg\" \/><\/p>\n<p><img decoding=\"async\" src=\"https:\/\/img.kiosko.net\/2026\/01\/29\/ar\/ar_diario_pampa.jpg\" \/><\/p>\n<p><img decoding=\"async\" src=\"https:\/\/img.kiosko.net\/2026\/01\/29\/ar\/ar_pagina12.jpg\" \/><\/p>\n<p><img decoding=\"async\" src=\"https:\/\/img.kiosko.net\/2026\/01\/29\/ar\/ar_arena.jpg\" \/><\/p>\n<p><img decoding=\"async\" src=\"https:\/\/img.kiosko.net\/2026\/01\/29\/ar\/independiente.jpg\" \/><\/p>\n<p><img decoding=\"async\" src=\"https:\/\/img.kiosko.net\/2026\/01\/29\/ar\/nueva_rioja.jpg\" \/><\/p>\n<p><img decoding=\"async\" src=\"https:\/\/img.kiosko.net\/2026\/01\/29\/ar\/ar_losandes.jpg\" \/><\/p>\n<p><img decoding=\"async\" src=\"https:\/\/img.kiosko.net\/2026\/01\/29\/ar\/ar_tribuno.jpg\" \/><\/p>\n<p><img decoding=\"async\" src=\"https:\/\/img.kiosko.net\/2026\/01\/29\/ar\/lea.jpg\" \/><\/p>\n<p><img decoding=\"async\" src=\"https:\/\/img.kiosko.net\/2026\/01\/29\/ar\/ar_nuevo_diario.jpg\" \/><\/p>\n<p><img decoding=\"async\" src=\"https:\/\/img.kiosko.net\/2026\/01\/29\/ar\/ar_diario_cuyo.jpg\" \/><\/p>\n<p><img decoding=\"async\" src=\"https:\/\/img.kiosko.net\/2026\/01\/29\/ar\/huarpe.jpg\" \/><\/p>\n<p><img decoding=\"async\" src=\"https:\/\/img.kiosko.net\/2026\/01\/29\/ar\/ar_diario_republica.jpg\" \/><\/p>\n<p><img decoding=\"async\" src=\"https:\/\/img.kiosko.net\/2026\/01\/29\/ar\/ar_litoral_sfe.jpg\" \/><\/p>\n<p><img decoding=\"async\" src=\"https:\/\/img.kiosko.net\/2026\/01\/29\/ar\/ciudadano.jpg\" \/><\/p>\n<p><img decoding=\"async\" src=\"https:\/\/img.kiosko.net\/2026\/01\/29\/ar\/ar_mirador_provincial.jpg\" \/><\/p>\n<p><img decoding=\"async\" src=\"https:\/\/img.kiosko.net\/2026\/01\/29\/ar\/ar_gaceta.jpg\" \/><\/p>\n<p><img decoding=\"async\" src=\"https:\/\/img.kiosko.net\/2026\/01\/29\/ar\/ar_cronica.jpg\" \/><\/p>\n<p><img decoding=\"async\" src=\"https:\/\/img.kiosko.net\/2026\/01\/29\/ar\/ar_clarin.jpg\" \/><\/p>\n<p><img decoding=\"async\" loading=\"lazy\" class=\"aligncenter size-full wp-image-696337\" src=\"https:\/\/www.diario5.com.ar\/wp-content\/uploads\/2026\/01\/nacion20260129.jpg\" width=\"700\" height=\"1077\" srcset=\"https:\/\/www.diario5.com.ar\/wp-content\/uploads\/2026\/01\/nacion20260129.jpg 700w, https:\/\/www.diario5.com.ar\/wp-content\/uploads\/2026\/01\/nacion20260129-195x300.jpg 195w, https:\/\/www.diario5.com.ar\/wp-content\/uploads\/2026\/01\/nacion20260129-666x1024.jpg 666w\" sizes=\"(max-width: 700px) 100vw, 700px\" \/><\/p>\n<p><img decoding=\"async\" src=\"https:\/\/img.kiosko.net\/2026\/01\/29\/ar\/ar_eco.jpg\" \/><\/p>\n<p><img decoding=\"async\" src=\"https:\/\/img.kiosko.net\/2026\/01\/29\/ar\/nuevo_diario.jpg\" \/><\/p>\n<p><img decoding=\"async\" src=\"https:\/\/img.kiosko.net\/2026\/01\/29\/ar\/sureno.jpg\" \/><\/p>\n<p><img decoding=\"async\" loading=\"lazy\" class=\"aligncenter size-full wp-image-696332\" src=\"https:\/\/www.diario5.com.ar\/wp-content\/uploads\/2026\/01\/ar_ancasti20260129.jpg\" width=\"700\" height=\"949\" srcset=\"https:\/\/www.diario5.com.ar\/wp-content\/uploads\/2026\/01\/ar_ancasti20260129.jpg 700w, https:\/\/www.diario5.com.ar\/wp-content\/uploads\/2026\/01\/ar_ancasti20260129-221x300.jpg 221w\" sizes=\"(max-width: 700px) 100vw, 700px\" \/><\/p>\n<p><img decoding=\"async\" src=\"https:\/\/img.kiosko.net\/2026\/01\/29\/ar\/tiempo_sur.jpg\" \/><\/p>\n<p><img decoding=\"async\" src=\"https:\/\/img.kiosko.net\/2026\/01\/29\/uy\/ar\/tiempo_argentino.jpg\" \/><\/p>\n<p><img decoding=\"async\" src=\"https:\/\/img.kiosko.net\/2026\/01\/29\/ar\/ar_epoca.jpg\" \/><\/p>\n<p><img decoding=\"async\" src=\"https:\/\/img.kiosko.net\/2026\/01\/29\/ar\/ar_elsol.jpg\" \/><\/p>\n<p><img decoding=\"async\" src=\"https:\/\/img.kiosko.net\/2026\/01\/29\/ar\/ar_01.jpg\" \/><\/p>\n<p><img decoding=\"async\" src=\"https:\/\/img.kiosko.net\/2026\/01\/29\/ar\/ar_02.jpg\" \/><\/p>\n<p><img decoding=\"async\" src=\"https:\/\/img.kiosko.net\/2026\/01\/29\/ar\/ar_03.jpg\" \/><\/p>\n<p><img decoding=\"async\" src=\"https:\/\/img.kiosko.net\/2026\/01\/29\/ar\/ar_04.jpg\" \/><\/p>\n<p><img decoding=\"async\" src=\"https:\/\/img.kiosko.net\/2026\/01\/29\/ar\/ar_05.jpg\" \/><\/p>\n<p>&nbsp;<\/p>","protected":false},"excerpt":{"rendered":"<p>El Gobierno de la Ciudad anunci\u00f3 con entusiasmo el inicio de las obras de modernizaci\u00f3n del Aut\u00f3dromo Oscar y Juan G\u00e1lvez, con la promesa de devolverle \u201cnivel mundial\u201d y hasta la posibilidad de recibir nuevamente a la F\u00f3rmula 1. La gacetilla oficial se autohalaga: boxes nuevos, torre de control, paddock moderno, pista ensanchada y tecnolog\u00eda [&hellip;]<\/p>","protected":false},"author":27,"featured_media":696331,"comment_status":"open","ping_status":"open","sticky":false,"template":"","format":"standard","meta":[],"categories":[75,49,962],"tags":[4804,4808,474,4805,3802,4809,4806,2794,2931,4239,3593,2010,3642,4796,2382,4807,4778,2254,4810,3653,1685,4387,3356],"series":[],"_links":{"self":[{"href":"https:\/\/www.diario5.com.ar\/es\/wp-json\/wp\/v2\/posts\/692504"}],"collection":[{"href":"https:\/\/www.diario5.com.ar\/es\/wp-json\/wp\/v2\/posts"}],"about":[{"href":"https:\/\/www.diario5.com.ar\/es\/wp-json\/wp\/v2\/types\/post"}],"author":[{"embeddable":true,"href":"https:\/\/www.diario5.com.ar\/es\/wp-json\/wp\/v2\/users\/27"}],"replies":[{"embeddable":true,"href":"https:\/\/www.diario5.com.ar\/es\/wp-json\/wp\/v2\/comments?post=692504"}],"version-history":[{"count":3,"href":"https:\/\/www.diario5.com.ar\/es\/wp-json\/wp\/v2\/posts\/692504\/revisions"}],"predecessor-version":[{"id":696330,"href":"https:\/\/www.diario5.com.ar\/es\/wp-json\/wp\/v2\/posts\/692504\/revisions\/696330"}],"wp:featuredmedia":[{"embeddable":true,"href":"https:\/\/www.diario5.com.ar\/es\/wp-json\/wp\/v2\/media\/696331"}],"wp:attachment":[{"href":"https:\/\/www.diario5.com.ar\/es\/wp-json\/wp\/v2\/media?parent=692504"}],"wp:term":[{"taxonomy":"category","embeddable":true,"href":"https:\/\/www.diario5.com.ar\/es\/wp-json\/wp\/v2\/categories?post=692504"},{"taxonomy":"post_tag","embeddable":true,"href":"https:\/\/www.diario5.com.ar\/es\/wp-json\/wp\/v2\/tags?post=692504"},{"taxonomy":"series","embeddable":true,"href":"https:\/\/www.diario5.com.ar\/es\/wp-json\/wp\/v2\/series?post=692504"}],"curies":[{"name":"wp","href":"https:\/\/api.w.org\/{rel}","templated":true}]}}