{"id":692486,"date":"2026-01-11T06:10:00","date_gmt":"2026-01-11T09:10:00","guid":{"rendered":"http:\/\/diario5.com.ar\/?p=692486"},"modified":"2026-01-11T15:15:11","modified_gmt":"2026-01-11T18:15:11","slug":"692486","status":"publish","type":"post","link":"https:\/\/www.diario5.com.ar\/es\/692486\/","title":{"rendered":"Un largo camino"},"content":{"rendered":"<h2 class=\"sub-title-primary\"><\/h2> <p><img decoding=\"async\" loading=\"lazy\" class=\"aligncenter size-full wp-image-696076\" src=\"https:\/\/www.diario5.com.ar\/wp-content\/uploads\/2026\/01\/futuristic-electric-bus-with-sleek-design-floating-ground_124507-11588320260111.jpg\" width=\"626\" height=\"417\" srcset=\"https:\/\/www.diario5.com.ar\/wp-content\/uploads\/2026\/01\/futuristic-electric-bus-with-sleek-design-floating-ground_124507-11588320260111.jpg 626w, https:\/\/www.diario5.com.ar\/wp-content\/uploads\/2026\/01\/futuristic-electric-bus-with-sleek-design-floating-ground_124507-11588320260111-300x200.jpg 300w\" sizes=\"(max-width: 626px) 100vw, 626px\" \/><\/p>\n<p>En Buenos Aires, el uso del TramBus avanza t\u00edmidamente y va corrigiendo recorridos.<br \/>\nPero son necesarias m\u00e1s unidades, porque comenz\u00f3 con s\u00f3lo 5 (cinco).<\/p>\n<p>A nivel global: 870.000 buses el\u00e9ctricos operaban en 2025<br \/>\nSe venden 60.000 unidades anuales (4% del total)<\/p>\n<p>China domina el mercado. Tiene el 98% de los buses el\u00e9ctricos del mundo. S\u00f3lo en Shenzhen hay 21.000 unidades.<\/p>\n<p>Europa, segundo mercado: las ventas de e-buses aumentaron 22% en 2025<br \/>\nDinamarca, Finlandia, Pa\u00edses Bajos y Noruega tienen el 40% para ellos solos.<br \/>\nIndia lidera el \u00abAsia-Pac\u00edfico\u00bb fuera de China, con m\u00e1s de 8.000 e-buses en el pa\u00eds.<\/p>\n<p>Mosc\u00fa 2.700 unidades en servicio<br \/>\nLondres, 3.800.<br \/>\nSantiago de Chile ya tiene 3700 y se nota en la calidad del aire urbano.<br \/>\nEsmirna, en Turqu\u00eda, redujo costos de combustible en 84% con colectivos solares.<br \/>\nEn los EEUU, Nueva York est\u00e1 lejos del liderazgo de Chicago, con 3.000 buses electricos.<\/p>\n<p>Espa\u00f1a est\u00e1 muy activa, con 450 e-buses en Madrid y 400 en Barcelona<br \/>\nEl Centro Tecnol\u00f3gico de Automoci\u00f3n de Galicia ha desarrollado un veh\u00edculo aut\u00f3nomo llamado \u00abShuttle\u00bb, que ya recorre la llamada \u00abCasa de Campo de Madrid\u00bb, sin conductor.<\/p>\n<p>El Trambus y todo plan de establecer transporte el\u00e9ctrico en Buenos Aires tiene un largo camino por recorrer como alcanzar un m\u00ednimo desarrollo<\/p>\n<p><img decoding=\"async\" loading=\"lazy\" class=\"aligncenter size-full wp-image-696078\" src=\"https:\/\/www.diario5.com.ar\/wp-content\/uploads\/2026\/01\/voz_chaco20260111.jpg\" width=\"700\" height=\"823\" srcset=\"https:\/\/www.diario5.com.ar\/wp-content\/uploads\/2026\/01\/voz_chaco20260111.jpg 700w, https:\/\/www.diario5.com.ar\/wp-content\/uploads\/2026\/01\/voz_chaco20260111-255x300.jpg 255w\" sizes=\"(max-width: 700px) 100vw, 700px\" \/><\/p>\n<p><img decoding=\"async\" loading=\"lazy\" class=\"aligncenter size-full wp-image-696079\" src=\"https:\/\/www.diario5.com.ar\/wp-content\/uploads\/2026\/01\/ar_eldia20260111.jpg\" width=\"700\" height=\"1001\" srcset=\"https:\/\/www.diario5.com.ar\/wp-content\/uploads\/2026\/01\/ar_eldia20260111.jpg 700w, https:\/\/www.diario5.com.ar\/wp-content\/uploads\/2026\/01\/ar_eldia20260111-210x300.jpg 210w\" sizes=\"(max-width: 700px) 100vw, 700px\" \/><\/p>\n<p><img decoding=\"async\" loading=\"lazy\" class=\"aligncenter size-full wp-image-696080\" src=\"https:\/\/www.diario5.com.ar\/wp-content\/uploads\/2026\/01\/ar_chubut20260111.jpg\" width=\"700\" height=\"902\" srcset=\"https:\/\/www.diario5.com.ar\/wp-content\/uploads\/2026\/01\/ar_chubut20260111.jpg 700w, https:\/\/www.diario5.com.ar\/wp-content\/uploads\/2026\/01\/ar_chubut20260111-233x300.jpg 233w\" sizes=\"(max-width: 700px) 100vw, 700px\" \/><\/p>\n<p>&nbsp;<\/p>\n<p><img decoding=\"async\" loading=\"lazy\" class=\"aligncenter size-full wp-image-696083\" src=\"https:\/\/www.diario5.com.ar\/wp-content\/uploads\/2026\/01\/ar_clarin20260111.jpg\" width=\"700\" height=\"966\" srcset=\"https:\/\/www.diario5.com.ar\/wp-content\/uploads\/2026\/01\/ar_clarin20260111.jpg 700w, https:\/\/www.diario5.com.ar\/wp-content\/uploads\/2026\/01\/ar_clarin20260111-217x300.jpg 217w\" sizes=\"(max-width: 700px) 100vw, 700px\" \/><\/p>\n<p><img decoding=\"async\" loading=\"lazy\" class=\"aligncenter size-full wp-image-696084\" src=\"https:\/\/www.diario5.com.ar\/wp-content\/uploads\/2026\/01\/nacion20260111.jpg\" width=\"700\" height=\"1079\" srcset=\"https:\/\/www.diario5.com.ar\/wp-content\/uploads\/2026\/01\/nacion20260111.jpg 700w, https:\/\/www.diario5.com.ar\/wp-content\/uploads\/2026\/01\/nacion20260111-195x300.jpg 195w, https:\/\/www.diario5.com.ar\/wp-content\/uploads\/2026\/01\/nacion20260111-664x1024.jpg 664w\" sizes=\"(max-width: 700px) 100vw, 700px\" \/><\/p>\n<p><img decoding=\"async\" loading=\"lazy\" class=\"aligncenter size-full wp-image-696077\" src=\"https:\/\/www.diario5.com.ar\/wp-content\/uploads\/2026\/01\/ar_ancasti20260111.jpg\" width=\"700\" height=\"949\" srcset=\"https:\/\/www.diario5.com.ar\/wp-content\/uploads\/2026\/01\/ar_ancasti20260111.jpg 700w, https:\/\/www.diario5.com.ar\/wp-content\/uploads\/2026\/01\/ar_ancasti20260111-221x300.jpg 221w\" sizes=\"(max-width: 700px) 100vw, 700px\" \/><\/p>\n<p>&nbsp;<\/p>","protected":false},"excerpt":{"rendered":"<p>En Buenos Aires, el uso del TramBus avanza t\u00edmidamente y va corrigiendo recorridos. Pero son necesarias m\u00e1s unidades, porque comenz\u00f3 con s\u00f3lo 5 (cinco). A nivel global: 870.000 buses el\u00e9ctricos operaban en 2025 Se venden 60.000 unidades anuales (4% del total) China domina el mercado. Tiene el 98% de los buses el\u00e9ctricos del mundo. S\u00f3lo [&hellip;]<\/p>","protected":false},"author":9,"featured_media":696076,"comment_status":"open","ping_status":"open","sticky":false,"template":"","format":"standard","meta":[],"categories":[2406,56,98,25],"tags":[2872,2100,474,4456,1464,1891,2714,87,1410,4527,1300,1803,1385,1462,3356],"series":[],"_links":{"self":[{"href":"https:\/\/www.diario5.com.ar\/es\/wp-json\/wp\/v2\/posts\/692486"}],"collection":[{"href":"https:\/\/www.diario5.com.ar\/es\/wp-json\/wp\/v2\/posts"}],"about":[{"href":"https:\/\/www.diario5.com.ar\/es\/wp-json\/wp\/v2\/types\/post"}],"author":[{"embeddable":true,"href":"https:\/\/www.diario5.com.ar\/es\/wp-json\/wp\/v2\/users\/9"}],"replies":[{"embeddable":true,"href":"https:\/\/www.diario5.com.ar\/es\/wp-json\/wp\/v2\/comments?post=692486"}],"version-history":[{"count":3,"href":"https:\/\/www.diario5.com.ar\/es\/wp-json\/wp\/v2\/posts\/692486\/revisions"}],"predecessor-version":[{"id":696085,"href":"https:\/\/www.diario5.com.ar\/es\/wp-json\/wp\/v2\/posts\/692486\/revisions\/696085"}],"wp:featuredmedia":[{"embeddable":true,"href":"https:\/\/www.diario5.com.ar\/es\/wp-json\/wp\/v2\/media\/696076"}],"wp:attachment":[{"href":"https:\/\/www.diario5.com.ar\/es\/wp-json\/wp\/v2\/media?parent=692486"}],"wp:term":[{"taxonomy":"category","embeddable":true,"href":"https:\/\/www.diario5.com.ar\/es\/wp-json\/wp\/v2\/categories?post=692486"},{"taxonomy":"post_tag","embeddable":true,"href":"https:\/\/www.diario5.com.ar\/es\/wp-json\/wp\/v2\/tags?post=692486"},{"taxonomy":"series","embeddable":true,"href":"https:\/\/www.diario5.com.ar\/es\/wp-json\/wp\/v2\/series?post=692486"}],"curies":[{"name":"wp","href":"https:\/\/api.w.org\/{rel}","templated":true}]}}