{"id":692483,"date":"2026-01-08T06:11:00","date_gmt":"2026-01-08T09:11:00","guid":{"rendered":"http:\/\/diario5.com.ar\/?p=692483"},"modified":"2026-01-08T23:56:36","modified_gmt":"2026-01-09T02:56:36","slug":"692483","status":"publish","type":"post","link":"https:\/\/www.diario5.com.ar\/es\/692483\/","title":{"rendered":"Colonias"},"content":{"rendered":"<h2 class=\"sub-title-primary\"><\/h2> <p><img decoding=\"async\" loading=\"lazy\" class=\"aligncenter size-full wp-image-696039\" src=\"https:\/\/www.diario5.com.ar\/wp-content\/uploads\/2026\/01\/DSC_8582_020260108.jpeg\" width=\"700\" height=\"465\" srcset=\"https:\/\/www.diario5.com.ar\/wp-content\/uploads\/2026\/01\/DSC_8582_020260108.jpeg 700w, https:\/\/www.diario5.com.ar\/wp-content\/uploads\/2026\/01\/DSC_8582_020260108-300x199.jpeg 300w\" sizes=\"(max-width: 700px) 100vw, 700px\" \/><\/p>\n<p>Las Colonias Deportivas de Verano 2026 ya est\u00e1n en marcha y, como cada a\u00f1o, aspiran a ser convocantes. El c\u00e1lculo es que alrededor de 20.000 chicos y chicas participan de esta propuesta gratuita que se extiende hasta el 30 de enero en 14 sedes porte\u00f1as. La edad oscila entre 4 y 12 a\u00f1os. Se garantiza desayuno, almuerzo y merienda. Las actividades deportivas y recreativas se desarrollan de 9.00 a 16.00 en la modalidad convencional y de 10.00 a 17.00 en la modalidad para personas con discapacidad.<\/p>\n<p>Los polideportivos y parques habilitados se distribuyen por Parque Manuel Belgrano y Parque Sarmiento hasta Patricios, Chacabuco, Avellaneda y Roca, entre otros. La inscripci\u00f3n exige residencia en la Ciudad y el cumplimiento de la edad requerida.<\/p>\n<p>No hay transporte oficial. Los padres deben llevar y retirar a los chicos y quienes falten tres d\u00edas consecutivos sin justificaci\u00f3n pierden el cupo. Se incluyen pautas claras para garantizar la seguridad y la convivencia: certificados m\u00e9dicos para dietas especiales, informaci\u00f3n sobre medicaci\u00f3n, autorizaci\u00f3n escrita para retiros por terceros y pertenencias etiquetadas para evitar extrav\u00edos.<\/p>\n<p>Los d\u00edas de lluvia se resuelven con espacios cerrados disponibles en cada sede. La mochila b\u00e1sica incluye protector solar, repelente, muda de ropa, ojotas, toalla, gorra de pileta y gorro para el sol. Aparatos electr\u00f3nicos y alimentos externos est\u00e1n prohibidos.<\/p>\n<p>La propuesta tambi\u00e9n contempla la inclusi\u00f3n. Las colonias para personas con discapacidad ofrecen actividades adaptadas desde los 6 a\u00f1os y sin l\u00edmite de edad. Este verano se suman dos espacios en Parque Sarmiento: Azul, para chicos con Trastorno del Espectro Autista, y Crecer, para ni\u00f1os con discapacidad intelectual que a\u00fan no tienen control de esf\u00ednteres. Ambos prev\u00e9n acompa\u00f1ante terap\u00e9utico propio. La alimentaci\u00f3n est\u00e1 garantizada en todas las sedes y las actividades incluyen deportes, juegos sensoriales y propuestas acu\u00e1ticas.<\/p>\n<p><!--googleoff: index--><\/p>\n<p><img decoding=\"async\" loading=\"lazy\" class=\"aligncenter size-full wp-image-696040\" src=\"https:\/\/www.diario5.com.ar\/wp-content\/uploads\/2026\/01\/ar_ancasti20260108.jpg\" width=\"700\" height=\"949\" srcset=\"https:\/\/www.diario5.com.ar\/wp-content\/uploads\/2026\/01\/ar_ancasti20260108.jpg 700w, https:\/\/www.diario5.com.ar\/wp-content\/uploads\/2026\/01\/ar_ancasti20260108-221x300.jpg 221w\" sizes=\"(max-width: 700px) 100vw, 700px\" \/><\/p>\n<p><img decoding=\"async\" loading=\"lazy\" class=\"aligncenter size-full wp-image-696041\" src=\"https:\/\/www.diario5.com.ar\/wp-content\/uploads\/2026\/01\/voz_chaco20260108.jpg\" width=\"700\" height=\"816\" srcset=\"https:\/\/www.diario5.com.ar\/wp-content\/uploads\/2026\/01\/voz_chaco20260108.jpg 700w, https:\/\/www.diario5.com.ar\/wp-content\/uploads\/2026\/01\/voz_chaco20260108-257x300.jpg 257w\" sizes=\"(max-width: 700px) 100vw, 700px\" \/><\/p>\n<p><img decoding=\"async\" loading=\"lazy\" class=\"aligncenter size-full wp-image-696042\" src=\"https:\/\/www.diario5.com.ar\/wp-content\/uploads\/2026\/01\/ar_cronista20260108.jpg\" width=\"700\" height=\"997\" srcset=\"https:\/\/www.diario5.com.ar\/wp-content\/uploads\/2026\/01\/ar_cronista20260108.jpg 700w, https:\/\/www.diario5.com.ar\/wp-content\/uploads\/2026\/01\/ar_cronista20260108-211x300.jpg 211w\" sizes=\"(max-width: 700px) 100vw, 700px\" \/><\/p>\n<p><img decoding=\"async\" loading=\"lazy\" class=\"aligncenter size-full wp-image-696043\" src=\"https:\/\/www.diario5.com.ar\/wp-content\/uploads\/2026\/01\/ar_eldia20260108.jpg\" width=\"700\" height=\"1007\" srcset=\"https:\/\/www.diario5.com.ar\/wp-content\/uploads\/2026\/01\/ar_eldia20260108.jpg 700w, https:\/\/www.diario5.com.ar\/wp-content\/uploads\/2026\/01\/ar_eldia20260108-209x300.jpg 209w\" sizes=\"(max-width: 700px) 100vw, 700px\" \/><\/p>\n<p><img decoding=\"async\" loading=\"lazy\" class=\"aligncenter size-full wp-image-696044\" src=\"https:\/\/www.diario5.com.ar\/wp-content\/uploads\/2026\/01\/ar_hoy20260108.jpg\" width=\"700\" height=\"922\" srcset=\"https:\/\/www.diario5.com.ar\/wp-content\/uploads\/2026\/01\/ar_hoy20260108.jpg 700w, https:\/\/www.diario5.com.ar\/wp-content\/uploads\/2026\/01\/ar_hoy20260108-228x300.jpg 228w\" sizes=\"(max-width: 700px) 100vw, 700px\" \/><\/p>\n<p><img decoding=\"async\" loading=\"lazy\" class=\"aligncenter size-full wp-image-696045\" src=\"https:\/\/www.diario5.com.ar\/wp-content\/uploads\/2026\/01\/ar_chubut20260108.jpg\" width=\"700\" height=\"905\" srcset=\"https:\/\/www.diario5.com.ar\/wp-content\/uploads\/2026\/01\/ar_chubut20260108.jpg 700w, https:\/\/www.diario5.com.ar\/wp-content\/uploads\/2026\/01\/ar_chubut20260108-232x300.jpg 232w\" sizes=\"(max-width: 700px) 100vw, 700px\" \/><\/p>\n<p><img decoding=\"async\" loading=\"lazy\" class=\"aligncenter size-full wp-image-696046\" src=\"https:\/\/www.diario5.com.ar\/wp-content\/uploads\/2026\/01\/ar_clarin20260108.jpg\" width=\"700\" height=\"972\" srcset=\"https:\/\/www.diario5.com.ar\/wp-content\/uploads\/2026\/01\/ar_clarin20260108.jpg 700w, https:\/\/www.diario5.com.ar\/wp-content\/uploads\/2026\/01\/ar_clarin20260108-216x300.jpg 216w\" sizes=\"(max-width: 700px) 100vw, 700px\" \/><\/p>\n<p><img decoding=\"async\" loading=\"lazy\" class=\"aligncenter size-full wp-image-696047\" src=\"https:\/\/www.diario5.com.ar\/wp-content\/uploads\/2026\/01\/nacion20260108.jpg\" width=\"700\" height=\"1085\" srcset=\"https:\/\/www.diario5.com.ar\/wp-content\/uploads\/2026\/01\/nacion20260108.jpg 700w, https:\/\/www.diario5.com.ar\/wp-content\/uploads\/2026\/01\/nacion20260108-194x300.jpg 194w, https:\/\/www.diario5.com.ar\/wp-content\/uploads\/2026\/01\/nacion20260108-661x1024.jpg 661w\" sizes=\"(max-width: 700px) 100vw, 700px\" \/><\/p>\n<p><img decoding=\"async\" loading=\"lazy\" class=\"aligncenter size-full wp-image-696040\" src=\"https:\/\/www.diario5.com.ar\/wp-content\/uploads\/2026\/01\/ar_ancasti20260108.jpg\" width=\"700\" height=\"949\" srcset=\"https:\/\/www.diario5.com.ar\/wp-content\/uploads\/2026\/01\/ar_ancasti20260108.jpg 700w, https:\/\/www.diario5.com.ar\/wp-content\/uploads\/2026\/01\/ar_ancasti20260108-221x300.jpg 221w\" sizes=\"(max-width: 700px) 100vw, 700px\" \/><\/p>\n<p>&nbsp;<\/p>","protected":false},"excerpt":{"rendered":"<p>Las Colonias Deportivas de Verano 2026 ya est\u00e1n en marcha y, como cada a\u00f1o, aspiran a ser convocantes. El c\u00e1lculo es que alrededor de 20.000 chicos y chicas participan de esta propuesta gratuita que se extiende hasta el 30 de enero en 14 sedes porte\u00f1as. La edad oscila entre 4 y 12 a\u00f1os. Se garantiza [&hellip;]<\/p>","protected":false},"author":5,"featured_media":696039,"comment_status":"open","ping_status":"open","sticky":false,"template":"","format":"standard","meta":[],"categories":[49,723,52,56],"tags":[4714,4754,367,883,630,4762,4757,4751,4752,4756,4758,3315,803,4755,3702,2362,4761,4760,4759,3323,4753,885,4763,537,3356],"series":[],"_links":{"self":[{"href":"https:\/\/www.diario5.com.ar\/es\/wp-json\/wp\/v2\/posts\/692483"}],"collection":[{"href":"https:\/\/www.diario5.com.ar\/es\/wp-json\/wp\/v2\/posts"}],"about":[{"href":"https:\/\/www.diario5.com.ar\/es\/wp-json\/wp\/v2\/types\/post"}],"author":[{"embeddable":true,"href":"https:\/\/www.diario5.com.ar\/es\/wp-json\/wp\/v2\/users\/5"}],"replies":[{"embeddable":true,"href":"https:\/\/www.diario5.com.ar\/es\/wp-json\/wp\/v2\/comments?post=692483"}],"version-history":[{"count":3,"href":"https:\/\/www.diario5.com.ar\/es\/wp-json\/wp\/v2\/posts\/692483\/revisions"}],"predecessor-version":[{"id":696049,"href":"https:\/\/www.diario5.com.ar\/es\/wp-json\/wp\/v2\/posts\/692483\/revisions\/696049"}],"wp:featuredmedia":[{"embeddable":true,"href":"https:\/\/www.diario5.com.ar\/es\/wp-json\/wp\/v2\/media\/696039"}],"wp:attachment":[{"href":"https:\/\/www.diario5.com.ar\/es\/wp-json\/wp\/v2\/media?parent=692483"}],"wp:term":[{"taxonomy":"category","embeddable":true,"href":"https:\/\/www.diario5.com.ar\/es\/wp-json\/wp\/v2\/categories?post=692483"},{"taxonomy":"post_tag","embeddable":true,"href":"https:\/\/www.diario5.com.ar\/es\/wp-json\/wp\/v2\/tags?post=692483"},{"taxonomy":"series","embeddable":true,"href":"https:\/\/www.diario5.com.ar\/es\/wp-json\/wp\/v2\/series?post=692483"}],"curies":[{"name":"wp","href":"https:\/\/api.w.org\/{rel}","templated":true}]}}