{"id":692466,"date":"2025-12-22T06:11:00","date_gmt":"2025-12-22T09:11:00","guid":{"rendered":"http:\/\/diario5.com.ar\/?p=692466"},"modified":"2025-12-22T11:14:53","modified_gmt":"2025-12-22T14:14:53","slug":"692466","status":"publish","type":"post","link":"https:\/\/www.diario5.com.ar\/es\/692466\/","title":{"rendered":"Sur, Navidad y despu\u00e9s"},"content":{"rendered":"<h2 class=\"sub-title-primary\"><\/h2> <p><img decoding=\"async\" loading=\"lazy\" class=\"aligncenter size-full wp-image-695861\" src=\"https:\/\/www.diario5.com.ar\/wp-content\/uploads\/2025\/12\/papa-noel-espacio-playa-texto-vacaciones-navidad_495423-3669420251222.jpg\" width=\"626\" height=\"417\" srcset=\"https:\/\/www.diario5.com.ar\/wp-content\/uploads\/2025\/12\/papa-noel-espacio-playa-texto-vacaciones-navidad_495423-3669420251222.jpg 626w, https:\/\/www.diario5.com.ar\/wp-content\/uploads\/2025\/12\/papa-noel-espacio-playa-texto-vacaciones-navidad_495423-3669420251222-300x200.jpg 300w\" sizes=\"(max-width: 626px) 100vw, 626px\" \/><\/p>\n<p>Cada diciembre, la Navidad expone esa eterna curiosidad del antagonismo de los hemisferios. Mientras en el Norte la fiesta se asocia con la intimidad del hogar y la promesa de un mundo detenido bajo la nieve, en el Sur desplegamos mesas largas y dejamos las puertas abiertas a veranos fuertes.<\/p>\n<p>Nunca hay que dejar de tomar en cuenta que a exactamente seis meses, la Noche de San Juan ofrece, en la mitad septentrional del mundo, especialmente en Europa -y particularmente en Espa\u00f1a- sensaciones equivalentes a nuestras fiestas veraniegas.<\/p>\n<p>Es muy atractivo encontrar, cada vez y cada a\u00f1o, nuevas diferencias que moldean la memoria colectiva a partir del clima: en Europa o los Estados Unidos, los relatos navide\u00f1os se construyen sobre la idea de refugio y de luces que vencen la oscuridad. En la Argentina, Chile o Australia, en la misma fecha enlazamos la idea de las vacaciones y la sensaci\u00f3n de que el a\u00f1o se despide en un estallido de sol y encuentros al aire libre.<\/p>\n<p>Quiz\u00e1s sea tiempo de que apretemos el acelerador para que las nuevas generaciones se desprendan de la locura del error costumbrista. Si ambos imaginarios conviven en la cultura global, hay que imponer el sentido com\u00fan, porque las pel\u00edculas, las canciones y los s\u00edmbolos que circulan alrededor de la fecha del Nacimiento de Jes\u00fas, apuntan casi siempre al invierno boreal.<\/p>\n<p>Si alguno de nosotros est\u00e1 pensando en que Pap\u00e1 Noel podr\u00eda aparecer en pantalla manejando una Estanciera y en bermudas, no deber\u00edamos reprimirnos.<\/p>\n<p>&nbsp;<\/p>\n<p><img decoding=\"async\" loading=\"lazy\" class=\"aligncenter size-full wp-image-695862\" src=\"https:\/\/www.diario5.com.ar\/wp-content\/uploads\/2025\/12\/voz_chaco20251222.jpg\" width=\"700\" height=\"816\" srcset=\"https:\/\/www.diario5.com.ar\/wp-content\/uploads\/2025\/12\/voz_chaco20251222.jpg 700w, https:\/\/www.diario5.com.ar\/wp-content\/uploads\/2025\/12\/voz_chaco20251222-257x300.jpg 257w\" sizes=\"(max-width: 700px) 100vw, 700px\" \/><\/p>\n<p><img decoding=\"async\" loading=\"lazy\" class=\"aligncenter size-full wp-image-695865\" src=\"https:\/\/www.diario5.com.ar\/wp-content\/uploads\/2025\/12\/ar_cronista20251222.jpg\" width=\"700\" height=\"1018\" srcset=\"https:\/\/www.diario5.com.ar\/wp-content\/uploads\/2025\/12\/ar_cronista20251222.jpg 700w, https:\/\/www.diario5.com.ar\/wp-content\/uploads\/2025\/12\/ar_cronista20251222-206x300.jpg 206w\" sizes=\"(max-width: 700px) 100vw, 700px\" \/><\/p>\n<p><img decoding=\"async\" loading=\"lazy\" class=\"aligncenter size-full wp-image-695863\" src=\"https:\/\/www.diario5.com.ar\/wp-content\/uploads\/2025\/12\/ar_eldia20251222.jpg\" width=\"700\" height=\"1009\" srcset=\"https:\/\/www.diario5.com.ar\/wp-content\/uploads\/2025\/12\/ar_eldia20251222.jpg 700w, https:\/\/www.diario5.com.ar\/wp-content\/uploads\/2025\/12\/ar_eldia20251222-208x300.jpg 208w\" sizes=\"(max-width: 700px) 100vw, 700px\" \/><\/p>\n<p><img decoding=\"async\" loading=\"lazy\" class=\"aligncenter size-full wp-image-695864\" src=\"https:\/\/www.diario5.com.ar\/wp-content\/uploads\/2025\/12\/ar_chubut20251222.jpg\" width=\"700\" height=\"906\" srcset=\"https:\/\/www.diario5.com.ar\/wp-content\/uploads\/2025\/12\/ar_chubut20251222.jpg 700w, https:\/\/www.diario5.com.ar\/wp-content\/uploads\/2025\/12\/ar_chubut20251222-232x300.jpg 232w\" sizes=\"(max-width: 700px) 100vw, 700px\" \/><\/p>\n<p>&nbsp;<\/p>\n<p><img decoding=\"async\" loading=\"lazy\" class=\"aligncenter size-full wp-image-695866\" src=\"https:\/\/www.diario5.com.ar\/wp-content\/uploads\/2025\/12\/ar_clarin20251222.jpg\" width=\"700\" height=\"982\" srcset=\"https:\/\/www.diario5.com.ar\/wp-content\/uploads\/2025\/12\/ar_clarin20251222.jpg 700w, https:\/\/www.diario5.com.ar\/wp-content\/uploads\/2025\/12\/ar_clarin20251222-214x300.jpg 214w\" sizes=\"(max-width: 700px) 100vw, 700px\" \/><\/p>\n<p><img decoding=\"async\" loading=\"lazy\" class=\"aligncenter size-full wp-image-695867\" src=\"https:\/\/www.diario5.com.ar\/wp-content\/uploads\/2025\/12\/nacion20251222.jpg\" width=\"699\" height=\"1077\" srcset=\"https:\/\/www.diario5.com.ar\/wp-content\/uploads\/2025\/12\/nacion20251222.jpg 699w, https:\/\/www.diario5.com.ar\/wp-content\/uploads\/2025\/12\/nacion20251222-195x300.jpg 195w, https:\/\/www.diario5.com.ar\/wp-content\/uploads\/2025\/12\/nacion20251222-665x1024.jpg 665w\" sizes=\"(max-width: 699px) 100vw, 699px\" \/><\/p>","protected":false},"excerpt":{"rendered":"<p>Cada diciembre, la Navidad expone esa eterna curiosidad del antagonismo de los hemisferios. Mientras en el Norte la fiesta se asocia con la intimidad del hogar y la promesa de un mundo detenido bajo la nieve, en el Sur desplegamos mesas largas y dejamos las puertas abiertas a veranos fuertes. Nunca hay que dejar de [&hellip;]<\/p>","protected":false},"author":27,"featured_media":695861,"comment_status":"open","ping_status":"open","sticky":false,"template":"","format":"standard","meta":[],"categories":[452,5,56],"tags":[1177,1145,1891,3535,4527,994,1300,1952,1636,1246,4385,2425,4612,2916],"series":[],"_links":{"self":[{"href":"https:\/\/www.diario5.com.ar\/es\/wp-json\/wp\/v2\/posts\/692466"}],"collection":[{"href":"https:\/\/www.diario5.com.ar\/es\/wp-json\/wp\/v2\/posts"}],"about":[{"href":"https:\/\/www.diario5.com.ar\/es\/wp-json\/wp\/v2\/types\/post"}],"author":[{"embeddable":true,"href":"https:\/\/www.diario5.com.ar\/es\/wp-json\/wp\/v2\/users\/27"}],"replies":[{"embeddable":true,"href":"https:\/\/www.diario5.com.ar\/es\/wp-json\/wp\/v2\/comments?post=692466"}],"version-history":[{"count":3,"href":"https:\/\/www.diario5.com.ar\/es\/wp-json\/wp\/v2\/posts\/692466\/revisions"}],"predecessor-version":[{"id":695868,"href":"https:\/\/www.diario5.com.ar\/es\/wp-json\/wp\/v2\/posts\/692466\/revisions\/695868"}],"wp:featuredmedia":[{"embeddable":true,"href":"https:\/\/www.diario5.com.ar\/es\/wp-json\/wp\/v2\/media\/695861"}],"wp:attachment":[{"href":"https:\/\/www.diario5.com.ar\/es\/wp-json\/wp\/v2\/media?parent=692466"}],"wp:term":[{"taxonomy":"category","embeddable":true,"href":"https:\/\/www.diario5.com.ar\/es\/wp-json\/wp\/v2\/categories?post=692466"},{"taxonomy":"post_tag","embeddable":true,"href":"https:\/\/www.diario5.com.ar\/es\/wp-json\/wp\/v2\/tags?post=692466"},{"taxonomy":"series","embeddable":true,"href":"https:\/\/www.diario5.com.ar\/es\/wp-json\/wp\/v2\/series?post=692466"}],"curies":[{"name":"wp","href":"https:\/\/api.w.org\/{rel}","templated":true}]}}