{"id":692450,"date":"2025-12-06T05:53:00","date_gmt":"2025-12-06T08:53:00","guid":{"rendered":"http:\/\/diario5.com.ar\/?p=692450"},"modified":"2025-12-07T01:23:13","modified_gmt":"2025-12-07T04:23:13","slug":"692450","status":"publish","type":"post","link":"https:\/\/www.diario5.com.ar\/es\/692450\/","title":{"rendered":"Cartas al panz\u00f3n, por el buz\u00f3n"},"content":{"rendered":"<h2 class=\"sub-title-primary\">Un buz\u00f3n hist\u00f3rico del correo ser\u00e1 utilizado entre el 10 y el 20 de diciembre para recibir cartas de los chicos a Pap\u00e1 Noel.<\/h2> <p><img decoding=\"async\" src=\"https:\/\/www.diario5.com.ar\/imgtapas\/buzon1.jpg\" \/><br \/>\nRecorrer\u00e1 distintas comunas. Del programa \u00abNavidad en la Ciudad\u00bb, participan las comunas porte\u00f1as 6, 13 y 15.<br \/>\nEl buz\u00f3n navide\u00f1o tiene estar\u00e1 en Av. Cabildo al 3000, Av. Patricias Argentinas al 200 y Av. C\u00f3rdoba al 5600<br \/>\nEl itinerario se puede encontrar en fuegovivo.com.ar<br \/>\nEl plan es que las familias participen con los chiquitos para combinar la tradici\u00f3n postal con el esp\u00edritu festivo.<br \/>\nAhora, bien&#8230;<\/p>\n<p>Hoy apenas sobreviven unos 150 buzones hist\u00f3ricos en la Ciudad. Llegaron a ser 1450 en su apogeo.<br \/>\nSe trabaja en su mantenimiento, intentando rescatar piezas vandalizadas o deterioradas por el tiempo.<br \/>\nFueron dise\u00f1ados en 1895 bajo reglamento de la Direcci\u00f3n General de Correos y Tel\u00e9grafos<br \/>\nFueron parte inseparable del paisaje porte\u00f1o.<br \/>\nSu modelo cl\u00e1sico, el buz\u00f3n de pilar, se fabricaba en hierro fundido, pintado de rojo con base negra, inspirado en el correo brit\u00e1nico.<\/p>\n<p>Los pioneros fueron los Talleres del F\u00e9nix<br \/>\nLuego vinieron los fabricantes de las marcas Scossiroli, Maulus, Talleres Vasena, Hallet, Sanz e Hijos, Metal\u00fargica Ajuria, \u00abRossati y Crist\u00f3faro, Tamet y Bash<br \/>\nHoy no existe normativa que proteja oficialmente estos buzones como patrimonio cultural pese a su valor simb\u00f3lico y barrial.<br \/>\n(Legislatura, tel\u00e9fono!)<\/p>\n<p><img decoding=\"async\" loading=\"lazy\" class=\"aligncenter size-full wp-image-695651\" src=\"https:\/\/www.diario5.com.ar\/wp-content\/uploads\/2025\/12\/ar_ancasti20251206.jpg\" width=\"700\" height=\"949\" srcset=\"https:\/\/www.diario5.com.ar\/wp-content\/uploads\/2025\/12\/ar_ancasti20251206.jpg 700w, https:\/\/www.diario5.com.ar\/wp-content\/uploads\/2025\/12\/ar_ancasti20251206-221x300.jpg 221w\" sizes=\"(max-width: 700px) 100vw, 700px\" \/><\/p>\n<p><img decoding=\"async\" loading=\"lazy\" class=\"aligncenter size-full wp-image-695653\" src=\"https:\/\/www.diario5.com.ar\/wp-content\/uploads\/2025\/12\/ar_eldia20251206.jpg\" width=\"700\" height=\"999\" srcset=\"https:\/\/www.diario5.com.ar\/wp-content\/uploads\/2025\/12\/ar_eldia20251206.jpg 700w, https:\/\/www.diario5.com.ar\/wp-content\/uploads\/2025\/12\/ar_eldia20251206-210x300.jpg 210w\" sizes=\"(max-width: 700px) 100vw, 700px\" \/><\/p>\n<p><img decoding=\"async\" loading=\"lazy\" class=\"aligncenter size-full wp-image-695654\" src=\"https:\/\/www.diario5.com.ar\/wp-content\/uploads\/2025\/12\/ar_chubut20251206.jpg\" width=\"700\" height=\"900\" srcset=\"https:\/\/www.diario5.com.ar\/wp-content\/uploads\/2025\/12\/ar_chubut20251206.jpg 700w, https:\/\/www.diario5.com.ar\/wp-content\/uploads\/2025\/12\/ar_chubut20251206-233x300.jpg 233w\" sizes=\"(max-width: 700px) 100vw, 700px\" \/><\/p>\n<p><img decoding=\"async\" loading=\"lazy\" class=\"aligncenter size-full wp-image-695655\" src=\"https:\/\/www.diario5.com.ar\/wp-content\/uploads\/2025\/12\/ar_clarin20251206.jpg\" width=\"700\" height=\"904\" srcset=\"https:\/\/www.diario5.com.ar\/wp-content\/uploads\/2025\/12\/ar_clarin20251206.jpg 700w, https:\/\/www.diario5.com.ar\/wp-content\/uploads\/2025\/12\/ar_clarin20251206-232x300.jpg 232w\" sizes=\"(max-width: 700px) 100vw, 700px\" \/><\/p>\n<p><img decoding=\"async\" loading=\"lazy\" class=\"aligncenter size-full wp-image-695651\" src=\"https:\/\/www.diario5.com.ar\/wp-content\/uploads\/2025\/12\/ar_ancasti20251206.jpg\" width=\"700\" height=\"949\" srcset=\"https:\/\/www.diario5.com.ar\/wp-content\/uploads\/2025\/12\/ar_ancasti20251206.jpg 700w, https:\/\/www.diario5.com.ar\/wp-content\/uploads\/2025\/12\/ar_ancasti20251206-221x300.jpg 221w\" sizes=\"(max-width: 700px) 100vw, 700px\" \/><\/p>","protected":false},"excerpt":{"rendered":"<p>Un buz\u00f3n hist\u00f3rico del correo ser\u00e1 utilizado entre el 10 y el 20 de diciembre para recibir cartas de los chicos a Pap\u00e1 Noel. Recorrer\u00e1 distintas comunas. Del programa \u00abNavidad en la Ciudad\u00bb, participan las comunas porte\u00f1as 6, 13 y 15. El buz\u00f3n navide\u00f1o tiene estar\u00e1 en Av. Cabildo al 3000, Av. Patricias Argentinas al [&hellip;]<\/p>","protected":false},"author":5,"featured_media":695650,"comment_status":"open","ping_status":"open","sticky":false,"template":"","format":"standard","meta":[],"categories":[482,56],"tags":[4619,4611,4616,2398,4614,4615,934,4618,4620,2931,4624,4621,3345,2425,4613,4612,3155,3186,3596,4623,4622,4387,4617,1683],"series":[],"_links":{"self":[{"href":"https:\/\/www.diario5.com.ar\/es\/wp-json\/wp\/v2\/posts\/692450"}],"collection":[{"href":"https:\/\/www.diario5.com.ar\/es\/wp-json\/wp\/v2\/posts"}],"about":[{"href":"https:\/\/www.diario5.com.ar\/es\/wp-json\/wp\/v2\/types\/post"}],"author":[{"embeddable":true,"href":"https:\/\/www.diario5.com.ar\/es\/wp-json\/wp\/v2\/users\/5"}],"replies":[{"embeddable":true,"href":"https:\/\/www.diario5.com.ar\/es\/wp-json\/wp\/v2\/comments?post=692450"}],"version-history":[{"count":4,"href":"https:\/\/www.diario5.com.ar\/es\/wp-json\/wp\/v2\/posts\/692450\/revisions"}],"predecessor-version":[{"id":695658,"href":"https:\/\/www.diario5.com.ar\/es\/wp-json\/wp\/v2\/posts\/692450\/revisions\/695658"}],"wp:featuredmedia":[{"embeddable":true,"href":"https:\/\/www.diario5.com.ar\/es\/wp-json\/wp\/v2\/media\/695650"}],"wp:attachment":[{"href":"https:\/\/www.diario5.com.ar\/es\/wp-json\/wp\/v2\/media?parent=692450"}],"wp:term":[{"taxonomy":"category","embeddable":true,"href":"https:\/\/www.diario5.com.ar\/es\/wp-json\/wp\/v2\/categories?post=692450"},{"taxonomy":"post_tag","embeddable":true,"href":"https:\/\/www.diario5.com.ar\/es\/wp-json\/wp\/v2\/tags?post=692450"},{"taxonomy":"series","embeddable":true,"href":"https:\/\/www.diario5.com.ar\/es\/wp-json\/wp\/v2\/series?post=692450"}],"curies":[{"name":"wp","href":"https:\/\/api.w.org\/{rel}","templated":true}]}}