{"id":692438,"date":"2025-11-24T06:00:00","date_gmt":"2025-11-24T09:00:00","guid":{"rendered":"http:\/\/diario5.com.ar\/?p=692438"},"modified":"2025-11-26T12:53:40","modified_gmt":"2025-11-26T15:53:40","slug":"692438","status":"publish","type":"post","link":"https:\/\/www.diario5.com.ar\/es\/692438\/","title":{"rendered":"De San Crist\u00f3bal al centro, a pie"},"content":{"rendered":"<h2 class=\"sub-title-primary\"><\/h2> <figure style=\"width: 720px\" class=\"wp-caption alignnone\"><img decoding=\"async\" loading=\"lazy\" src=\"https:\/\/www.diario5.com.ar\/imgtapas\/23%20y%206.jpg\" alt=\"\" width=\"720\" height=\"520\" \/><figcaption class=\"wp-caption-text\">23 y 6. Las dos l\u00edneas perdidas este a\u00f1o<\/figcaption><\/figure>\n<p>&nbsp;<\/p>\n<p>Los vecinos de San Crist\u00f3bal sienten que el barrio qued\u00f3 nuevamente marginado del mapa del transporte porte\u00f1o. La eliminaci\u00f3n de la l\u00ednea 23, absorbida por la 115 tras la Resoluci\u00f3n 180\/2025, dej\u00f3 afuera el tramo Boedo\u2013Retiro, un recorrido importante para una cantidad de pasajeros que, a criterio de Transportes Automotores Riachuelo S.A. y el GCBA, no parecen ser tantos. La medida, oficializada por la Secretar\u00eda de Transporte y ejecutada por la mencionada empresa, integrante del Grupo DOTA, se presenta como una \u201coptimizaci\u00f3n de recorridos\u201d, pero en la pr\u00e1ctica significa menos opciones y m\u00e1s tiempo perdido para quienes dependen del colectivo.<\/p>\n<p>Desde 1972, San Crist\u00f3bal perdi\u00f3 la 48, la 69, la 27, la 139, la 149, la 6 y ahora la 23. Medio siglo de supresiones que redujeron la conectividad y aislaron al barrio. La indignaci\u00f3n se dirige tanto a las empresas, que priorizan la rentabilidad, como al gobierno, que avala un esquema que recorta derechos b\u00e1sicos de movilidad.<\/p>\n<p>El nuevo esquema de la 115 contempla tres ramales con frecuencias que van de 4 a 28 minutos en hora pico, pero ninguno recupera el tramo perdido. Para los vecinos, la integraci\u00f3n es apenas un eufemismo: San Crist\u00f3bal se queda afuera. \u201cEs muy injusto\u201d, repiten en reuniones barriales, mientras reclaman que el transporte p\u00fablico vuelva a pensarse como un servicio esencial y no como un negocio,<\/p>\n<p><!--googleoff: index--><br \/>\n<!--googleon: index--><br \/>\n<img decoding=\"async\" loading=\"lazy\" class=\"aligncenter size-full wp-image-695542\" src=\"https:\/\/www.diario5.com.ar\/wp-content\/uploads\/2025\/11\/la_capital20251126-1.jpg\" width=\"700\" height=\"941\" srcset=\"https:\/\/www.diario5.com.ar\/wp-content\/uploads\/2025\/11\/la_capital20251126-1.jpg 700w, https:\/\/www.diario5.com.ar\/wp-content\/uploads\/2025\/11\/la_capital20251126-1-223x300.jpg 223w\" sizes=\"(max-width: 700px) 100vw, 700px\" \/><\/p>\n<p><img decoding=\"async\" src=\"https:\/\/img.kiosko.net\/2025\/11\/24\/ar\/ar_nueva_provincia.jpg\" \/><\/p>\n<p><img decoding=\"async\" loading=\"lazy\" class=\"aligncenter size-full wp-image-695509\" src=\"https:\/\/www.diario5.com.ar\/wp-content\/uploads\/2025\/11\/ar_ancasti20251124.jpg\" width=\"700\" height=\"942\" \/><\/p>\n<p><img decoding=\"async\" src=\"https:\/\/img.kiosko.net\/2025\/11\/24\/ar\/ar_esquiu.jpg\" \/><\/p>\n<p><img decoding=\"async\" src=\"https:\/\/img.kiosko.net\/2025\/11\/24\/ar\/ar_diario_norte.jpg\" \/><\/p>\n<p><img decoding=\"async\" loading=\"lazy\" class=\"aligncenter size-full wp-image-695510\" src=\"https:\/\/www.diario5.com.ar\/wp-content\/uploads\/2025\/11\/voz_chaco20251124.jpg\" width=\"700\" height=\"816\" srcset=\"https:\/\/www.diario5.com.ar\/wp-content\/uploads\/2025\/11\/voz_chaco20251124.jpg 700w, https:\/\/www.diario5.com.ar\/wp-content\/uploads\/2025\/11\/voz_chaco20251124-257x300.jpg 257w\" sizes=\"(max-width: 700px) 100vw, 700px\" \/><\/p>\n<p><img decoding=\"async\" src=\"https:\/\/img.kiosko.net\/2025\/11\/24\/ar\/ar_diario_madryn.jpg\" \/><\/p>\n<p><img decoding=\"async\" src=\"https:\/\/img.kiosko.net\/2025\/11\/24\/ar\/ar_laprensa.jpg\" \/><\/p>\n<p><img decoding=\"async\" src=\"https:\/\/img.kiosko.net\/2025\/11\/24\/ar\/ar_cronista.jpg\" \/><\/p>\n<p><img decoding=\"async\" src=\"https:\/\/img.kiosko.net\/2025\/11\/24\/ar\/buenosaires_economico.jpg\" \/><\/p>\n<p><img decoding=\"async\" src=\"https:\/\/img.kiosko.net\/2025\/11\/24\/ar\/ar_perfil.jpg\" \/><\/p>\n<p><img decoding=\"async\" loading=\"lazy\" class=\"aligncenter size-full wp-image-695511\" src=\"https:\/\/www.diario5.com.ar\/wp-content\/uploads\/2025\/11\/ar_eldia20251124.jpg\" width=\"700\" height=\"998\" srcset=\"https:\/\/www.diario5.com.ar\/wp-content\/uploads\/2025\/11\/ar_eldia20251124.jpg 700w, https:\/\/www.diario5.com.ar\/wp-content\/uploads\/2025\/11\/ar_eldia20251124-210x300.jpg 210w\" sizes=\"(max-width: 700px) 100vw, 700px\" \/><\/p>\n<p><img decoding=\"async\" src=\"https:\/\/img.kiosko.net\/2025\/11\/24\/ar\/ar_hoy.jpg\" \/><\/p>\n<p><img decoding=\"async\" src=\"https:\/\/img.kiosko.net\/2025\/11\/24\/ar\/ar_democracia.jpg\" \/><\/p>\n<p><img decoding=\"async\" loading=\"lazy\" class=\"aligncenter size-full wp-image-695512\" src=\"https:\/\/www.diario5.com.ar\/wp-content\/uploads\/2025\/11\/ar_chubut20251124.jpg\" width=\"700\" height=\"906\" srcset=\"https:\/\/www.diario5.com.ar\/wp-content\/uploads\/2025\/11\/ar_chubut20251124.jpg 700w, https:\/\/www.diario5.com.ar\/wp-content\/uploads\/2025\/11\/ar_chubut20251124-232x300.jpg 232w\" sizes=\"(max-width: 700px) 100vw, 700px\" \/><\/p>\n<p><img decoding=\"async\" src=\"https:\/\/img.kiosko.net\/2025\/11\/24\/ar\/ar_epoca.jpg\" \/><\/p>\n<p><img decoding=\"async\" src=\"https:\/\/img.kiosko.net\/2025\/11\/24\/ar\/ar_litoral.jpg\" \/><\/p>\n<p><img decoding=\"async\" src=\"https:\/\/img.kiosko.net\/2025\/11\/24\/ar\/ar_heraldo.jpg\" \/><\/p>\n<p><img decoding=\"async\" src=\"https:\/\/img.kiosko.net\/2025\/11\/24\/ar\/ar_manana_formosa.jpg\" \/><\/p>\n<p><img decoding=\"async\" src=\"https:\/\/img.kiosko.net\/2025\/11\/24\/ar\/ar_diario_pampa.jpg\" \/><\/p>\n<p><img decoding=\"async\" src=\"https:\/\/img.kiosko.net\/2025\/11\/24\/ar\/ar_pagina12.jpg\" \/><\/p>\n<p><img decoding=\"async\" src=\"https:\/\/img.kiosko.net\/2025\/11\/24\/ar\/ar_arena.jpg\" \/><\/p>\n<p><img decoding=\"async\" src=\"https:\/\/img.kiosko.net\/2025\/11\/24\/ar\/independiente.jpg\" \/><\/p>\n<p><img decoding=\"async\" src=\"https:\/\/img.kiosko.net\/2025\/11\/24\/ar\/nueva_rioja.jpg\" \/><\/p>\n<p><img decoding=\"async\" src=\"https:\/\/img.kiosko.net\/2025\/11\/24\/ar\/ar_losandes.jpg\" \/><\/p>\n<p><img decoding=\"async\" src=\"https:\/\/img.kiosko.net\/2025\/11\/24\/ar\/ar_tribuno.jpg\" \/><\/p>\n<p><img decoding=\"async\" src=\"https:\/\/img.kiosko.net\/2025\/11\/24\/ar\/lea.jpg\" \/><\/p>\n<p><img decoding=\"async\" src=\"https:\/\/img.kiosko.net\/2025\/11\/24\/ar\/ar_nuevo_diario.jpg\" \/><\/p>\n<p><img decoding=\"async\" src=\"https:\/\/img.kiosko.net\/2025\/11\/24\/ar\/ar_diario_cuyo.jpg\" \/><\/p>\n<p><img decoding=\"async\" src=\"https:\/\/img.kiosko.net\/2025\/11\/24\/ar\/huarpe.jpg\" \/><\/p>\n<p><img decoding=\"async\" src=\"https:\/\/img.kiosko.net\/2025\/11\/24\/ar\/ar_diario_republica.jpg\" \/><\/p>\n<p><img decoding=\"async\" src=\"https:\/\/img.kiosko.net\/2025\/11\/24\/ar\/ar_litoral_sfe.jpg\" \/><\/p>\n<p><img decoding=\"async\" src=\"https:\/\/img.kiosko.net\/2025\/11\/24\/ar\/ciudadano.jpg\" \/><\/p>\n<p><img decoding=\"async\" src=\"https:\/\/img.kiosko.net\/2025\/11\/24\/ar\/ar_mirador_provincial.jpg\" \/><\/p>\n<p><img decoding=\"async\" src=\"https:\/\/img.kiosko.net\/2025\/11\/24\/ar\/ar_gaceta.jpg\" \/><\/p>\n<p><img decoding=\"async\" src=\"https:\/\/img.kiosko.net\/2025\/11\/24\/ar\/ar_cronica.jpg\" \/><\/p>\n<p><img decoding=\"async\" loading=\"lazy\" class=\"aligncenter size-full wp-image-695513\" src=\"https:\/\/www.diario5.com.ar\/wp-content\/uploads\/2025\/11\/ar_clarin20251124.jpg\" width=\"700\" height=\"977\" srcset=\"https:\/\/www.diario5.com.ar\/wp-content\/uploads\/2025\/11\/ar_clarin20251124.jpg 700w, https:\/\/www.diario5.com.ar\/wp-content\/uploads\/2025\/11\/ar_clarin20251124-215x300.jpg 215w\" sizes=\"(max-width: 700px) 100vw, 700px\" \/><\/p>\n<p><img decoding=\"async\" loading=\"lazy\" class=\"aligncenter size-full wp-image-695543\" src=\"https:\/\/www.diario5.com.ar\/wp-content\/uploads\/2025\/11\/nacion20251126-2.jpg\" width=\"700\" height=\"1081\" srcset=\"https:\/\/www.diario5.com.ar\/wp-content\/uploads\/2025\/11\/nacion20251126-2.jpg 700w, https:\/\/www.diario5.com.ar\/wp-content\/uploads\/2025\/11\/nacion20251126-2-194x300.jpg 194w, https:\/\/www.diario5.com.ar\/wp-content\/uploads\/2025\/11\/nacion20251126-2-663x1024.jpg 663w\" sizes=\"(max-width: 700px) 100vw, 700px\" \/><\/p>\n<p><img decoding=\"async\" src=\"https:\/\/img.kiosko.net\/2025\/11\/24\/ar\/ar_eco.jpg\" \/><\/p>\n<p><img decoding=\"async\" src=\"https:\/\/img.kiosko.net\/2025\/11\/24\/ar\/nuevo_diario.jpg\" \/><\/p>\n<p><img decoding=\"async\" src=\"https:\/\/img.kiosko.net\/2025\/11\/24\/ar\/sureno.jpg\" \/><\/p>\n<p><img decoding=\"async\" loading=\"lazy\" class=\"aligncenter size-full wp-image-695509\" src=\"https:\/\/www.diario5.com.ar\/wp-content\/uploads\/2025\/11\/ar_ancasti20251124.jpg\" width=\"700\" height=\"942\" \/><\/p>\n<p><img decoding=\"async\" src=\"https:\/\/img.kiosko.net\/2025\/11\/24\/ar\/tiempo_sur.jpg\" \/><\/p>\n<p><img decoding=\"async\" src=\"https:\/\/img.kiosko.net\/2025\/11\/24\/uy\/ar\/tiempo_argentino.jpg\" \/><\/p>\n<p><img decoding=\"async\" src=\"https:\/\/img.kiosko.net\/2025\/11\/24\/ar\/ar_epoca.jpg\" \/><\/p>\n<p><img decoding=\"async\" src=\"https:\/\/img.kiosko.net\/2025\/11\/24\/ar\/ar_elsol.jpg\" \/><\/p>\n<p><img decoding=\"async\" src=\"https:\/\/img.kiosko.net\/2025\/11\/24\/ar\/ar_01.jpg\" \/><\/p>\n<p><img decoding=\"async\" src=\"https:\/\/img.kiosko.net\/2025\/11\/24\/ar\/ar_02.jpg\" \/><\/p>\n<p><img decoding=\"async\" src=\"https:\/\/img.kiosko.net\/2025\/11\/24\/ar\/ar_03.jpg\" \/><\/p>\n<p><img decoding=\"async\" src=\"https:\/\/img.kiosko.net\/2025\/11\/24\/ar\/ar_04.jpg\" \/><\/p>\n<p><img decoding=\"async\" src=\"https:\/\/img.kiosko.net\/2025\/11\/24\/ar\/ar_05.jpg\" \/><\/p>\n<p>&nbsp;<\/p>","protected":false},"excerpt":{"rendered":"<p>&nbsp; Los vecinos de San Crist\u00f3bal sienten que el barrio qued\u00f3 nuevamente marginado del mapa del transporte porte\u00f1o. La eliminaci\u00f3n de la l\u00ednea 23, absorbida por la 115 tras la Resoluci\u00f3n 180\/2025, dej\u00f3 afuera el tramo Boedo\u2013Retiro, un recorrido importante para una cantidad de pasajeros que, a criterio de Transportes Automotores Riachuelo S.A. y el [&hellip;]<\/p>","protected":false},"author":27,"featured_media":695541,"comment_status":"open","ping_status":"open","sticky":false,"template":"","format":"standard","meta":[],"categories":[2406,3,56,25],"tags":[2872,959,630,87,4496,1826,1631,2794,1908,4495,4280,2671,4282,2719,4498,2223,1043,849,3356,2720,929,4497],"series":[],"_links":{"self":[{"href":"https:\/\/www.diario5.com.ar\/es\/wp-json\/wp\/v2\/posts\/692438"}],"collection":[{"href":"https:\/\/www.diario5.com.ar\/es\/wp-json\/wp\/v2\/posts"}],"about":[{"href":"https:\/\/www.diario5.com.ar\/es\/wp-json\/wp\/v2\/types\/post"}],"author":[{"embeddable":true,"href":"https:\/\/www.diario5.com.ar\/es\/wp-json\/wp\/v2\/users\/27"}],"replies":[{"embeddable":true,"href":"https:\/\/www.diario5.com.ar\/es\/wp-json\/wp\/v2\/comments?post=692438"}],"version-history":[{"count":5,"href":"https:\/\/www.diario5.com.ar\/es\/wp-json\/wp\/v2\/posts\/692438\/revisions"}],"predecessor-version":[{"id":695506,"href":"https:\/\/www.diario5.com.ar\/es\/wp-json\/wp\/v2\/posts\/692438\/revisions\/695506"}],"wp:featuredmedia":[{"embeddable":true,"href":"https:\/\/www.diario5.com.ar\/es\/wp-json\/wp\/v2\/media\/695541"}],"wp:attachment":[{"href":"https:\/\/www.diario5.com.ar\/es\/wp-json\/wp\/v2\/media?parent=692438"}],"wp:term":[{"taxonomy":"category","embeddable":true,"href":"https:\/\/www.diario5.com.ar\/es\/wp-json\/wp\/v2\/categories?post=692438"},{"taxonomy":"post_tag","embeddable":true,"href":"https:\/\/www.diario5.com.ar\/es\/wp-json\/wp\/v2\/tags?post=692438"},{"taxonomy":"series","embeddable":true,"href":"https:\/\/www.diario5.com.ar\/es\/wp-json\/wp\/v2\/series?post=692438"}],"curies":[{"name":"wp","href":"https:\/\/api.w.org\/{rel}","templated":true}]}}