{"id":692418,"date":"2025-11-04T06:00:00","date_gmt":"2025-11-04T09:00:00","guid":{"rendered":"http:\/\/diario5.com.ar\/?p=692418"},"modified":"2025-11-04T22:12:12","modified_gmt":"2025-11-05T01:12:12","slug":"692418","status":"publish","type":"post","link":"https:\/\/www.diario5.com.ar\/es\/692418\/","title":{"rendered":"Recordaci\u00f3n"},"content":{"rendered":"<h2 class=\"sub-title-primary\"><\/h2> <p><img decoding=\"async\" src=\"https:\/\/www.diario5.com.ar\/imgtapas\/logo_poli_ciudad.jpg\" \/><\/p>\n<p>La Ciudad realiz\u00f3 un acto en homenaje a los polic\u00edas fallecidos en cumplimiento del deber, en el monumento ubicado en avenida Bullrich y Cervi\u00f1o, en Palermo. La ceremonia reuni\u00f3 a familiares, compa\u00f1eros de fuerza y autoridades, en el marco del D\u00eda de los Ca\u00eddos de la Polic\u00eda de la Ciudad, que se conmemora cada 31 de octubre.<\/p>\n<p>Durante el \u00faltimo a\u00f1o, tres agentes perdieron la vida en servicio: el oficial mayor Alexis Leguizam\u00f3n, asesinado en Jos\u00e9 C. Paz; el comisario mayor Enrique Mattiauda, baleado en Villa Lugano; y el principal Claudio \u00c1lvarez, fallecido en un accidente en San Crist\u00f3bal. El acto incluy\u00f3 palabras de reconocimiento a su labor y llamados a reforzar la coordinaci\u00f3n entre jurisdicciones para mejorar la protecci\u00f3n de los efectivos.<\/p>\n<p>La fecha recuerda a los oficiales Christian Lescano y Julio G\u00f3mez, ca\u00eddos en 2017 durante un enfrentamiento armado. El homenaje fue encabezado por el Gobierno de la Ciudad de Buenos Aires.<\/p>\n<p><!--googleoff: index--><br \/>\n<!--googleon: index--><\/p>\n<p>&nbsp;<\/p>\n<p><img decoding=\"async\" loading=\"lazy\" class=\"aligncenter size-full wp-image-695252\" src=\"https:\/\/www.diario5.com.ar\/wp-content\/uploads\/2025\/11\/voz_chaco20251104.jpg\" width=\"700\" height=\"822\" srcset=\"https:\/\/www.diario5.com.ar\/wp-content\/uploads\/2025\/11\/voz_chaco20251104.jpg 700w, https:\/\/www.diario5.com.ar\/wp-content\/uploads\/2025\/11\/voz_chaco20251104-255x300.jpg 255w\" sizes=\"(max-width: 700px) 100vw, 700px\" \/><\/p>\n<p><img decoding=\"async\" loading=\"lazy\" class=\"aligncenter size-full wp-image-695256\" src=\"https:\/\/www.diario5.com.ar\/wp-content\/uploads\/2025\/11\/ar_cronista20251104.jpg\" width=\"700\" height=\"995\" srcset=\"https:\/\/www.diario5.com.ar\/wp-content\/uploads\/2025\/11\/ar_cronista20251104.jpg 700w, https:\/\/www.diario5.com.ar\/wp-content\/uploads\/2025\/11\/ar_cronista20251104-211x300.jpg 211w\" sizes=\"(max-width: 700px) 100vw, 700px\" \/><\/p>\n<p><img decoding=\"async\" loading=\"lazy\" class=\"aligncenter size-full wp-image-695253\" src=\"https:\/\/www.diario5.com.ar\/wp-content\/uploads\/2025\/11\/ar_eldia20251104.jpg\" width=\"700\" height=\"1035\" srcset=\"https:\/\/www.diario5.com.ar\/wp-content\/uploads\/2025\/11\/ar_eldia20251104.jpg 700w, https:\/\/www.diario5.com.ar\/wp-content\/uploads\/2025\/11\/ar_eldia20251104-203x300.jpg 203w, https:\/\/www.diario5.com.ar\/wp-content\/uploads\/2025\/11\/ar_eldia20251104-693x1024.jpg 693w\" sizes=\"(max-width: 700px) 100vw, 700px\" \/><\/p>\n<p><img decoding=\"async\" loading=\"lazy\" class=\"aligncenter size-full wp-image-695254\" src=\"https:\/\/www.diario5.com.ar\/wp-content\/uploads\/2025\/11\/ar_chubut20251104.jpg\" width=\"700\" height=\"903\" srcset=\"https:\/\/www.diario5.com.ar\/wp-content\/uploads\/2025\/11\/ar_chubut20251104.jpg 700w, https:\/\/www.diario5.com.ar\/wp-content\/uploads\/2025\/11\/ar_chubut20251104-233x300.jpg 233w\" sizes=\"(max-width: 700px) 100vw, 700px\" \/><\/p>\n<p><img decoding=\"async\" loading=\"lazy\" class=\"aligncenter size-full wp-image-695255\" src=\"https:\/\/www.diario5.com.ar\/wp-content\/uploads\/2025\/11\/ar_clarin20251104.jpg\" width=\"700\" height=\"977\" srcset=\"https:\/\/www.diario5.com.ar\/wp-content\/uploads\/2025\/11\/ar_clarin20251104.jpg 700w, https:\/\/www.diario5.com.ar\/wp-content\/uploads\/2025\/11\/ar_clarin20251104-215x300.jpg 215w\" sizes=\"(max-width: 700px) 100vw, 700px\" \/><\/p>\n<p><img decoding=\"async\" loading=\"lazy\" class=\"aligncenter size-full wp-image-695257\" src=\"https:\/\/www.diario5.com.ar\/wp-content\/uploads\/2025\/11\/nacion20251104.jpg\" width=\"700\" height=\"1056\" srcset=\"https:\/\/www.diario5.com.ar\/wp-content\/uploads\/2025\/11\/nacion20251104.jpg 700w, https:\/\/www.diario5.com.ar\/wp-content\/uploads\/2025\/11\/nacion20251104-199x300.jpg 199w, https:\/\/www.diario5.com.ar\/wp-content\/uploads\/2025\/11\/nacion20251104-679x1024.jpg 679w\" sizes=\"(max-width: 700px) 100vw, 700px\" \/><\/p>","protected":false},"excerpt":{"rendered":"<p>La Ciudad realiz\u00f3 un acto en homenaje a los polic\u00edas fallecidos en cumplimiento del deber, en el monumento ubicado en avenida Bullrich y Cervi\u00f1o, en Palermo. La ceremonia reuni\u00f3 a familiares, compa\u00f1eros de fuerza y autoridades, en el marco del D\u00eda de los Ca\u00eddos de la Polic\u00eda de la Ciudad, que se conmemora cada 31 [&hellip;]<\/p>","protected":false},"author":23,"featured_media":695251,"comment_status":"open","ping_status":"open","sticky":false,"template":"","format":"standard","meta":[],"categories":[673,28,56],"tags":[474,630,2794,2931,1632,3336,1362,546,849],"series":[],"_links":{"self":[{"href":"https:\/\/www.diario5.com.ar\/es\/wp-json\/wp\/v2\/posts\/692418"}],"collection":[{"href":"https:\/\/www.diario5.com.ar\/es\/wp-json\/wp\/v2\/posts"}],"about":[{"href":"https:\/\/www.diario5.com.ar\/es\/wp-json\/wp\/v2\/types\/post"}],"author":[{"embeddable":true,"href":"https:\/\/www.diario5.com.ar\/es\/wp-json\/wp\/v2\/users\/23"}],"replies":[{"embeddable":true,"href":"https:\/\/www.diario5.com.ar\/es\/wp-json\/wp\/v2\/comments?post=692418"}],"version-history":[{"count":3,"href":"https:\/\/www.diario5.com.ar\/es\/wp-json\/wp\/v2\/posts\/692418\/revisions"}],"predecessor-version":[{"id":695258,"href":"https:\/\/www.diario5.com.ar\/es\/wp-json\/wp\/v2\/posts\/692418\/revisions\/695258"}],"wp:featuredmedia":[{"embeddable":true,"href":"https:\/\/www.diario5.com.ar\/es\/wp-json\/wp\/v2\/media\/695251"}],"wp:attachment":[{"href":"https:\/\/www.diario5.com.ar\/es\/wp-json\/wp\/v2\/media?parent=692418"}],"wp:term":[{"taxonomy":"category","embeddable":true,"href":"https:\/\/www.diario5.com.ar\/es\/wp-json\/wp\/v2\/categories?post=692418"},{"taxonomy":"post_tag","embeddable":true,"href":"https:\/\/www.diario5.com.ar\/es\/wp-json\/wp\/v2\/tags?post=692418"},{"taxonomy":"series","embeddable":true,"href":"https:\/\/www.diario5.com.ar\/es\/wp-json\/wp\/v2\/series?post=692418"}],"curies":[{"name":"wp","href":"https:\/\/api.w.org\/{rel}","templated":true}]}}