{"id":692415,"date":"2025-11-01T06:00:00","date_gmt":"2025-11-01T09:00:00","guid":{"rendered":"http:\/\/diario5.com.ar\/?p=692415"},"modified":"2025-11-01T06:02:56","modified_gmt":"2025-11-01T09:02:56","slug":"692415","status":"publish","type":"post","link":"https:\/\/www.diario5.com.ar\/es\/692415\/","title":{"rendered":"Renovaci\u00f3n de term\u00f3metros"},"content":{"rendered":"<h2 class=\"sub-title-primary\"><\/h2> <p><img decoding=\"async\" loading=\"lazy\" class=\"aligncenter size-full wp-image-695221\" src=\"https:\/\/www.diario5.com.ar\/wp-content\/uploads\/2025\/11\/Foto-120251101.jpg\" width=\"700\" height=\"400\" alt=\"Sin Mercurio\" srcset=\"https:\/\/www.diario5.com.ar\/wp-content\/uploads\/2025\/11\/Foto-120251101.jpg 700w, https:\/\/www.diario5.com.ar\/wp-content\/uploads\/2025\/11\/Foto-120251101-300x171.jpg 300w\" sizes=\"(max-width: 700px) 100vw, 700px\" \/><\/p>\n<p>Comienza hoy\u00a0 una campa\u00f1a para el recambio de term\u00f3metros de mercurio.<\/p>\n<p>\u00bfPor y para qu\u00e9?<\/p>\n<p>A varias generaciones se nos vino encima la denominada \u00abcorrecta gesti\u00f3n ambiental\u00bb.<\/p>\n<p>Es que son muchos temas.<\/p>\n<p>Los dispositivos deben ser cambiados por un term\u00f3metro digital o infrarrojo.<\/p>\n<p>La campa\u00f1a se llama \u201cBuenos Aires sin mercurio\u201d. Se cambiar\u00e1n term\u00f3metros, bar\u00f3metros, hidr\u00f3metros o tubos man\u00f3metros que contengan mercurio, sin importar si est\u00e1n sanos o da\u00f1ados. La propuesta consiste en cambiar aquellos elementos que contienen mercurio por un term\u00f3metro digital o de pistola seg\u00fan disponibilidad y hasta agotar el stock.<\/p>\n<p>Quienes quieran participar, acercarse s los Puntos Verdes M\u00f3viles con un impuesto o servicio a su nombre. Con un cronograma que est\u00e1 publicado en la web del GCBA, buenosaires.gob.ar<\/p>\n<p>El mercurio es peligroso para la salud: al tacto, puede irritar la piel o intoxicar levemente e irradia vapores t\u00f3xicos que pueden afectar fuertemente si se los inhala. Una eventual ingesta es m\u00e1s peligrosa, especialmente para la salud renal y el sistema nervioso. Para conocer el cronograma de los Puntos Verdes M\u00f3viles se puede ingresar en https:\/\/buenosaires.gob.ar\/vicejefatura\/ambiente\/agencia-de-proteccion-ambiental\/cronograma-de-puntos-verdes-moviles<\/p>\n<p>En diciembre, los puntos seguir\u00e1n recibiendo estos elementos para su descarte, pero sin intercambio. Farmacity aporta los nuevos term\u00f3metros. Todo el material recolectado se trata como residuo peligroso y se dispone en rellenos de seguridad.<\/p>\n<p>En las comunas 1 a 5, durante esta semana del 1 al 7 de noviembre, los Puntos Verdes M\u00f3viles de la Ciudad de Buenos Aires estar\u00e1n disponibles para la recolecci\u00f3n de residuos reciclables y -en el marco de la campa\u00f1a \u201cBuenos Aires sin mercurio\u201d- recibir term\u00f3metros y otros instrumentos con mercurio.<\/p>\n<p>En la Comuna 1, el punto estar\u00e1 en Retiro todos los mi\u00e9rcoles de 10 a 14 horas, en Plaza Libertad, sobre la FIAB en la esquina de Cerrito y Marcelo T. de Alvear. En la Comuna 2, funcionar\u00e1 en Recoleta los jueves de 10 a 14, en Parque Vicente L\u00f3pez y Planes, en la FIAB sobre la esquina de Paran\u00e1 y Juncal. En Balvanera (Comuna 3), estar\u00e1 disponible los s\u00e1bados de 10 a 13 en Plaza Primero de Mayo, sobre Hip\u00f3lito Yrigoyen entre Pasco y Pichincha.<\/p>\n<p>En Parque Patricios, Comuna 4, el punto operar\u00e1 los mi\u00e9rcoles de 10 a 14 en la FIAB ubicada en la esquina de Monteagudo y Patagones. Finalmente, en la Comuna 5, el servicio se prestar\u00e1 en Boedo los lunes de 10 a 14 en S\u00e1nchez de Loria 1000, entre Carlos Calvo y Estados Unidos.<\/p>\n<p><strong>\u00bfEl problema del cambio? La calidad de los productos.<\/strong><\/p>\n<p>Un term\u00f3metro digital fabricado en 17 segundos en una planta multiindustrial china entre los a\u00f1os 2018 y 2025 no le llega ni al zapato al valor que hoy podr\u00eda tener un term\u00f3metro con mercurio de l<span dir=\"auto\">a empresa Faichney Instrument y no podr\u00eda jam\u00e1s alcanzar los valores comerciales qeu tienen los term\u00f3metros de colecci\u00f3n que dise\u00f1\u00f3 el propio Gabriel Fahrenheit en el S XVIII<\/span><\/p>\n<p>&nbsp;<\/p>\n<p><img decoding=\"async\" src=\"https:\/\/img.kiosko.net\/2025\/11\/01\/ar\/la_capital.jpg\" \/><\/p>\n<p><img decoding=\"async\" src=\"https:\/\/img.kiosko.net\/2025\/11\/01\/ar\/ar_nueva_provincia.jpg\" \/><\/p>\n<p><img decoding=\"async\" loading=\"lazy\" class=\"aligncenter size-full wp-image-695222\" src=\"https:\/\/www.diario5.com.ar\/wp-content\/uploads\/2025\/11\/ar_ancasti20251101.jpg\" width=\"700\" height=\"949\" srcset=\"https:\/\/www.diario5.com.ar\/wp-content\/uploads\/2025\/11\/ar_ancasti20251101.jpg 700w, https:\/\/www.diario5.com.ar\/wp-content\/uploads\/2025\/11\/ar_ancasti20251101-221x300.jpg 221w\" sizes=\"(max-width: 700px) 100vw, 700px\" \/><\/p>\n<p><img decoding=\"async\" src=\"https:\/\/img.kiosko.net\/2025\/11\/01\/ar\/ar_esquiu.jpg\" \/><\/p>\n<p><img decoding=\"async\" src=\"https:\/\/img.kiosko.net\/2025\/11\/01\/ar\/ar_diario_norte.jpg\" \/><\/p>\n<p><img decoding=\"async\" src=\"https:\/\/img.kiosko.net\/2025\/11\/01\/ar\/voz_chaco.jpg\" \/><\/p>\n<p><img decoding=\"async\" src=\"https:\/\/img.kiosko.net\/2025\/11\/01\/ar\/ar_diario_madryn.jpg\" \/><\/p>\n<p><img decoding=\"async\" src=\"https:\/\/img.kiosko.net\/2025\/11\/01\/ar\/ar_laprensa.jpg\" \/><\/p>\n<p><img decoding=\"async\" src=\"https:\/\/img.kiosko.net\/2025\/11\/01\/ar\/ar_cronista.jpg\" \/><\/p>\n<p><img decoding=\"async\" src=\"https:\/\/img.kiosko.net\/2025\/11\/01\/ar\/buenosaires_economico.jpg\" \/><\/p>\n<p><img decoding=\"async\" src=\"https:\/\/img.kiosko.net\/2025\/11\/01\/ar\/ar_perfil.jpg\" \/><\/p>\n<p><img decoding=\"async\" src=\"https:\/\/img.kiosko.net\/2025\/11\/01\/ar\/ar_eldia.jpg\" \/><\/p>\n<p><img decoding=\"async\" src=\"https:\/\/img.kiosko.net\/2025\/11\/01\/ar\/ar_hoy.jpg\" \/><\/p>\n<p><img decoding=\"async\" src=\"https:\/\/img.kiosko.net\/2025\/11\/01\/ar\/ar_democracia.jpg\" \/><\/p>\n<p><img decoding=\"async\" loading=\"lazy\" class=\"aligncenter size-full wp-image-695223\" src=\"https:\/\/www.diario5.com.ar\/wp-content\/uploads\/2025\/11\/ar_chubut20251101.jpg\" width=\"700\" height=\"904\" srcset=\"https:\/\/www.diario5.com.ar\/wp-content\/uploads\/2025\/11\/ar_chubut20251101.jpg 700w, https:\/\/www.diario5.com.ar\/wp-content\/uploads\/2025\/11\/ar_chubut20251101-232x300.jpg 232w\" sizes=\"(max-width: 700px) 100vw, 700px\" \/><\/p>\n<p><img decoding=\"async\" src=\"https:\/\/img.kiosko.net\/2025\/11\/01\/ar\/ar_epoca.jpg\" \/><\/p>\n<p><img decoding=\"async\" src=\"https:\/\/img.kiosko.net\/2025\/11\/01\/ar\/ar_litoral.jpg\" \/><\/p>\n<p><img decoding=\"async\" src=\"https:\/\/img.kiosko.net\/2025\/11\/01\/ar\/ar_heraldo.jpg\" \/><\/p>\n<p><img decoding=\"async\" src=\"https:\/\/img.kiosko.net\/2025\/11\/01\/ar\/ar_manana_formosa.jpg\" \/><\/p>\n<p><img decoding=\"async\" src=\"https:\/\/img.kiosko.net\/2025\/11\/01\/ar\/ar_diario_pampa.jpg\" \/><\/p>\n<p><img decoding=\"async\" src=\"https:\/\/img.kiosko.net\/2025\/11\/01\/ar\/ar_pagina12.jpg\" \/><\/p>\n<p><img decoding=\"async\" src=\"https:\/\/img.kiosko.net\/2025\/11\/01\/ar\/ar_arena.jpg\" \/><\/p>\n<p><img decoding=\"async\" src=\"https:\/\/img.kiosko.net\/2025\/11\/01\/ar\/independiente.jpg\" \/><\/p>\n<p><img decoding=\"async\" src=\"https:\/\/img.kiosko.net\/2025\/11\/01\/ar\/nueva_rioja.jpg\" \/><\/p>\n<p><img decoding=\"async\" src=\"https:\/\/img.kiosko.net\/2025\/11\/01\/ar\/ar_losandes.jpg\" \/><\/p>\n<p><img decoding=\"async\" src=\"https:\/\/img.kiosko.net\/2025\/11\/01\/ar\/ar_tribuno.jpg\" \/><\/p>\n<p><img decoding=\"async\" src=\"https:\/\/img.kiosko.net\/2025\/11\/01\/ar\/lea.jpg\" \/><\/p>\n<p><img decoding=\"async\" src=\"https:\/\/img.kiosko.net\/2025\/11\/01\/ar\/ar_nuevo_diario.jpg\" \/><\/p>\n<p><img decoding=\"async\" src=\"https:\/\/img.kiosko.net\/2025\/11\/01\/ar\/ar_diario_cuyo.jpg\" \/><\/p>\n<p><img decoding=\"async\" src=\"https:\/\/img.kiosko.net\/2025\/11\/01\/ar\/huarpe.jpg\" \/><\/p>\n<p><img decoding=\"async\" src=\"https:\/\/img.kiosko.net\/2025\/11\/01\/ar\/ar_diario_republica.jpg\" \/><\/p>\n<p><img decoding=\"async\" src=\"https:\/\/img.kiosko.net\/2025\/11\/01\/ar\/ar_litoral_sfe.jpg\" \/><\/p>\n<p><img decoding=\"async\" src=\"https:\/\/img.kiosko.net\/2025\/11\/01\/ar\/ciudadano.jpg\" \/><\/p>\n<p><img decoding=\"async\" src=\"https:\/\/img.kiosko.net\/2025\/11\/01\/ar\/ar_mirador_provincial.jpg\" \/><\/p>\n<p><img decoding=\"async\" src=\"https:\/\/img.kiosko.net\/2025\/11\/01\/ar\/ar_gaceta.jpg\" \/><\/p>\n<p><img decoding=\"async\" src=\"https:\/\/img.kiosko.net\/2025\/11\/01\/ar\/ar_cronica.jpg\" \/><\/p>\n<p><img decoding=\"async\" loading=\"lazy\" class=\"aligncenter size-full wp-image-695224\" src=\"https:\/\/www.diario5.com.ar\/wp-content\/uploads\/2025\/11\/ar_clarin20251101.jpg\" width=\"700\" height=\"977\" srcset=\"https:\/\/www.diario5.com.ar\/wp-content\/uploads\/2025\/11\/ar_clarin20251101.jpg 700w, https:\/\/www.diario5.com.ar\/wp-content\/uploads\/2025\/11\/ar_clarin20251101-215x300.jpg 215w\" sizes=\"(max-width: 700px) 100vw, 700px\" \/><\/p>\n<p><img decoding=\"async\" src=\"https:\/\/img.kiosko.net\/2025\/11\/01\/ar\/nacion.jpg\" \/><\/p>\n<p><img decoding=\"async\" src=\"https:\/\/img.kiosko.net\/2025\/11\/01\/ar\/ar_eco.jpg\" \/><\/p>\n<p><img decoding=\"async\" src=\"https:\/\/img.kiosko.net\/2025\/11\/01\/ar\/nuevo_diario.jpg\" \/><\/p>\n<p><img decoding=\"async\" src=\"https:\/\/img.kiosko.net\/2025\/11\/01\/ar\/sureno.jpg\" \/><\/p>\n<p><img decoding=\"async\" loading=\"lazy\" class=\"aligncenter size-full wp-image-695222\" src=\"https:\/\/www.diario5.com.ar\/wp-content\/uploads\/2025\/11\/ar_ancasti20251101.jpg\" width=\"700\" height=\"949\" srcset=\"https:\/\/www.diario5.com.ar\/wp-content\/uploads\/2025\/11\/ar_ancasti20251101.jpg 700w, https:\/\/www.diario5.com.ar\/wp-content\/uploads\/2025\/11\/ar_ancasti20251101-221x300.jpg 221w\" sizes=\"(max-width: 700px) 100vw, 700px\" \/><\/p>\n<p><img decoding=\"async\" src=\"https:\/\/img.kiosko.net\/2025\/11\/01\/ar\/tiempo_sur.jpg\" \/><\/p>\n<p><img decoding=\"async\" src=\"https:\/\/img.kiosko.net\/2025\/11\/01\/uy\/ar\/tiempo_argentino.jpg\" \/><\/p>\n<p><img decoding=\"async\" src=\"https:\/\/img.kiosko.net\/2025\/11\/01\/ar\/ar_epoca.jpg\" \/><\/p>\n<p><img decoding=\"async\" src=\"https:\/\/img.kiosko.net\/2025\/11\/01\/ar\/ar_elsol.jpg\" \/><\/p>\n<p><img decoding=\"async\" src=\"https:\/\/img.kiosko.net\/2025\/11\/01\/ar\/ar_01.jpg\" \/><\/p>\n<p><img decoding=\"async\" src=\"https:\/\/img.kiosko.net\/2025\/11\/01\/ar\/ar_02.jpg\" \/><\/p>\n<p><img decoding=\"async\" src=\"https:\/\/img.kiosko.net\/2025\/11\/01\/ar\/ar_03.jpg\" \/><\/p>\n<p><img decoding=\"async\" src=\"https:\/\/img.kiosko.net\/2025\/11\/01\/ar\/ar_04.jpg\" \/><\/p>\n<p><img decoding=\"async\" src=\"https:\/\/img.kiosko.net\/2025\/11\/01\/ar\/ar_05.jpg\" \/><\/p>\n<p>&nbsp;<\/p>","protected":false},"excerpt":{"rendered":"<p>Comienza hoy\u00a0 una campa\u00f1a para el recambio de term\u00f3metros de mercurio. \u00bfPor y para qu\u00e9? A varias generaciones se nos vino encima la denominada \u00abcorrecta gesti\u00f3n ambiental\u00bb. Es que son muchos temas. Los dispositivos deben ser cambiados por un term\u00f3metro digital o infrarrojo. La campa\u00f1a se llama \u201cBuenos Aires sin mercurio\u201d. Se cambiar\u00e1n term\u00f3metros, bar\u00f3metros, [&hellip;]<\/p>","protected":false},"author":5,"featured_media":695221,"comment_status":"open","ping_status":"open","sticky":false,"template":"","format":"standard","meta":[],"categories":[95,2062,56],"tags":[2872,3256,957,959,474,4347,4346,2714,630,3686,4353,994,4351,1631,3856,2529,4352,939,960,4350,2426,4354,4300,4349,2223,3387,537,2493,4348,1683,1083,2351],"series":[],"_links":{"self":[{"href":"https:\/\/www.diario5.com.ar\/es\/wp-json\/wp\/v2\/posts\/692415"}],"collection":[{"href":"https:\/\/www.diario5.com.ar\/es\/wp-json\/wp\/v2\/posts"}],"about":[{"href":"https:\/\/www.diario5.com.ar\/es\/wp-json\/wp\/v2\/types\/post"}],"author":[{"embeddable":true,"href":"https:\/\/www.diario5.com.ar\/es\/wp-json\/wp\/v2\/users\/5"}],"replies":[{"embeddable":true,"href":"https:\/\/www.diario5.com.ar\/es\/wp-json\/wp\/v2\/comments?post=692415"}],"version-history":[{"count":3,"href":"https:\/\/www.diario5.com.ar\/es\/wp-json\/wp\/v2\/posts\/692415\/revisions"}],"predecessor-version":[{"id":695219,"href":"https:\/\/www.diario5.com.ar\/es\/wp-json\/wp\/v2\/posts\/692415\/revisions\/695219"}],"wp:featuredmedia":[{"embeddable":true,"href":"https:\/\/www.diario5.com.ar\/es\/wp-json\/wp\/v2\/media\/695221"}],"wp:attachment":[{"href":"https:\/\/www.diario5.com.ar\/es\/wp-json\/wp\/v2\/media?parent=692415"}],"wp:term":[{"taxonomy":"category","embeddable":true,"href":"https:\/\/www.diario5.com.ar\/es\/wp-json\/wp\/v2\/categories?post=692415"},{"taxonomy":"post_tag","embeddable":true,"href":"https:\/\/www.diario5.com.ar\/es\/wp-json\/wp\/v2\/tags?post=692415"},{"taxonomy":"series","embeddable":true,"href":"https:\/\/www.diario5.com.ar\/es\/wp-json\/wp\/v2\/series?post=692415"}],"curies":[{"name":"wp","href":"https:\/\/api.w.org\/{rel}","templated":true}]}}