{"id":692414,"date":"2025-10-31T06:00:00","date_gmt":"2025-10-31T09:00:00","guid":{"rendered":"http:\/\/diario5.com.ar\/?p=692414"},"modified":"2025-11-01T00:26:56","modified_gmt":"2025-11-01T03:26:56","slug":"692414","status":"publish","type":"post","link":"https:\/\/www.diario5.com.ar\/es\/692414\/","title":{"rendered":"61 d\u00edas fuertes"},"content":{"rendered":"<h2 class=\"sub-title-primary\">Pasarla mal por c\u00f3mo somos. <\/h2> <p><img decoding=\"async\" loading=\"lazy\" class=\"aligncenter size-full wp-image-695205\" src=\"https:\/\/www.diario5.com.ar\/wp-content\/uploads\/2025\/10\/piramide_de_mayo_cielo_120020251031.jpg\" width=\"700\" height=\"285\" srcset=\"https:\/\/www.diario5.com.ar\/wp-content\/uploads\/2025\/10\/piramide_de_mayo_cielo_120020251031.jpg 700w, https:\/\/www.diario5.com.ar\/wp-content\/uploads\/2025\/10\/piramide_de_mayo_cielo_120020251031-300x122.jpg 300w\" sizes=\"(max-width: 700px) 100vw, 700px\" \/><\/p>\n<p>Ya hay quienes, con ansias de protagonismo hist\u00f3rico, aseguran que la energ\u00eda que adquirir\u00e1 el \u00faltimo bimestre de 2025 tiene pocos precedentes. No es tan as\u00ed. Para bien o para otro efecto, la Argentina vivi\u00f3 muchos cierres de a\u00f1o de alta vibra.<\/p>\n<p>Tenemos varios fines de a\u00f1o marcados por turbulencias pol\u00edticas que dejaron huella en la memoria colectiva. Hay quienes consideran que algunos episodios se repiten como advertencia. Y est\u00e1n los que sentencian que tenemos el s\u00edntoma de los ciclos que no terminan de cerrarse.<\/p>\n<p>Por eso, en el arranque de noviembre, muchos nos miramos los unos a los otros. No parece presentarse con esos riesgos este a\u00f1o: un gobierno de extracci\u00f3n ultraliberal, representante de una derecha que se presenta implacable y poco negociadora, acaba de ser refrendado por la sociedad en las urnas. Como lo fue el de Menem, un blas\u00f3n del andarivel peronista m\u00e1s faccioso, que se larg\u00f3 a buscar el apoyo porte\u00f1o en 1991 y lo consigui\u00f3, por \u00fanica vez.<\/p>\n<p>En 1989, el pa\u00eds viv\u00eda el colapso hiperinflacionario, efecto de la m\u00e1s canalla alianza empresarial-financiera-sindical-pol\u00edtica, que precipit\u00f3 la salida anticipada de Ra\u00fal Alfons\u00edn y la asunci\u00f3n de Carlos Menem en julio, con el clima de zozobra que se extendi\u00f3 hasta diciembre.<\/p>\n<p>La figurita m\u00e1s conocida, en 2001, el estallido social, la represi\u00f3n y la renuncia de Fernando de la R\u00faa marcaron uno de los momentos m\u00e1s cr\u00edticos de la democracia reciente, con cinco presidentes en menos de dos semanas.<\/p>\n<p>En 2013, los saqueos en distintos puntos del pa\u00eds durante el conflicto con las polic\u00edas provinciales tensionaron el cierre del a\u00f1o.<\/p>\n<p>En 2017, la reforma previsional impulsada por el gobierno de Mauricio Macri deriv\u00f3 en protestas masivas y episodios de violencia frente al Congreso.<\/p>\n<p>Y 2023, cuando el clima electoral y la transici\u00f3n pol\u00edtica se dieron en medio de una crisis econ\u00f3mica profunda, con alta inflaci\u00f3n y tensi\u00f3n social.<\/p>\n<p>Cada diciembre parece condensar las tensiones acumuladas del a\u00f1o, como si el calendario argentino tuviera una cita fija con la incertidumbre, aunque no se trate de un conflicto de gravedad que enfrente a la sociedad con un gobierno. No tenemos que olvidar que eso no es necesario, ya que la divisi\u00f3n de la sociedad argentina en bander\u00edas pol\u00edticas es cada vez m\u00e1s extrema, irracional e inconducente, por lo que ya no es necesario esperar a ning\u00fan mes del a\u00f1o para que la pasemos mal por c\u00f3mo somos.<\/p>\n<p>&nbsp;<\/p>\n<p>&nbsp;<\/p>\n<p><img decoding=\"async\" loading=\"lazy\" class=\"aligncenter size-full wp-image-695207\" src=\"https:\/\/www.diario5.com.ar\/wp-content\/uploads\/2025\/10\/voz_chaco20251031.jpg\" width=\"700\" height=\"816\" srcset=\"https:\/\/www.diario5.com.ar\/wp-content\/uploads\/2025\/10\/voz_chaco20251031.jpg 700w, https:\/\/www.diario5.com.ar\/wp-content\/uploads\/2025\/10\/voz_chaco20251031-257x300.jpg 257w\" sizes=\"(max-width: 700px) 100vw, 700px\" \/><\/p>\n<p><img decoding=\"async\" loading=\"lazy\" class=\"aligncenter size-full wp-image-695213\" src=\"https:\/\/www.diario5.com.ar\/wp-content\/uploads\/2025\/10\/ar_cronista20251031.jpg\" width=\"700\" height=\"995\" srcset=\"https:\/\/www.diario5.com.ar\/wp-content\/uploads\/2025\/10\/ar_cronista20251031.jpg 700w, https:\/\/www.diario5.com.ar\/wp-content\/uploads\/2025\/10\/ar_cronista20251031-211x300.jpg 211w\" sizes=\"(max-width: 700px) 100vw, 700px\" \/><\/p>\n<p><img decoding=\"async\" loading=\"lazy\" class=\"aligncenter size-full wp-image-695208\" src=\"https:\/\/www.diario5.com.ar\/wp-content\/uploads\/2025\/10\/ar_eldia20251031.jpg\" width=\"700\" height=\"1004\" srcset=\"https:\/\/www.diario5.com.ar\/wp-content\/uploads\/2025\/10\/ar_eldia20251031.jpg 700w, https:\/\/www.diario5.com.ar\/wp-content\/uploads\/2025\/10\/ar_eldia20251031-209x300.jpg 209w\" sizes=\"(max-width: 700px) 100vw, 700px\" \/><\/p>\n<p><img decoding=\"async\" loading=\"lazy\" class=\"aligncenter size-full wp-image-695209\" src=\"https:\/\/www.diario5.com.ar\/wp-content\/uploads\/2025\/10\/ar_hoy20251031.jpg\" width=\"700\" height=\"925\" srcset=\"https:\/\/www.diario5.com.ar\/wp-content\/uploads\/2025\/10\/ar_hoy20251031.jpg 700w, https:\/\/www.diario5.com.ar\/wp-content\/uploads\/2025\/10\/ar_hoy20251031-227x300.jpg 227w\" sizes=\"(max-width: 700px) 100vw, 700px\" \/><\/p>\n<p><img decoding=\"async\" loading=\"lazy\" class=\"aligncenter size-full wp-image-695210\" src=\"https:\/\/www.diario5.com.ar\/wp-content\/uploads\/2025\/10\/ar_chubut20251031.jpg\" width=\"700\" height=\"904\" srcset=\"https:\/\/www.diario5.com.ar\/wp-content\/uploads\/2025\/10\/ar_chubut20251031.jpg 700w, https:\/\/www.diario5.com.ar\/wp-content\/uploads\/2025\/10\/ar_chubut20251031-232x300.jpg 232w\" sizes=\"(max-width: 700px) 100vw, 700px\" \/><\/p>\n<p><img decoding=\"async\" loading=\"lazy\" class=\"aligncenter size-full wp-image-695211\" src=\"https:\/\/www.diario5.com.ar\/wp-content\/uploads\/2025\/10\/ar_clarin20251031.jpg\" width=\"700\" height=\"977\" srcset=\"https:\/\/www.diario5.com.ar\/wp-content\/uploads\/2025\/10\/ar_clarin20251031.jpg 700w, https:\/\/www.diario5.com.ar\/wp-content\/uploads\/2025\/10\/ar_clarin20251031-215x300.jpg 215w\" sizes=\"(max-width: 700px) 100vw, 700px\" \/><\/p>\n<p><img decoding=\"async\" loading=\"lazy\" class=\"aligncenter size-full wp-image-695214\" src=\"https:\/\/www.diario5.com.ar\/wp-content\/uploads\/2025\/10\/nacion20251031.jpg\" width=\"700\" height=\"1059\" srcset=\"https:\/\/www.diario5.com.ar\/wp-content\/uploads\/2025\/10\/nacion20251031.jpg 700w, https:\/\/www.diario5.com.ar\/wp-content\/uploads\/2025\/10\/nacion20251031-198x300.jpg 198w, https:\/\/www.diario5.com.ar\/wp-content\/uploads\/2025\/10\/nacion20251031-677x1024.jpg 677w\" sizes=\"(max-width: 700px) 100vw, 700px\" \/><\/p>\n<p>&nbsp;<\/p>","protected":false},"excerpt":{"rendered":"<p>Pasarla mal por c\u00f3mo somos. Ya hay quienes, con ansias de protagonismo hist\u00f3rico, aseguran que la energ\u00eda que adquirir\u00e1 el \u00faltimo bimestre de 2025 tiene pocos precedentes. No es tan as\u00ed. Para bien o para otro efecto, la Argentina vivi\u00f3 muchos cierres de a\u00f1o de alta vibra. Tenemos varios fines de a\u00f1o marcados por turbulencias [&hellip;]<\/p>","protected":false},"author":18,"featured_media":695205,"comment_status":"open","ping_status":"open","sticky":false,"template":"","format":"standard","meta":[],"categories":[75,45,56],"tags":[2872,2023,1177,377,4235,2839,3614,4093,1718,980,2794,2026,4095,735,1246,144,1393,2058,238],"series":[],"_links":{"self":[{"href":"https:\/\/www.diario5.com.ar\/es\/wp-json\/wp\/v2\/posts\/692414"}],"collection":[{"href":"https:\/\/www.diario5.com.ar\/es\/wp-json\/wp\/v2\/posts"}],"about":[{"href":"https:\/\/www.diario5.com.ar\/es\/wp-json\/wp\/v2\/types\/post"}],"author":[{"embeddable":true,"href":"https:\/\/www.diario5.com.ar\/es\/wp-json\/wp\/v2\/users\/18"}],"replies":[{"embeddable":true,"href":"https:\/\/www.diario5.com.ar\/es\/wp-json\/wp\/v2\/comments?post=692414"}],"version-history":[{"count":4,"href":"https:\/\/www.diario5.com.ar\/es\/wp-json\/wp\/v2\/posts\/692414\/revisions"}],"predecessor-version":[{"id":695220,"href":"https:\/\/www.diario5.com.ar\/es\/wp-json\/wp\/v2\/posts\/692414\/revisions\/695220"}],"wp:featuredmedia":[{"embeddable":true,"href":"https:\/\/www.diario5.com.ar\/es\/wp-json\/wp\/v2\/media\/695205"}],"wp:attachment":[{"href":"https:\/\/www.diario5.com.ar\/es\/wp-json\/wp\/v2\/media?parent=692414"}],"wp:term":[{"taxonomy":"category","embeddable":true,"href":"https:\/\/www.diario5.com.ar\/es\/wp-json\/wp\/v2\/categories?post=692414"},{"taxonomy":"post_tag","embeddable":true,"href":"https:\/\/www.diario5.com.ar\/es\/wp-json\/wp\/v2\/tags?post=692414"},{"taxonomy":"series","embeddable":true,"href":"https:\/\/www.diario5.com.ar\/es\/wp-json\/wp\/v2\/series?post=692414"}],"curies":[{"name":"wp","href":"https:\/\/api.w.org\/{rel}","templated":true}]}}