{"id":692397,"date":"2025-10-14T06:00:00","date_gmt":"2025-10-14T09:00:00","guid":{"rendered":"http:\/\/diario5.com.ar\/?p=692397"},"modified":"2025-10-16T14:39:48","modified_gmt":"2025-10-16T17:39:48","slug":"692397","status":"publish","type":"post","link":"https:\/\/www.diario5.com.ar\/es\/692397\/","title":{"rendered":"La sabidur\u00eda del Comit\u00e9"},"content":{"rendered":"<h2 class=\"sub-title-primary\"><\/h2> <p><img decoding=\"async\" loading=\"lazy\" class=\"alignnone size-full wp-image-694999\" src=\"https:\/\/www.diario5.com.ar\/wp-content\/uploads\/2025\/10\/esquivel_machado_d5.jpg\" alt=\"\" width=\"626\" height=\"375\" srcset=\"https:\/\/www.diario5.com.ar\/wp-content\/uploads\/2025\/10\/esquivel_machado_d5.jpg 626w, https:\/\/www.diario5.com.ar\/wp-content\/uploads\/2025\/10\/esquivel_machado_d5-300x180.jpg 300w\" sizes=\"(max-width: 626px) 100vw, 626px\" \/><\/p>\n<p>Hab\u00eda sido impactante. \u00c9ramos j\u00f3venes y no todos lo conoc\u00edamos. Lo celebramos porque su designaci\u00f3n fue una observaci\u00f3n certera y quir\u00fargica dentro de un planeta tan revuelto. Nos satisfizo porque gener\u00f3 un terremoto en el centro de un poder opresor. Lo defendimos porque entendimos que su galard\u00f3n nos abarcaba.<\/p>\n<p>Tales fueron las circunstancias de una Argentina que se enteraba, en una tarde de octubre de 1980, que un compatriota hab\u00eda ganado el Premio Nobel de la Paz. La mayor\u00eda de nosotros escuchaba el nombre de <em>Adolfo P\u00e9rez Esquivel<\/em> por primera vez.<\/p>\n<p>La Fundaci\u00f3n Nobel, como tantas veces, jugaba fort\u00edsimo pol\u00edticamente en el mundo, confirmando una y cien veces que los beneficiarios fueron un argentino y muy especialmente- la Argentina.<\/p>\n<p>Desde cierto y necesario punto de vista, se lo entroniz\u00f3. Y podr\u00eda decirse que fue justo. Lo vimos con dignidad erigirse como la voz silenciada de miles de v\u00edctimas de la represi\u00f3n en nuestro pa\u00eds y sobre quien fuimos generando una de las im\u00e1genes de la resistencia c\u00edvica y no violenta frente al terror de Estado.<\/p>\n<p>Cuarenta y cinco a\u00f1os despu\u00e9s, su figura aparece envuelta en una desgastada paradoja: nunca dej\u00f3 de trabajar por la paz pero, cuando se expresa libremente en cualquier foro o medio, su posicionamiento pol\u00edtico antioccidental contamina cualquier llamado \u00e9tico universal que pueda intentar.<\/p>\n<p>La carta dirigida a Mar\u00eda Corina Machado no sorprende por su tono \u2014P\u00e9rez Esquivel mantiene desde hace d\u00e9cadas un discurso cr\u00edtico hacia Estados Unidos y sus aliados\u2014, sino por el sesgo selectivo con el que aplica la vara. \u00c9l, independientemente de la legitimidad de todos sus logros, cae en una innecesaria discriminaci\u00f3n, al tratarse de lo que se trata, reconocimientos por actuar -en alguna situaci\u00f3n- a favor de la paz.<\/p>\n<p>\u00bfO, acaso, somos nosotros los incapaces de comprender c\u00f3mo alguien que sufri\u00f3 la persecuci\u00f3n y la c\u00e1rcel por denunciar violaciones a los derechos humanos puede, al mismo tiempo, relativizar o poner en duda la legitimidad de una mujer que encarna exactamente esa lucha, en otro contexto y con otro verdugo?<\/p>\n<p>Pues, si es as\u00ed, que alguien d\u00e9 un paso al frente y justifique con claridad convincente esa \u00abcompatibilidad\u00bb.<\/p>\n<p>No es la primera prueba que existe un desgaste cuando la coherencia se presta al mapa ideol\u00f3gico. La defensa de los derechos humanos no puede ser de geometr\u00eda variable: si se condena la represi\u00f3n en dictaduras de derecha, la misma suerte debe correr la que ejercen los reg\u00edmenes autoritarios de izquierda. Lo contrario no ser\u00eda humanismo, sino una suerte de <em>tribalismo pol\u00edtico<\/em>.<\/p>\n<p>Por un lado, no est\u00e1 nada mal que P\u00e9rez Esquivel remarque la peligrosa impaciencia de Machado en apelar a un discurso proclive a eliminar la dictadura de su pa\u00eds con intervenci\u00f3n extranjera. Pero la del argentino no es una carta cualquiera y menos \u00abde paz\u00bb: m\u00e1s bien refleja el criterio incurable de una generaci\u00f3n que confundi\u00f3 la cr\u00edtica al imperialismo con la indulgencia frente a los autoritarismos locales.<\/p>\n<p>Y no ser\u00edamos justos si no incluy\u00e9ramos en este cuadro como su problema de mayor peso, que son muy pocos los ciudadanos que perciben la transformaci\u00f3n moral que deja el tiempo en ciertos protagonistas de la historia. Pues, menos a\u00fan aceptar\u00e1n que cierto referente de su simpat\u00eda pueda pasar de h\u00e9roe de la no violencia a custodio de una narrativa ideol\u00f3gica que ya no conmueve como en el siglo pasado. Porque tampoco es sano obviar la confiabilidad perdida de una parva de movimientos jactanciosamente solidarios, porque su base filos\u00f3fica decepcion\u00f3 a decenas de millones que so\u00f1aban con cambiar el mundo.<\/p>\n<p>\u00bfCu\u00e1l fue aqu\u00ed el pecado mayor de P\u00e9rez Esquivel?<\/p>\n<p>Ofender la sabidur\u00eda de la Fundaci\u00f3n Nobel y no animarse a decirlo, porque se trata de la misma que lo premi\u00f3 a \u00e9l.<\/p>\n<p>En su carta abierta, el PNP argentino, que, oportunamente, <em>recibi\u00f3 felicitaciones desde lo or\u00edgenes ideol\u00f3gicos m\u00e1s diversos<\/em>, opera para bajarle el precio al premio cuando se lo est\u00e1n otorgando a alguien de una frecuencia geopol\u00edtica que alza su voz -como \u00e9l lo hac\u00eda- contra los que gozan de su empat\u00eda.<\/p>\n<p>La carta no se priva de cierta p\u00e1tina de falaz meritolog\u00eda comparativa -y egolatr\u00eda herida- que nunca imaginamos descubrirle al \u00faltimo Nobel de la Paz argentino.<\/p>\n<p><img decoding=\"async\" loading=\"lazy\" class=\"aligncenter size-full wp-image-694985\" src=\"https:\/\/www.diario5.com.ar\/wp-content\/uploads\/2025\/10\/979864-32a-020251014.jpg\" width=\"470\" height=\"313\" srcset=\"https:\/\/www.diario5.com.ar\/wp-content\/uploads\/2025\/10\/979864-32a-020251014.jpg 470w, https:\/\/www.diario5.com.ar\/wp-content\/uploads\/2025\/10\/979864-32a-020251014-300x200.jpg 300w\" sizes=\"(max-width: 470px) 100vw, 470px\" \/><\/p>\n<p>La carta abierta, publicada en P\u00e1gina 12, con el t\u00edtulo \u00abDe Nobel a Nobel\u00bb<\/p>\n<p><span style=\"font-size: small;\">Te env\u00edo el saludo de Paz y Bien que tanto necesita la humanidad<br \/>\ny los pueblos que viven en la pobreza, conflictos, guerras y hambre. Esta carta<br \/>\nabierta es para expresarte y compartir algunas reflexiones.<br \/>\nMe sorprendi\u00f3 tu designaci\u00f3n como Premio Nobel de la Paz que te<br \/>\notorg\u00f3 el Comit\u00e9 Nobel. Me vinieron a la memoria las luchas contra<br \/>\nlas dictaduras en el continente y en mi pa\u00eds, dictaduras militares que<br \/>\nsoportamos desde 1976 hasta 1983. Resistimos las c\u00e1rceles, torturas y el<br \/>\nexilio con miles de desaparecidos, ni\u00f1os secuestrados y desaparecidos y<br \/>\nlos vuelos de la muerte de los cuales soy un sobreviviente.<br \/>\nEn 1980, el Comit\u00e9 Nobel me otorg\u00f3 el Premio Nobel de la Paz; han<br \/>\npasado 45 a\u00f1os y continuamos trabajando al servicio de los m\u00e1s pobres<br \/>\ny junto a los pueblos latinoamericanos. En nombre de todos ellos asum\u00ed<br \/>\nesa alta distinci\u00f3n, no por el Premio en s\u00ed, fue por el compromiso<br \/>\njunto a los pueblos que comparten las luchas y esperanzas para construir un nuevo<br \/>\namanecer. La Paz se construye d\u00eda a d\u00eda y debemos ser coherentes<br \/>\nentre el decir y el hacer.<br \/>\nA mis 94 a\u00f1os, contin\u00fao siendo un aprendiz de la vida y me preocupa<br \/>\ntu postura y tus decisiones sociales y pol\u00edticas. Por lo tanto te env\u00edo<br \/>\nestas reflexiones.<br \/>\nEl gobierno venezolano es una democracia con sus luces y sombras. Hugo Ch\u00e1vez<br \/>\nmarc\u00f3 el camino de libertad y soberan\u00eda del pueblo y luch\u00f3<br \/>\npor la unidad continental, fue un despertar de la Patria Grande. Estados Unidos<br \/>\nlo atac\u00f3 permanentemente: no puede permitir que ning\u00fan pa\u00eds<br \/>\ndel continente salga de su \u00f3rbita y la dependencia colonial; contin\u00faa<br \/>\nsosteniendo que Am\u00e9rica Latina es su \u201cpatrio trasero\u201d. El boqueo<br \/>\na Cuba por los Estados Unidos durante m\u00e1s de 60 a\u00f1os es un ataque<br \/>\na la libertad y derecho de los pueblos. La resistencia del pueblo cubano es un<br \/>\nejemplo de dignidad y fortaleza.<br \/>\nMe sorprende c\u00f3mo te aferras a los Estados Unidos: debes saber que no tiene<br \/>\naliados, ni amigos, s\u00f3lo tiene intereses. Las dictaduras impuestas en Am\u00e9rica<br \/>\nLatina fueron instrumentadas por sus intereses de dominaci\u00f3n y destruyeron<br \/>\nla vida y la organizaci\u00f3n social, cultural y pol\u00edtica de los pueblos<br \/>\nque luchan por su libertad y autodeterminaci\u00f3n. Los pueblos resistimos<br \/>\ny luchamos por el derecho a ser libres y soberanos y no colonia de los Estados<br \/>\nUnidos.<br \/>\nEl gobierno de Nicol\u00e1s Maduro vive bajo amenaza de los Estados Unidos y<br \/>\ndel bloqueo, basta tener presente las fuerzas navales en el Caribe y el peligro<br \/>\nde invasi\u00f3n a tu pa\u00eds. No has dicho una palabra o apoyas la injerencia<br \/>\nde la gran potencia contra Venezuela. El pueblo venezolano est\u00e1 listo para<br \/>\nenfrentar la amenaza.<br \/>\nCorina, te pregunto. \u00bfPor qu\u00e9 llamaste a los Estados Unidos para<br \/>\nque invada Venezuela? Al recibir el anuncio que te otorgaron el Premio Nobel de<br \/>\nla Paz se lo dedicaste a Trump. El agresor a tu pa\u00eds que miente y acusa<br \/>\na Venezuela de ser narcotraficante, mentira semejante a la de George Bush, que<br \/>\nacus\u00f3 a Saddam Hussein de tener \u201carmas de destrucci\u00f3n masiva\u201d.<br \/>\nPretexto para invadir Irak, saquearla y provocar miles de v\u00edctimas, mujeres<br \/>\ny ni\u00f1os. Estuve al final de la guerra en Bagdad en el hospital pedi\u00e1trico<br \/>\ny pude ver la destrucci\u00f3n y muertes por aquellos que se proclaman los defensores<br \/>\nde la libertad. La peor de las violencias es la mentira.<br \/>\nNo olvides Corina que Panam\u00e1 fue invadida por los Estados Unidos, que provoc\u00f3<br \/>\nmuertes y destrucci\u00f3n para capturar un exaliado, el general Noriega. La<br \/>\ninvasi\u00f3n dej\u00f3 1200 muertes en Los Chorrillos. Hoy, Estados Unidos<br \/>\npretende apoderarse nuevamente del Canal de Panam\u00e1. Es una larga lista<br \/>\nde intervenciones y dolor en Am\u00e9rica Latina y el mundo por Estados Unidos.<br \/>\nA\u00fan contin\u00faan abiertas las venas de Am\u00e9rica Latina, como<br \/>\ndec\u00eda Eduardo Galeano.<br \/>\nMe preocupa que no hayas dedicado el Nobel a tu pueblo y s\u00ed al agresor<br \/>\nde Venezuela. Creo Corina que tienes que analizar y saber d\u00f3nde est\u00e1s<br \/>\nparada, si eres una pieza m\u00e1s del coloniaje de Estados Unidos, sometida<br \/>\na sus intereses de dominaci\u00f3n, lo que nunca puede ser para el bien de tu<br \/>\npueblo. Como opositora al gobierno de Maduro, tus posturas y opciones generan<br \/>\nmucha incertidumbre, recurres a lo peor cuando ped\u00eds que Estados Unidos<br \/>\ninvada Venezuela.<br \/>\nLo importante es tener presente que construir la Paz requiere mucha fuerza y coraje<br \/>\nen bien de tu pueblo, que conozco y quiero profundamente. Donde antes hab\u00eda<br \/>\nchabolas en los cerros que sobreviv\u00edan en la pobreza e indigencia hoy hay<br \/>\nviviendas dignas, salud, educaci\u00f3n y cultura. La dignidad del pueblo no<br \/>\nse compra ni se vende.<br \/>\nCorina, como dice el poeta: caminante no hay camino, se hace camino al andar.<br \/>\nAhora tienes la posibilidad de trabajar para tu pueblo y construir la Paz, no<br \/>\nprovocar mayor violencia, un mal no se resuelve con otro mal mayor. Solo tendremos<br \/>\ndos males y nunca la soluci\u00f3n del conflicto.<br \/>\nAbre tu mente y coraz\u00f3n al di\u00e1logo, al encuentro de tu pueblo, vac\u00eda<br \/>\nel c\u00e1ntaro de la violencia y construye la Paz y unidad de tu pueblo para<br \/>\nque entre la luz de la libertad e igualdad. <\/span><\/p>\n<p><!--googleoff: index-->\u00abMe sorprendi\u00f3 tu designaci\u00f3n\u00bb. Le habla a la premiada, cuando la verdadera \u00abacci\u00f3n sorprendente\u00bb la establece el premiador, sobre el que autor de la misiva prefiere no pronunciarse.<\/p>\n<p>\u00bfY qu\u00e9 iba a hacer?<\/p>\n<p>\u00bfLlamarlos para retarlos?<\/p>\n<p>&#8211; Ah, pero c\u00f3mo! \u00bfUstedes premian tambi\u00e9n \u00aba la derecha\u00bb?<\/p>\n<p>De entrada, el remitente arroja formalismos. \u00abTe env\u00edo el saludo de Paz y Bien que tanto necesita(n) la humanidad y los pueblos que viven en la pobreza, conflictos, guerras y hambre\u00bb. Despu\u00e9s, le habla a su tribuna, que sigue celebrando en redes sociales la forma en que le pega a Mar\u00eda Corina.<\/p>\n<p>En el primer libro impreso de la historia se lee algo que podr\u00eda detener tanta soberbia: \u00abA los pobres los tendr\u00e9is siempre con vosotros\u00bb. Su autor, un poco m\u00e1s confiable que cualquier PNP, se refer\u00eda a los pobres de esp\u00edritu, un expandido y superviviente grupo social que incluye -entre otros- a los resentidos.<\/p>\n<p>&nbsp;<\/p>\n<p><!--googleon: index--><a href=\"https:\/\/www.pagina12.com.ar\/865256-de-nobel-a-nobel\" target=\"_blank\" rel=\"noopener\">Fuente<\/a><\/p>\n<p><img decoding=\"async\" loading=\"lazy\" class=\"aligncenter size-full wp-image-694986\" src=\"https:\/\/www.diario5.com.ar\/wp-content\/uploads\/2025\/10\/ar_ancasti20251014.jpg\" width=\"700\" height=\"942\" srcset=\"https:\/\/www.diario5.com.ar\/wp-content\/uploads\/2025\/10\/ar_ancasti20251014.jpg 700w, https:\/\/www.diario5.com.ar\/wp-content\/uploads\/2025\/10\/ar_ancasti20251014-223x300.jpg 223w\" sizes=\"(max-width: 700px) 100vw, 700px\" \/><\/p>\n<p><img decoding=\"async\" loading=\"lazy\" class=\"aligncenter size-full wp-image-694987\" src=\"https:\/\/www.diario5.com.ar\/wp-content\/uploads\/2025\/10\/voz_chaco20251014.jpg\" width=\"700\" height=\"816\" srcset=\"https:\/\/www.diario5.com.ar\/wp-content\/uploads\/2025\/10\/voz_chaco20251014.jpg 700w, https:\/\/www.diario5.com.ar\/wp-content\/uploads\/2025\/10\/voz_chaco20251014-257x300.jpg 257w\" sizes=\"(max-width: 700px) 100vw, 700px\" \/><\/p>\n<p><img decoding=\"async\" loading=\"lazy\" class=\"aligncenter size-full wp-image-694988\" src=\"https:\/\/www.diario5.com.ar\/wp-content\/uploads\/2025\/10\/ar_cronista20251014.jpg\" width=\"700\" height=\"995\" srcset=\"https:\/\/www.diario5.com.ar\/wp-content\/uploads\/2025\/10\/ar_cronista20251014.jpg 700w, https:\/\/www.diario5.com.ar\/wp-content\/uploads\/2025\/10\/ar_cronista20251014-211x300.jpg 211w\" sizes=\"(max-width: 700px) 100vw, 700px\" \/><\/p>\n<p><img decoding=\"async\" loading=\"lazy\" class=\"aligncenter size-full wp-image-694989\" src=\"https:\/\/www.diario5.com.ar\/wp-content\/uploads\/2025\/10\/ar_eldia20251014.jpg\" width=\"700\" height=\"1008\" srcset=\"https:\/\/www.diario5.com.ar\/wp-content\/uploads\/2025\/10\/ar_eldia20251014.jpg 700w, https:\/\/www.diario5.com.ar\/wp-content\/uploads\/2025\/10\/ar_eldia20251014-208x300.jpg 208w\" sizes=\"(max-width: 700px) 100vw, 700px\" \/><\/p>\n<p><img decoding=\"async\" loading=\"lazy\" class=\"aligncenter size-full wp-image-694990\" src=\"https:\/\/www.diario5.com.ar\/wp-content\/uploads\/2025\/10\/ar_chubut20251014.jpg\" width=\"700\" height=\"902\" srcset=\"https:\/\/www.diario5.com.ar\/wp-content\/uploads\/2025\/10\/ar_chubut20251014.jpg 700w, https:\/\/www.diario5.com.ar\/wp-content\/uploads\/2025\/10\/ar_chubut20251014-233x300.jpg 233w\" sizes=\"(max-width: 700px) 100vw, 700px\" \/><\/p>\n<p><img decoding=\"async\" loading=\"lazy\" class=\"aligncenter size-full wp-image-694991\" src=\"https:\/\/www.diario5.com.ar\/wp-content\/uploads\/2025\/10\/ar_clarin20251014.jpg\" width=\"700\" height=\"977\" srcset=\"https:\/\/www.diario5.com.ar\/wp-content\/uploads\/2025\/10\/ar_clarin20251014.jpg 700w, https:\/\/www.diario5.com.ar\/wp-content\/uploads\/2025\/10\/ar_clarin20251014-215x300.jpg 215w\" sizes=\"(max-width: 700px) 100vw, 700px\" \/><\/p>\n<p><img decoding=\"async\" loading=\"lazy\" class=\"aligncenter size-full wp-image-694992\" src=\"https:\/\/www.diario5.com.ar\/wp-content\/uploads\/2025\/10\/nacion20251014.jpg\" width=\"700\" height=\"1059\" srcset=\"https:\/\/www.diario5.com.ar\/wp-content\/uploads\/2025\/10\/nacion20251014.jpg 700w, https:\/\/www.diario5.com.ar\/wp-content\/uploads\/2025\/10\/nacion20251014-198x300.jpg 198w, https:\/\/www.diario5.com.ar\/wp-content\/uploads\/2025\/10\/nacion20251014-677x1024.jpg 677w\" sizes=\"(max-width: 700px) 100vw, 700px\" \/><\/p>\n<p><img decoding=\"async\" loading=\"lazy\" class=\"aligncenter size-full wp-image-694986\" src=\"https:\/\/www.diario5.com.ar\/wp-content\/uploads\/2025\/10\/ar_ancasti20251014.jpg\" width=\"700\" height=\"942\" srcset=\"https:\/\/www.diario5.com.ar\/wp-content\/uploads\/2025\/10\/ar_ancasti20251014.jpg 700w, https:\/\/www.diario5.com.ar\/wp-content\/uploads\/2025\/10\/ar_ancasti20251014-223x300.jpg 223w\" sizes=\"(max-width: 700px) 100vw, 700px\" \/><\/p>\n<p>&nbsp;<\/p>","protected":false},"excerpt":{"rendered":"<p>Hab\u00eda sido impactante. \u00c9ramos j\u00f3venes y no todos lo conoc\u00edamos. Lo celebramos porque su designaci\u00f3n fue una observaci\u00f3n certera y quir\u00fargica dentro de un planeta tan revuelto. Nos satisfizo porque gener\u00f3 un terremoto en el centro de un poder opresor. Lo defendimos porque entendimos que su galard\u00f3n nos abarcaba. Tales fueron las circunstancias de una [&hellip;]<\/p>","protected":false},"author":4,"featured_media":694999,"comment_status":"open","ping_status":"open","sticky":false,"template":"","format":"standard","meta":[],"categories":[75,485,45,56],"tags":[1387,3013,1177,4234,4191,2668,3535,1718,1297,3373,1813,2880,27,672,3802,994,1284,2794,3150,1315,1636,226,2890,1246,3127,3012,567,238,2112],"series":[],"_links":{"self":[{"href":"https:\/\/www.diario5.com.ar\/es\/wp-json\/wp\/v2\/posts\/692397"}],"collection":[{"href":"https:\/\/www.diario5.com.ar\/es\/wp-json\/wp\/v2\/posts"}],"about":[{"href":"https:\/\/www.diario5.com.ar\/es\/wp-json\/wp\/v2\/types\/post"}],"author":[{"embeddable":true,"href":"https:\/\/www.diario5.com.ar\/es\/wp-json\/wp\/v2\/users\/4"}],"replies":[{"embeddable":true,"href":"https:\/\/www.diario5.com.ar\/es\/wp-json\/wp\/v2\/comments?post=692397"}],"version-history":[{"count":15,"href":"https:\/\/www.diario5.com.ar\/es\/wp-json\/wp\/v2\/posts\/692397\/revisions"}],"predecessor-version":[{"id":695032,"href":"https:\/\/www.diario5.com.ar\/es\/wp-json\/wp\/v2\/posts\/692397\/revisions\/695032"}],"wp:featuredmedia":[{"embeddable":true,"href":"https:\/\/www.diario5.com.ar\/es\/wp-json\/wp\/v2\/media\/694999"}],"wp:attachment":[{"href":"https:\/\/www.diario5.com.ar\/es\/wp-json\/wp\/v2\/media?parent=692397"}],"wp:term":[{"taxonomy":"category","embeddable":true,"href":"https:\/\/www.diario5.com.ar\/es\/wp-json\/wp\/v2\/categories?post=692397"},{"taxonomy":"post_tag","embeddable":true,"href":"https:\/\/www.diario5.com.ar\/es\/wp-json\/wp\/v2\/tags?post=692397"},{"taxonomy":"series","embeddable":true,"href":"https:\/\/www.diario5.com.ar\/es\/wp-json\/wp\/v2\/series?post=692397"}],"curies":[{"name":"wp","href":"https:\/\/api.w.org\/{rel}","templated":true}]}}